{"id":19524,"date":"2025-11-17T11:42:17","date_gmt":"2025-11-17T10:42:17","guid":{"rendered":"https:\/\/monde25.info\/index.php\/2025\/11\/17\/quel-desastre-les-peuples-autochtones-vent-debout-contre-la-cop30-des-lobbies\/"},"modified":"2025-11-17T11:42:17","modified_gmt":"2025-11-17T10:42:17","slug":"quel-desastre-les-peuples-autochtones-vent-debout-contre-la-cop30-des-lobbies","status":"publish","type":"post","link":"https:\/\/monde25.info\/index.php\/2025\/11\/17\/quel-desastre-les-peuples-autochtones-vent-debout-contre-la-cop30-des-lobbies\/","title":{"rendered":"\u00ab\u00a0Quel d\u00e9sastre\u00a0!\u00a0\u00bb\u00a0: les peuples autochtones vent debout contre la COP30 des lobbies"},"content":{"rendered":"<p> <br \/>\n<br \/><img loading=\"lazy\" decoding=\"async\" src=\"https:\/\/reporterre.net\/local\/cache-vignettes\/L700xH467\/afp__20251115__846262j__v2__highres__topshotbrazilclimatecop30un_2_-644fc.jpg?1763368398\" class=\"spip_logo\" width=\"700\" height=\"467\" alt=\"\" \/><\/p>\n<p>Alors que les discussions patinent \u00e0 la <span class=\"caps\">COP30<\/span>, des milliers de militants autochtones et de la soci\u00e9t\u00e9 civile ont march\u00e9 dans les rues de Bel\u00e9m, au Br\u00e9sil, pour crier leur d\u00e9sillusion. <br class=\"autobr\" \/><br \/>\nBel\u00e9m (Br\u00e9sil), reportage <br class=\"autobr\" \/><br \/>\n10 heures du matin, et 31\u00a0\u00b0C. Au cas o\u00f9 certains l&rsquo;auraient oubli\u00e9, la chaleur \u00e9tait l\u00e0 pour leur rappeler le motif de leur venue. Le 15\u00a0novembre, entre 50\u00a0000 et 70\u00a0000 manifestants arriv\u00e9s de toute la plan\u00e8te ont d\u00e9fil\u00e9 dans les rues de Bel\u00e9m, au Br\u00e9sil, \u00e0 l&rsquo;appel de la <span class=\"caps\">COP<\/span> des\u00a0(\u2026)<\/p>\n<p>                    <a target=\"_blank\" href=\"https:\/\/reporterre.net\/Quel-desastre-les-peuples-autochtones-vent-debout-contre-la-COP30-des-lobbies?utm_source=RSS&amp;utm_medium=RSS\">Lire la suite<\/a><\/p>\n<p>                    &#8211;<br \/>\n                        <a target=\"_blank\" href=\"https:\/\/reporterre.net\/Reportage\" rel=\"directory\">Reportage<\/a><\/p>\n<p>                    \/<br \/>\n                        <a target=\"_blank\" href=\"https:\/\/reporterre.net\/COP30\" rel=\"tag\"><span class=\"caps\">COP30<\/span><\/a><br \/>\n<br \/><br \/>\n<br \/><a href=\"https:\/\/reporterre.net\/Quel-desastre-les-peuples-autochtones-vent-debout-contre-la-COP30-des-lobbies\" target=\"_blank\"\">Source link <\/a><\/p>\n","protected":false},"excerpt":{"rendered":"<p>Alors que les discussions patinent \u00e0 la COP30, des milliers de militants autochtones et de la soci\u00e9t\u00e9 civile ont march\u00e9 dans les rues de Bel\u00e9m, au Br\u00e9sil, pour crier leur&hellip; <\/p>\n","protected":false},"author":1,"featured_media":0,"comment_status":"open","ping_status":"open","sticky":false,"template":"","format":"standard","meta":{"footnotes":""},"categories":[1],"tags":[],"class_list":["post-19524","post","type-post","status-publish","format-standard","hentry","category-non-classe"],"_links":{"self":[{"href":"https:\/\/monde25.info\/index.php\/wp-json\/wp\/v2\/posts\/19524","targetHints":{"allow":["GET"]}}],"collection":[{"href":"https:\/\/monde25.info\/index.php\/wp-json\/wp\/v2\/posts"}],"about":[{"href":"https:\/\/monde25.info\/index.php\/wp-json\/wp\/v2\/types\/post"}],"author":[{"embeddable":true,"href":"https:\/\/monde25.info\/index.php\/wp-json\/wp\/v2\/users\/1"}],"replies":[{"embeddable":true,"href":"https:\/\/monde25.info\/index.php\/wp-json\/wp\/v2\/comments?post=19524"}],"version-history":[{"count":0,"href":"https:\/\/monde25.info\/index.php\/wp-json\/wp\/v2\/posts\/19524\/revisions"}],"wp:attachment":[{"href":"https:\/\/monde25.info\/index.php\/wp-json\/wp\/v2\/media?parent=19524"}],"wp:term":[{"taxonomy":"category","embeddable":true,"href":"https:\/\/monde25.info\/index.php\/wp-json\/wp\/v2\/categories?post=19524"},{"taxonomy":"post_tag","embeddable":true,"href":"https:\/\/monde25.info\/index.php\/wp-json\/wp\/v2\/tags?post=19524"}],"curies":[{"name":"wp","href":"https:\/\/api.w.org\/{rel}","templated":true}]}}