{"id":1953,"date":"2024-12-11T06:00:05","date_gmt":"2024-12-11T05:00:05","guid":{"rendered":"https:\/\/monde25.info\/index.php\/2024\/12\/11\/cest-quoi-la-republique\/"},"modified":"2024-12-11T06:00:05","modified_gmt":"2024-12-11T05:00:05","slug":"cest-quoi-la-republique","status":"publish","type":"post","link":"https:\/\/monde25.info\/index.php\/2024\/12\/11\/cest-quoi-la-republique\/","title":{"rendered":"C&rsquo;est quoi \u00ab\u00a0La R\u00e9publique\u00a0\u00bb ?"},"content":{"rendered":"<p> <br \/>\n<\/p>\n<div>\n<p>Certes, grotesque bien plus qu&rsquo;\u00e0 son d&rsquo;habitude qu&rsquo;il s&rsquo;est montr\u00e9 \u00e0 cette occasion, c&rsquo;est \u00e0 juste titre que tout le monde s&rsquo;est copieusement moqu\u00e9 du ridicule absolu de cette sc\u00e8ne d\u00e9sormais mythique. A raill\u00e9 ce septuag\u00e9naire, qui alors aspirait d\u00e9j\u00e0 en \u00e9tat de r\u00e9cidive \u00e0 \u00eatre pr\u00e9sident de la R\u00e9publique (1), lorsqu&rsquo;il la hurla, sa tristement c\u00e9l\u00e8bre tirade, tel un poss\u00e9d\u00e9 (\u00ab\u00a0<em>La R\u00e9publique, c&rsquo;est moi\u00a0!<\/em>\u00a0\u00bb), justement au procureur de la R\u00e9publique, c&rsquo;est-\u00e0-dire la personne qui la repr\u00e9sente, la R\u00e9publique. Qui s&rsquo;exprime en son nom.<\/p>\n<p>Toutefois, Jean-Luc M\u00e9lenchon a beau \u00eatre pass\u00e9 l\u00e0, en outre, pour un mytho \u00e9gocentrique au moins \u00e9quivalent \u00e0 Emmanuel Macron dans ce domaine, il n&#8217;emp\u00eache qu&rsquo;il a raison\u00a0: la R\u00e9publique, c&rsquo;est lui\u00a0!<\/p>\n<p>\u00a0Pardi\u00a0! Jean-Luc M\u00e9lenchon n&rsquo;a jamais cach\u00e9 qu&rsquo;il est franc-ma\u00e7on. Bon, ok, il dit qu&rsquo;il ne l&rsquo;est plus. Mais n\u2019est-ce pas du flan\u00a0? C&rsquo;est parce que ne pas en \u00eatre, \u00e7a colle mieux aux salades qu&rsquo;il vend \u00e0 la \u00ab\u00a0cri\u00e9e\u00a0\u00bb (c&rsquo;est le cas de le dire) sur le march\u00e9 politique. En l&rsquo;occurrence sur les stands du parti qu&rsquo;il a cr\u00e9\u00e9, \u00ab\u00a0La France Insoumise\u00a0\u00bb, dont hasard ou fait expr\u00e8s, l&rsquo;acronyme est identique \u00e0 celui d&rsquo;une loge que Jean-Luc M\u00e9lenchon conna\u00eetrait fort bien, si l\u2019on en croit <a target=\"_blank\" href=\"https:\/\/www.lefigaro.fr\/flash-actu\/2012\/01\/17\/97001-20120117FILWWW00585-melenchon-est-bien-franc-macon.php\">le commentaire d\u2019un article du Figaro de 2012<\/a>. (Quelque part, cela revient au narcissisme d\u2019Emmanuel Macron qui nomma son mouvement de ses initiales \u00ab\u00a0En Marche\u00a0\u00bb avant de d\u00e9nommer son parti \u00ab\u00a0La R\u00e9publique En Marche\u00a0\u00bb.\u00a0 Cependant, il oublia de nous dire dans quel sens\u00a0!)<\/p>\n<p>\u00a0Jean-Luc M\u00e9lenchon est un acteur majeur de \u00ab\u00a0La d\u00e9mocratie pour les nuls\u00a0\u00bb.\u00a0La pi\u00e8ce de th\u00e9\u00e2tre politico-m\u00e9diatique que les marionnettes de la R\u00e9publique qui vont \u00e0 la p\u00eache aux voix, nous jouent en permanence. L&rsquo;objectif \u00e9tant de\u00a0nous faire croire b\u00eatement que voter, c&rsquo;est choisir un camp plut\u00f4t qu&rsquo;un autre, alors qu&rsquo;en r\u00e9alit\u00e9, il n&rsquo;y a qu&rsquo;un seul camp\u00a0: la R\u00e9publique. (2)<\/p>\n<p>Car c&rsquo;est quoi, en fait, alors, concr\u00e8tement, la R\u00e9publique\u00a0?<\/p>\n<p>La R\u00e9publique est le <strong>syst\u00e8me politique \u00e9tatique <\/strong>gr\u00e2ce auquel une caste parasite, ill\u00e9gitime et h\u00e9g\u00e9monique, s\u00e9vit de la mani\u00e8re suivante, dans le pays concern\u00e9, \u00e0 l&rsquo;encontre de la population. Une caste mafieuse prot\u00e9g\u00e9e par une \u00a0milice professionnelle qu&rsquo;elle a institutionnalis\u00e9e \u00e0 cet effet. \u00a0La garde r\u00e9publicaine appel\u00e9e dans tous les pays du monde, \u00ab\u00a0les forces de l&rsquo;ordre\u00a0\u00bb \u00e0 savoir l&rsquo;ordre \u00e9tabli. La pyramide du pouvoir que les membres de cette association de malfaiteurs ont construit \u00e0 cette fin despotique. Au sommet de cet \u00e9difice se trouvent les marionnettistes (patrons du CAC 40) des guignols politiques qui donc d\u00e9guisent tout cela en d\u00e9mocratie. Et, au pied de cet \u00e9difice, il y a les policiers et gendarmes membres de cette entit\u00e9 de coercition. Et ils agissent de plus en plus ouvertement comme garde pr\u00e9torienne (la garde rapproch\u00e9e de \u00ab\u00a0Jupiter 1\u1d49\u02b3\u00a0\u00bb) depuis la crise des Gilets Jaunes. Le point culminant (en l&rsquo;\u00e9tat) a \u00e9t\u00e9 atteint pendant les deux ann\u00e9es d&rsquo;occupation \u00ab\u00a0amendes\u00a0\u00bb (3) que la France a connue durant le \u00ab\u00a0coronacircus.\u00a0\u00bb La v\u00e9ritable chasse aux sorci\u00e8res que police, m\u00e9dia et justice ont men\u00e9e contre les opposants \u00e0 la propagande d&rsquo;\u00e9tat, notamment l&rsquo;escroquerie du \u00ab\u00a0<em>Tous vaccin\u00e9s, tous prot\u00e9g\u00e9s<\/em>\u00a0\u00bb et l&rsquo;absence d&rsquo;effets secondaires.<\/p>\n<p>Eh oui\u00a0! C&rsquo;est de cette fa\u00e7on-ci que ces policiers et gendarmes respectent le serment qu&rsquo;ils ont pr\u00eat\u00e9 de \u00ab\u00a0<em>Prot\u00e9ger et Servir<\/em>\u00a0\u00bb.\u00a0\u00c0 savoir, malheureusement pour nous, citoyens de base, non pas \u00ab\u00a0<em>Prot\u00e9ger et Servir<\/em>\u00a0\u00bb le peuple fran\u00e7ais, mais ces individus hautement malfaisants qui l&rsquo;oppriment, l&rsquo;exploitent et le m\u00e9prisent, le peuple fran\u00e7ais. (4)<\/p>\n<p>Ce syst\u00e8me a \u00e9t\u00e9 foment\u00e9 dans la deuxi\u00e8me moiti\u00e9 du XVIII\u1d49\u00a0si\u00e8cle, puis mis en place en France, par la force, en 1789. Cela est intervenu au terme d&rsquo;un g\u00e9nocide franco-fran\u00e7ais qui a dur\u00e9 dix ans. Dix ann\u00e9es ininterrompues de massacres m\u00e9thodiques et d&rsquo;abominations qui ont fait plus de morts (je vous l&rsquo;ai d\u00e9j\u00e0 dit) que les deux guerres mondiales, la Guerre de Cent Ans et les guerres napol\u00e9oniennes r\u00e9unies.<\/p>\n<p>Et, qui \u00e9taient aux commandes \u00e0 l&rsquo;\u00e9poque\u00a0?<\/p>\n<p>Les grands bourgeois aux mains desquels diverses confr\u00e9ries comme la franc-ma\u00e7onnerie se trouvaient.<\/p>\n<p>Elle l&rsquo;est toujours, et donc voil\u00e0 comment \u00ab\u00a0La R\u00e9publique\u00a0\u00bb op\u00e8re.<\/p>\n<p>Prot\u00e9g\u00e9e par cette coercition permanente et qui est sans limites dans la brutalit\u00e9 et la port\u00e9e (arrestations arbitraires, violences gratuites, emprisonnements iniques, assassinats cibl\u00e9s, etc.) qu&rsquo;elle revendique \u00eatre de \u00ab\u00a0la violence l\u00e9gitime\u00a0\u00bb, cette caste parasite accapare tous les pouvoirs, dicte sa politique et s&#8217;empare de toute la richesse que les habitants produisent par leur travail.<\/p>\n<p>Sous couvert de d\u00e9mocratie (\u00e0 savoir en ayant remplac\u00e9 le \u00ab\u00a0<em>Ferme-l\u00e0\u00a0!<\/em>\u00a0\u00bb que les dictateurs officiels ass\u00e8nent au gueux m\u00e9content, par le \u00ab\u00a0<em>Cause toujours !<\/em>\u00a0\u00bb polic\u00e9 de ceux qui se disent d\u00e9mocrates), cette caste parasite exploite les habitants dans absolument tous les domaines, et elle les maltraite sans vergogne et en toute impunit\u00e9.<\/p>\n<p>Comment\u00a0? Gr\u00e2ce aux lois qu&rsquo;elle fait en ce sens par ses marionnettes politiques.<\/p>\n<p>Et, c&rsquo;est toute leur existence durant, que les X millions d&rsquo;individus qui composent le cheptel humain de cette caste autoproclam\u00e9e \u00ab\u00a0les \u00e9lites\u00a0\u00bb, subissent cet esclavage moderne et ces maltraitances.<\/p>\n<p>Si\u00a0! De leur naissance et jusqu&rsquo;\u00e0 leur mort, les habitants subissent tout cela, la plupart sans broncher.<\/p>\n<p>Pourquoi ? Parce qu&rsquo;ils sont victimes de l\u2019ing\u00e9nierie sociale \u00e0 laquelle se livrent sur eux les m\u00e9dias, la propagande \u00e9tatique, l&rsquo;\u00e9ducation nationale, les syndicats et l&rsquo;industrie du spectacle.<\/p>\n<p>Et, victimes qu&rsquo;ils sont \u00e9galement du syst\u00e8me \u00e9conomique impos\u00e9 au peuple par cette caste, tous ces braves gens ont \u00e9t\u00e9 plac\u00e9s (dans leur immense majorit\u00e9) dans la situation d&rsquo;\u00eatre demandeurs \u00e0 se faire traiter de la sorte. Par la peur stupide d&rsquo;avoir une existence pire, et aussi parce qu&rsquo;ils ont \u00e9t\u00e9 format\u00e9s \u00e0 \u00e7a, par leurs croyances insuffl\u00e9es \u00e0 dessein, leur culture, l&rsquo;\u00e9cole de \u00ab\u00a0la R\u00e9publique\u00a0\u00bb et les m\u00e9dias mainstream. Une tare pour ainsi dire \u00ab\u00a0cong\u00e9nitale\u00a0\u00bb, puisque, \u00e9l\u00e9ment plus efficace (et perfide) encore que toute la machinerie \u00e9tatique par laquelle cette ing\u00e9nierie sociale se fait, il y a l&rsquo;autoconditionnement transg\u00e9n\u00e9rationnel \u00e0 se conformer au sacro-saint \u00ab\u00a0politiquement correct\u00a0\u00bb, par crainte du \u00ab\u00a0qu&rsquo;en dira-t-on\u00a0?\u00a0\u00bb La honte qui p\u00e8serait sur toute la famille, si l&rsquo;un de ses membres m\u00e9connaissait l&rsquo;interdiction d&rsquo;\u00eatre le mouton noir. L&rsquo;obligation la\u00efque de prier \u00ab\u00a0le dieu\u00a0\u00bb d\u00e9mocratie et de louer \u00ab\u00a0les valeurs\u00a0\u00bb de la R\u00e9publique.<\/p>\n<p>Si. H\u00e9las oui, il en est ainsi\u00a0: c&rsquo;est de g\u00e9n\u00e9ration en g\u00e9n\u00e9ration que ces braves\u00a0gens se transmettent ce culte de la soumission.<\/p>\n<p>Et, il y a plus grave !<\/p>\n<p>Au lieu de s&rsquo;unir un tant soit peu pour combattre leur ennemi commun, qu&rsquo;est cette caste ill\u00e9gitime cause d&rsquo;absolument tous leurs malheurs, souvent ces braves\u00a0personnes se combattent entre elles \u00e0 longueur de journ\u00e9e pour quelques miettes de pain, finalement, compar\u00e9 \u00e0 ce que la R\u00e9publique leur rackette.<\/p>\n<p>D&rsquo;o\u00f9 la sempiternelle formule que le pr\u00e9sident de la R\u00e9publique, et \u00e0 cet \u00e9gard chef de l\u2019\u00c9tat, emploie \u00e0 chaque fois, \u00e0 la fin des allocutions t\u00e9l\u00e9vis\u00e9es, quand il s&rsquo;adresse aux habitants du pays\u00a0:\u00a0\u00ab\u00a0<em>Vive la R\u00e9publique ! Vive la France\u00a0!<\/em>\u00a0\u00bb<\/p>\n<p>C&rsquo;est pour d\u00e9signer la mainmise pleine et enti\u00e8re que \u00ab\u00a0la R\u00e9publique\u00a0\u00bb a sur le pays, \u00ab\u00a0la France\u00a0\u00bb, raison pour laquelle ce \u00ab\u00a0<em>Vive la R\u00e9publique<\/em>\u00a0\u00bb est plac\u00e9 avant \u00ab\u00a0<em>Vive la France\u00a0!<\/em>\u00a0\u00bb et non pas apr\u00e8s.<\/p>\n<p>S&rsquo;il en \u00e9tait autrement, ce \u00ab\u00a0<em>Vive la R\u00e9publique<\/em>\u00a0\u00bb serait compl\u00e8tement surabondant. Superf\u00e9tatoire.<\/p>\n<p>\u00a0<\/p>\n<p>\u00a0<\/p>\n<p>PS\u00a0: comment les membres de cette caste \u00e9chappent-ils toujours \u00ab\u00a0miraculeusement\u00a0\u00bb \u00e0 la justice\u00a0?<\/p>\n<p>Par stricte application des divers commandements qu\u2019ils s\u2019imposent :<\/p>\n<p>&#8211; Cacher les crimes des autres\u00a0;<\/p>\n<p>&#8211; D\u00e9livrez-nous les uns les autres des difficult\u00e9s, que ce soit bien du bien ou du mal.<\/p>\n<p>&#8211; Favoriser ind\u00fbment la caste dans l&rsquo;action politique et dans les affaires\u00a0;<\/p>\n<p>&#8211; S&rsquo;engager \u00e0 ne pas divulguer les secrets de la caste ;<\/p>\n<p>&#8211; Jurer de venger les briseurs de serment\u00a0;<\/p>\n<p>&#8211; Payer les cotisations de la caste\u00a0;<\/p>\n<p>&#8211; Faire un don aux \u0153uvres caritatives de la caste.<\/p>\n<p>\u00a0<\/p>\n<p>(1) \u00e0 l&rsquo;\u00e9poque, \u00e0 savoir en 2018, Jean-Luc M\u00e9lenchon s&rsquo;\u00e9tait d\u00e9j\u00e0 pr\u00e9sent\u00e9 deux fois \u00e0 l&rsquo;\u00e9lection pr\u00e9sidentielle\u00a0: en 2012 et en 2017. Avec celle de 2022, cela fait trois. Et comme, c&rsquo;est couru d&rsquo;avance, il va encore postuler la prochaine fois, au total, cela fera quatre. Sans doute, oui, esp\u00e8re-t-il nous avoir \u00e0 l&rsquo;usure. Venant de quelqu&rsquo;un qui publiquement la fustige, l&rsquo;usure, c&rsquo;est quand m\u00eame pousser le paradoxe un peu loin. Non\u00a0?<\/p>\n<p>(2) les \u00ab\u00a0amendes\u00a0\u00bb de toutes natures inflig\u00e9es par la police fran\u00e7aise, aux manifestants, dont celle, inique, insultante au possible \u00e0 l&rsquo;endroit de tous ceux qui sont morts pour la patrie, dress\u00e9e pour \u00eatre porteur, sur le territoire fran\u00e7ais, du drapeau tricolore. 135 \u20ac d&rsquo;amende pour cela\u00a0: les nazis eux-m\u00eames n&rsquo;auraient pas os\u00e9 aller aussi loin dans l&rsquo;ignominie. S&rsquo;abaisser \u00e0 \u00e7a.<\/p>\n<p>(3) Coluche\u00a0: \u00ab\u00a0<em>Si voter \u00e7a changeait quelque chose, \u00e7a fait longtemps que \u00e7a serait interdit.<\/em>\u00a0\u00bb<\/p>\n<p>(4) histoire de rire un peu de la situation, \u00e7a fait du bien, j&rsquo;ajoute que les membres de cette caste s\u00e9vissent en \u00ab\u00a0petits groupes\u00a0\u00bb, savamment r\u00e9partis \u00e0 l&rsquo;int\u00e9rieur de l&rsquo;appareil administratif qu&rsquo;on appelle \u00e0 ce titre \u00ab\u00a0l&rsquo;\u00c9tat.\u00a0\u00bb<\/p>\n<\/div>\n<p><script>(function(d, s, id) {  var js, fjs = d.getElementsByTagName(s)[0];  if (d.getElementById(id)) return;  js = d.createElement(s); js.id = id;  js.src = \"\/\/connect.facebook.net\/fr_FR\/sdk.js#xfbml=1&version=v2.3\";  fjs.parentNode.insertBefore(js, fjs);}(document, \"script\", \"facebook-jssdk\"));<\/script><br \/>\n<br \/><br \/>\n<br \/><a href=\"https:\/\/www.francesoir.fr\/opinions-editos\/c-est-quoi-la-republique\" target=\"_blank\"\">Source link <\/a><\/p>\n","protected":false},"excerpt":{"rendered":"<p>Certes, grotesque bien plus qu&rsquo;\u00e0 son d&rsquo;habitude qu&rsquo;il s&rsquo;est montr\u00e9 \u00e0 cette occasion, c&rsquo;est \u00e0 juste titre que tout le monde s&rsquo;est copieusement moqu\u00e9 du ridicule absolu de cette sc\u00e8ne&hellip; <\/p>\n","protected":false},"author":1,"featured_media":0,"comment_status":"open","ping_status":"open","sticky":false,"template":"","format":"standard","meta":{"footnotes":""},"categories":[1],"tags":[],"class_list":["post-1953","post","type-post","status-publish","format-standard","hentry","category-non-classe"],"_links":{"self":[{"href":"https:\/\/monde25.info\/index.php\/wp-json\/wp\/v2\/posts\/1953","targetHints":{"allow":["GET"]}}],"collection":[{"href":"https:\/\/monde25.info\/index.php\/wp-json\/wp\/v2\/posts"}],"about":[{"href":"https:\/\/monde25.info\/index.php\/wp-json\/wp\/v2\/types\/post"}],"author":[{"embeddable":true,"href":"https:\/\/monde25.info\/index.php\/wp-json\/wp\/v2\/users\/1"}],"replies":[{"embeddable":true,"href":"https:\/\/monde25.info\/index.php\/wp-json\/wp\/v2\/comments?post=1953"}],"version-history":[{"count":0,"href":"https:\/\/monde25.info\/index.php\/wp-json\/wp\/v2\/posts\/1953\/revisions"}],"wp:attachment":[{"href":"https:\/\/monde25.info\/index.php\/wp-json\/wp\/v2\/media?parent=1953"}],"wp:term":[{"taxonomy":"category","embeddable":true,"href":"https:\/\/monde25.info\/index.php\/wp-json\/wp\/v2\/categories?post=1953"},{"taxonomy":"post_tag","embeddable":true,"href":"https:\/\/monde25.info\/index.php\/wp-json\/wp\/v2\/tags?post=1953"}],"curies":[{"name":"wp","href":"https:\/\/api.w.org\/{rel}","templated":true}]}}