{"id":19533,"date":"2025-11-17T16:07:43","date_gmt":"2025-11-17T15:07:43","guid":{"rendered":"https:\/\/monde25.info\/index.php\/2025\/11\/17\/francesca-albanese-la-lutte-des-palestiniens-pour-leur-survie\/"},"modified":"2025-11-17T16:07:43","modified_gmt":"2025-11-17T15:07:43","slug":"francesca-albanese-la-lutte-des-palestiniens-pour-leur-survie","status":"publish","type":"post","link":"https:\/\/monde25.info\/index.php\/2025\/11\/17\/francesca-albanese-la-lutte-des-palestiniens-pour-leur-survie\/","title":{"rendered":"Francesca Albanese &#038; la lutte des Palestiniens pour leur survie"},"content":{"rendered":"<p> <br \/>\n<\/p>\n<div id=\"\">\n<p>Les sanctions am\u00e9ricaines contre Francesca Albanese t\u00e9moignent de son courage \u00e0 d\u00e9fendre la cause palestinienne.<\/p>\n<p>Le 9 juillet dernier, l\u2019administration Trump a impos\u00e9 des sanctions \u00e0 Francesca Albanese. Le d\u00e9cret 14203 a inscrit la rapporteure sp\u00e9ciale des Nations unies sur les droits de l\u2019homme dans les territoires palestiniens occup\u00e9s par Isra\u00ebl, \u00e2g\u00e9e de 48 ans, sur la liste des <i>\u201cressortissants faisant l\u2019objet de mesures restrictives\u201d<\/i> et a ainsi interdit aux citoyens et aux entreprises am\u00e9ricains d\u2019entretenir tout lien avec elle. <br class=\"autobr\"\/><br \/>\nLe secr\u00e9taire d\u2019\u00c9tat Marco Rubio a d\u00e9clar\u00e9 que\u00a0:<\/p>\n<p> <i>\u201cLa campagne de guerre politique et \u00e9conomique men\u00e9e par Albanese contre les \u00c9tats-Unis et Isra\u00ebl n\u2019est plus tol\u00e9r\u00e9e. Nous soutiendrons toujours nos alli\u00e9s dans leur droit \u00e0 l\u2019autod\u00e9fense\u201d.<\/i><\/p>\n<p>Le m\u00eame mois, la huiti\u00e8me \u00e9dition du livre d\u2019Albanese, <i>J\u2019accuse<\/i>, publi\u00e9 en 2023, a \u00e9t\u00e9 publi\u00e9e. Disponible uniquement en italien, le livre pr\u00e9sente les accusations d\u2019Albanese sur les crimes de guerre isra\u00e9liens en cours \u00e0 Gaza, qui ont d\u00e9clench\u00e9 l\u2019attaque du Hamas le 7 octobre 2023. Son titre est inspir\u00e9 du c\u00e9l\u00e8bre article publi\u00e9 en 1898 par le romancier fran\u00e7ais \u00c9mile Zola. Ce dernier appelait \u00e0 \u201cla v\u00e9rit\u00e9 avant tout\u201d dans l\u2019affaire du capitaine de l\u2019arm\u00e9e juive Alfred Dreyfus, faussement accus\u00e9 de trahison. Albanese formule la m\u00eame exigence de v\u00e9rit\u00e9 concernant le g\u00e9nocide actuel \u00e0 Gaza.<\/p>\n<p>Titulaire d\u2019un dipl\u00f4me en droit international et en droits humains de l\u2019universit\u00e9 de Pise et de la London School of Oriental and African Studies, berceau du d\u00e9colonialisme, elle a v\u00e9cu en Palestine de 2010 \u00e0 2012. Elle a \u00e9crit de nombreux articles sur la question isra\u00e9lo-palestinienne, notamment dans l\u2019ouvrage <i>Palestinian Refugees in International Law<\/i>, qu\u2019elle a co\u00e9crit avec Lex Takkenberg. Sa nomination au poste de rapporteure sp\u00e9ciale des Nations unies, en mai 2022, l\u2019a quotidiennement confront\u00e9e \u00e0 la d\u00e9t\u00e9rioration de la situation \u00e0 Gaza.<\/p>\n<p><strong>Droit international<\/strong><\/p>\n<p>Dans <i>J\u2019Accuse<\/i>, elle replace la guerre de Gaza dans son contexte historique en remontant \u00e0 la d\u00e9claration Balfour de novembre 1917, lorsque le gouvernement britannique a annonc\u00e9 son soutien \u00e0 la cr\u00e9ation d\u2019un <i>\u201cfoyer national pour le peuple juif\u201d<\/i>. Elle se concentre sur la p\u00e9riode qui s\u2019\u00e9tend de 1948, ann\u00e9e de la fondation d\u2019Isra\u00ebl \u2014 pour les Palestiniens, la Nakba, soit la catastrophe \u2014 \u00e0 nos jours. Un autre point chronologique essentiel porte sur l\u2019occupation des territoires palestiniens par Isra\u00ebl \u00e0 partir de 1967. Le blocus de Gaza par Isra\u00ebl pendant seize ans fait \u00e9galement l\u2019objet d\u2019une analyse approfondie pour mieux saisir l\u2019ampleur de l\u2019agression actuelle.<\/p>\n<p>Le livre s\u2019articule autour de l\u2019interview de Francesca Albanese par le journaliste Christian Elia, et \u00e9voque notamment le terrorisme. Francesca Albanese rappelle qu\u2019il n\u2019existe pas de consensus sur la signification du terme. Plus de 150 d\u00e9finitions y ont en effet \u00e9t\u00e9 consacr\u00e9es. Le terrorisme est g\u00e9n\u00e9ralement consid\u00e9r\u00e9 comme une violence criminelle ou immorale dont le but est politique, mais qui d\u00e9cide de ce qui est moral ou immoral\u00a0? Les victoires militaires et politiques ont toujours conf\u00e9r\u00e9 un avantage aux vainqueurs pour \u00e9tablir la distinction entre terroristes et combattants de la libert\u00e9.<\/p>\n<p>Albanese condamne le Hamas pour avoir massacr\u00e9 des non-combattants innocents et pris des civils en otage. Elle r\u00e9it\u00e8re ces accusations \u00e0 plusieurs reprises dans le livre.<\/p>\n<p>\u00c9vitant le terme <i>\u201cterrorisme\u201d<\/i> en raison de ses connotations politiques, elle \u00e9value les \u00e9v\u00e9nements du 7 octobre \u00e0 la lumi\u00e8re du droit international consacr\u00e9 dans les conventions adopt\u00e9es \u00e0 Gen\u00e8ve et \u00e0 La Haye. Sur cette base, elle condamne le Hamas pour avoir perp\u00e9tr\u00e9 ces actes. Elle r\u00e9it\u00e8re ces accusations \u00e0 plusieurs reprises dans son ouvrage.<\/p>\n<p>En vertu des m\u00eames normes juridiques, les attaques militaires aveugles d\u2019Isra\u00ebl contre la population civile palestinienne sans d\u00e9fense \u00e0 Gaza constituent indubitablement des crimes de guerre. Les crimes du Hamas auraient d\u00fb \u00eatre jug\u00e9s par un tribunal ind\u00e9pendant et non punis par le d\u00e9ploiement de la puissance de feu isra\u00e9lienne contre des civils. De plus, imm\u00e9diatement apr\u00e8s l\u2019attaque du Hamas, Yoav Gallant, alors ministre isra\u00e9lien de la D\u00e9fense, a d\u00e9clar\u00e9 que l\u2019aide humanitaire essentielle serait coup\u00e9e, notamment l\u2019\u00e9lectricit\u00e9, la nourriture, le carburant et l\u2019eau, pour les habitants de Gaza. Isra\u00ebl ferait face \u00e0 des <i>\u201canimaux humains\u201d<\/i>, a d\u00e9clar\u00e9 Gallant, et r\u00e9agirait en cons\u00e9quence.<\/p>\n<p><i>J\u2019Accuse<\/i> t\u00e9moigne de la vision d\u00e9shumanisante des Palestiniens sous la domination isra\u00e9lienne, tant \u00e0 Gaza qu\u2019en Cisjordanie et \u00e0 J\u00e9rusalem-Est. Ils ont subi divers degr\u00e9s de pers\u00e9cutions de la part du gouvernement et des colons isra\u00e9liens radicaux \u00e9tablis dans les colonies. Elle cite le secr\u00e9taire g\u00e9n\u00e9ral de l\u2019ONU, Ant\u00f3nio Guterres, qui affirme que les d\u00e9pr\u00e9dations du Hamas <i>\u201cne sont pas le fruit du hasard\u201d<\/i>. Cinquante-six ans d\u2019occupation impitoyable ont pav\u00e9 la voie au 7 octobre. Guterres a \u00e9galement condamn\u00e9 le Hamas pour ses crimes contre des civils innocents, mais personne n\u2019aurait d\u00fb \u00eatre surpris par l\u2019explosion in\u00e9vitable de col\u00e8re r\u00e9sultant de l\u2019occupation ill\u00e9gale d\u2019Isra\u00ebl et de son syst\u00e8me cauchemardesque de checkpoints militaires.<\/p>\n<p>Les Palestiniens vivent manifestement dans des conditions d\u2019apartheid, les citoyens juifs b\u00e9n\u00e9ficiant de lois et de privil\u00e8ges sp\u00e9ciaux. Deux syst\u00e8mes juridiques diff\u00e9rents sont en vigueur dans les territoires palestiniens\u00a0: la juridiction civile pour les colons et les soldats, et la juridiction militaire pour les Palestiniens. Les Arabes isra\u00e9liens vivant en Isra\u00ebl proprement dit ne jouissent pas non plus des m\u00eames droits que les citoyens juifs du pays. Selon Mme\u00a0Albanese, aucune alternative rationnelle ne saurait se concevoir sans le d\u00e9mant\u00e8lement de l\u2019h\u00e9g\u00e9monie sioniste au profit d\u2019une v\u00e9ritable d\u00e9mocratie, laquelle doit garantir l\u2019\u00e9galit\u00e9 des droits pour tous.<\/p>\n<p>Elle a pris ses fonctions \u00e0 l\u2019ONU l\u2019ann\u00e9e pr\u00e9c\u00e9dant l\u2019attaque du Hamas. Elle a \u00e9t\u00e9 t\u00e9moin d\u2019une <i>\u201cintensification alarmante de la fr\u00e9quence et de la brutalit\u00e9 des attaques militaires isra\u00e9liennes\u201d<\/i>. Elle donne la parole aux deux ministres les plus extr\u00e9mistes du gouvernement de Benjamin Netanyahu, Itamar Ben-Gvir et Bezalel Smotrich, \u00e0 propos de leurs activit\u00e9s ill\u00e9gales li\u00e9es \u00e0 l\u2019expansion des colonies et aux projets d\u2019annexion pure et simple des territoires palestiniens.<\/p>\n<p>Isra\u00ebl d\u00e9finit sa s\u00e9curit\u00e9 en termes justifiant une occupation permanente et une domination raciale sur l\u2019ensemble des terres situ\u00e9es entre le Jourdain et la mer. La supr\u00e9matie juive, toujours implicite dans le projet sioniste pour la Palestine, est d\u00e9sormais pr\u00e9sent\u00e9e sans ambigu\u00eft\u00e9 comme le credo officiel d\u2019Isra\u00ebl.<\/p>\n<p><i>J\u2019Accuse<\/i> rend compte de la d\u00e9shumanisation subie par les Palestiniens sous occupation isra\u00e9lienne, y compris en Cisjordanie et \u00e0 J\u00e9rusalem-Est.<\/p>\n<p>Bien avant les massacres en constante augmentation depuis l\u2019attaque du Hamas, Gaza s\u2019apparentait d\u00e9j\u00e0 au Neuvi\u00e8me Cercle de l\u2019Enfer de l\u2019occupation isra\u00e9lienne. Elle a \u00e9t\u00e9 au c\u0153ur de la premi\u00e8re intifada en 1987. Puis vinrent les invasions militaires successives, ponctuant les souffrances quotidiennes du blocus. Albanese aborde rapidement l\u2019actualit\u00e9 de Gaza, soulignant qu\u2019au lendemain du 7 octobre, le gouvernement isra\u00e9lien a arr\u00eat\u00e9 des milliers de Palestiniens sans proc\u00e9dure r\u00e9guli\u00e8re. Eux aussi doivent \u00eatre consid\u00e9r\u00e9s comme des otages. Le livre s\u2019arr\u00eate l\u00e0.<\/p>\n<p>Dans une postface, la philosophe Roberta De Monticelli poursuit le r\u00e9cit jusqu\u2019aux premi\u00e8res \u00e9tapes de la guerre de Gaza. <i>\u201cGaza n\u2019existe plus\u201d<\/i>, \u00e9crit-elle. <i>\u201cCe n\u2019est plus qu\u2019un amas de mis\u00e8re et de ruines\u201d<\/i>. Le droit international et l\u2019ordre tant vant\u00e9 par l\u2019Occident gisent \u00e9galement sous les d\u00e9combres de Gaza, avec l\u2019incapacit\u00e9 \u00e0 condamner Isra\u00ebl pour ses crimes de guerre. Elle relate les violentes campagnes de diffamation men\u00e9es contre Mme\u00a0Albanese en Italie. L\u00e0-bas, Isra\u00ebl b\u00e9n\u00e9ficie d\u2019un soutien massif de la part du gouvernement et des m\u00e9dias, \u00e0 l\u2019image de la r\u00e9action g\u00e9n\u00e9rale de l\u2019Occident face au massacre de plus de soixante mille Palestiniens, pour la plupart des femmes et des enfants.<\/p>\n<p><strong>Intimidations<\/strong><\/p>\n<p>Depuis <i>J\u2019Accuse<\/i>, Mme\u00a0Albanese n\u2019a cess\u00e9 de publier des rapports pour l\u2019ONU, de donner des conf\u00e9rences, de diffuser des messages sur les r\u00e9seaux sociaux et d\u2019accorder des interviews pour appeler \u00e0 un cessez-le-feu imm\u00e9diat et mettre en garde contre le nettoyage ethnique des Palestiniens \u00e0 Gaza et dans tous les territoires occup\u00e9s. Dans son rapport intitul\u00e9 <i>Anatomy of a Genocide<\/i>, publi\u00e9 le 25 mars 2024, elle a \u00e9t\u00e9 la premi\u00e8re \u00e0 fournir \u00e0 l\u2019ONU une analyse d\u00e9taill\u00e9e de l\u2019intention d\u2019Isra\u00ebl d\u2019exterminer les Palestiniens de Gaza. Dans un rapport publi\u00e9 l\u2019ann\u00e9e suivante, elle affirme que ce g\u00e9nocide se poursuit en partie en raison des profits r\u00e9alis\u00e9s par des entreprises telles que Microsoft, Google et Amazon.<\/p>\n<p>\u00c0 ce stade, l\u2019administration Trump a ouvertement exprim\u00e9 sa col\u00e8re envers Mme\u00a0Albanese en signant le d\u00e9cret 14203. Son hostilit\u00e9 envers elle est all\u00e9 croissant dans les cercles du pouvoir am\u00e9ricain depuis f\u00e9vrier 2023, lorsque dix-huit membres du Congr\u00e8s ont demand\u00e9 son \u00e9viction de son poste \u00e0 l\u2019ONU en raison de son parti pris anti-isra\u00e9lien. En 2024, apr\u00e8s la publication en ligne d\u2019un message de Francesca Albanese comparant Netanyahu \u00e0 Adolf Hitler, l\u2019ambassadrice am\u00e9ricaine \u00e0 l\u2019ONU de l\u2019\u00e9poque, Linda Thomas-Greenfield, nomm\u00e9e par Joe Biden, a exig\u00e9 sa destitution. Linda Thomas-Greenfield a bloqu\u00e9 par veto et \u00e0 plusieurs reprises toute mesure s\u2019opposant \u00e0 Isra\u00ebl au motif de son droit \u00e0 la l\u00e9gitime d\u00e9fense. L\u2019administration Trump a redoubl\u00e9 d\u2019ardeur et de rh\u00e9torique pour soutenir Isra\u00ebl \u00e0 l\u2019ONU, mais l\u2019engagement de Washington en faveur de l\u2019\u00c9tat h\u00e9breu demeurait inchang\u00e9, quel que soit le parti au pouvoir.<\/p>\n<p>Quelques semaines apr\u00e8s les sanctions am\u00e9ricaines dont elle a fait l\u2019objet cet \u00e9t\u00e9, Mme\u00a0Albanese s\u2019est exprim\u00e9e \u00e0 Bari, dans le sud de l\u2019Italie, o\u00f9 le maire de la ville lui a rendu hommage pour avoir d\u00e9nonc\u00e9 le sort tragique des Palestiniens. Selon elle, ces sanctions ne sont pas un simple geste symbolique. Ses avoirs financiers ont \u00e9t\u00e9 gel\u00e9s et elle est d\u00e9sormais interdite de s\u00e9jour aux \u00c9tats-Unis et emp\u00each\u00e9e d\u2019exercer ses fonctions \u00e0 l\u2019ONU. Ces mesures, qui portent gravement atteinte \u00e0 ses activit\u00e9s professionnelles, sont comparables aux pratiques d\u2019intimidation de la mafia.<\/p>\n<p>Mme\u00a0Albanese s\u2019est dite honor\u00e9e et boulevers\u00e9e par cette c\u00e9r\u00e9monie. Elle a ensuite lanc\u00e9 un avertissement \u00e0 la communaut\u00e9 internationale\u00a0:<\/p>\n<p><i>\u201cLa Palestine nous appelle \u00e0 l\u2019aide, elle pr\u00e9figure un avenir sans justice. Et le silence de l\u2019Italie ne doit pas vous tromper. Nous sommes \u00e0 la tra\u00eene, nous sommes v\u00e9ritablement les derniers vestiges de la violence colonialiste et imp\u00e9rialiste qui a caract\u00e9ris\u00e9 le si\u00e8cle dernier. Un r\u00e9veil des consciences s\u2019impose. Ce n\u2019est pas seulement l\u2019Italie, mais la communaut\u00e9 internationale tout enti\u00e8re qui doit sortir du pi\u00e8ge de ses doubles standards moralement destructeurs\u00a0: les uns sont ses partenaires et alli\u00e9s, comme Isra\u00ebl, les autres ses ennemis d\u00e9sign\u00e9s, comme la Russie\u201d.<\/i><\/p>\n<p><strong>Flottille<\/strong><\/p>\n<p>Le 31 ao\u00fbt, la flottille Global Sumud (sumud signifie <i>\u201cpers\u00e9v\u00e9rance\u201d<\/i> en arabe), compos\u00e9e de plus de quarante bateaux, a quitt\u00e9 Barcelone pour apporter une aide humanitaire aux Palestiniens et briser le blocus isra\u00e9lien de Gaza. Mme\u00a0Albanese a r\u00e9solument soutenu cette initiative. \u00c0 chaque occasion, elle a appel\u00e9 les gouvernements europ\u00e9ens \u00e0 prot\u00e9ger la flottille et \u00e0 s\u2019opposer \u00e0 la campagne g\u00e9nocidaire d\u2019Isra\u00ebl \u00e0 Gaza.<\/p>\n<p>Parmi les plus de six cents militants embarqu\u00e9s, des travailleurs humanitaires, des m\u00e9decins, des personnalit\u00e9s politiques et des artistes repr\u00e9sentant quarante-quatre pays. Le gouvernement isra\u00e9lien les a qualifi\u00e9s de sympathisants du Hamas. L\u2019ambassadeur d\u2019Isra\u00ebl en Italie a m\u00eame affirm\u00e9 avoir la preuve que le Hamas aurait dirig\u00e9 la flottille d\u00e8s le d\u00e9part. Aucune preuve n\u2019a \u00e9t\u00e9 fournie.<\/p>\n<p>La flottille <i>Global Sumud<\/i> a \u00e9t\u00e9 attaqu\u00e9e par des drones le 9 septembre dans les eaux tunisiennes. Le navire principal, le <i>Family Boat<\/i>, a \u00e9t\u00e9 touch\u00e9 et un incendie s\u2019est d\u00e9clar\u00e9. Aucun bless\u00e9 n\u2019a \u00e9t\u00e9 d\u00e9plor\u00e9. La militante Greta Thunberg s\u2019est ensuite exprim\u00e9e devant la th\u00e9\u00e2tre municipal de Tunis. Elle a accus\u00e9 Isra\u00ebl d\u2019avoir organis\u00e9 cette attaque pour stopper la mission pacifique et l\u00e9gale de la flottille. Les articles de journaux consacr\u00e9s \u00e0 cet \u00e9v\u00e9nement ont publi\u00e9 une photo d\u2019Albanese embrassant et serrant Thunberg dans ses bras.<\/p>\n<p>\u00c0 2 heures du matin, dans la nuit du 24 septembre, des drones ont de nouveau attaqu\u00e9 la flottille, alors au large des c\u00f4tes de Cr\u00e8te. Quatorze bateaux ont \u00e9t\u00e9 endommag\u00e9s par des grenades assourdissantes et des produits chimiques non identifi\u00e9s. Deux personnes ont \u00e9t\u00e9 l\u00e9g\u00e8rement bless\u00e9es. Albanese a imm\u00e9diatement publi\u00e9 sur X\u00a0:<\/p>\n<p> <i> \u201cAlerte\u00a0! @gbsumudflotilla a \u00e9t\u00e9 attaqu\u00e9e 7 fois en peu de temps\u00a0! Les bateaux ont \u00e9t\u00e9 touch\u00e9s par des grenades assourdissantes, des fus\u00e9es \u00e9clairantes explosives et asperg\u00e9s de produits chimiques suspects. Les radios ont \u00e9t\u00e9 brouill\u00e9es, les appels \u00e0 l\u2019aide bloqu\u00e9s. Alerte internationale imm\u00e9diate, UNE PROTECTION est imp\u00e9rative. Ne touchez pas \u00e0 la flottille\u00a0!\u201d<\/i><\/p>\n<p>Alors que le gouvernement italien soutient Isra\u00ebl, Albanese n\u2019est pas la seule \u00e0 condamner ces actes. Lors de la premi\u00e8re des deux <a target=\"_blank\" href=\"https:\/\/jacobin.com\/2025\/10\/italy-general-strike-palestine-labor\" class=\"spip_out\" rel=\"external\">gr\u00e8ves g\u00e9n\u00e9rales<\/a>, un million de personnes \u00e0 travers l\u2019Italie ont manifest\u00e9 en faveur de la Palestine et de la flottille, exigeant la fin de tout commerce d\u2019armes et des relations commerciales avec Isra\u00ebl. Les autorit\u00e9s ont r\u00e9pondu aux manifestants avec des canons \u00e0 eau. Les manifestations t\u00e9moignaient aussi d\u2019une col\u00e8re plus g\u00e9n\u00e9rale en Italie face aux probl\u00e8mes sociaux nationaux tels que l\u2019absence d\u2019avenir \u00e9conomique pour les jeunes et le foss\u00e9 entre riches et pauvres. La Palestine a toutefois servi de catalyseur.<\/p>\n<p>La Premi\u00e8re ministre Giorgia Meloni, alors \u00e0 New York pour l\u2019Assembl\u00e9e g\u00e9n\u00e9rale des Nations unies sur la guerre d\u2019Isra\u00ebl \u00e0 Gaza, s\u2019en est prise aux organisateurs de la flottille, les qualifiant d\u2019irresponsables et d\u2019alarmistes. La dirigeante italienne de droite, fort appr\u00e9ci\u00e9e par Trump, a critiqu\u00e9 Isra\u00ebl pour ses exc\u00e8s \u00e0 Gaza, mais a retourn\u00e9 sa col\u00e8re contre les militants de la flottille, les appelant \u00e0 mettre fin \u00e0 leur mission.<\/p>\n<p>Le 1er octobre, dans une interview accord\u00e9e \u00e0 <i>NBC News<\/i>, Mme\u00a0Albanese a condamn\u00e9 les \u00c9tats membres de l\u2019ONU appelant la flottille \u00e0 faire demi-tour. Ils doivent au contraire intervenir pour stopper les crimes d\u2019Isra\u00ebl, prot\u00e9ger la flottille et briser eux-m\u00eames le blocus isra\u00e9lien de Gaza. La plupart des d\u00e9l\u00e9gu\u00e9s, en particulier ceux du Sud, ont manifest\u00e9 leur soutien aux Palestiniens en quittant la r\u00e9union de l\u2019Assembl\u00e9e g\u00e9n\u00e9rale des Nations unies la semaine pr\u00e9c\u00e9dente, lors du discours de Netanyahu. De toute \u00e9vidence, Meloni n\u2019a pas eu ce courage moral.<\/p>\n<p>Le m\u00eame jour, lors d\u2019une conf\u00e9rence juridique \u00e0 Milan, Mme\u00a0Albanese a d\u00e9clar\u00e9 que le gouvernement italien viole la constitution du pays, qui exige express\u00e9ment le respect du droit international. En vertu de cette exigence, Meloni se doit de condamner Isra\u00ebl, et non les militants. Nous assistons, a ajout\u00e9 Albanese,<\/p>\n<p> <i>\u201cnon seulement au retour des partis de droite, mais aussi au retour des comportements fascistes, y compris dans la mani\u00e8re dont les forces de l\u2019ordre se comportent avec la population, avec tous ceux qui protestent\u201d.<\/i><\/p>\n<p>Le soir m\u00eame, la marine isra\u00e9lienne a intercept\u00e9 et arraisonn\u00e9 la flottille <i>Global Sumud<\/i> dans les eaux internationales et arr\u00eat\u00e9 les militants. D\u2019autres manifestations ont \u00e9clat\u00e9 en Italie au cri de <i>\u201cS\u2019ils touchent \u00e0 la flottille, ils nous touchent tous. S\u2019ils l\u2019attaquent, on bloque tout\u201d<\/i>. Le site web Arab News a \u00e9voqu\u00e9 une <i>\u201cintifada italienne\u201d<\/i>. D\u2019autres pays europ\u00e9ens ont connu des manifestations pro-palestiniennes similaires, mais rien de comparable \u00e0 ce qui s\u2019est pass\u00e9 en Italie.<\/p>\n<p><strong>Tout bloquer<\/strong><\/p>\n<p>Une deuxi\u00e8me gr\u00e8ve g\u00e9n\u00e9rale a intensifi\u00e9 le chaos en Italie pendant les trois jours suivants. <i>\u201cBlocchiamo tutto<\/i>\u201d [On bloque tout] est devenu le mot d\u2019ordre du jour, paralysant les voies ferr\u00e9es, les installations portuaires et les autoroutes. Les Italiens se sont massivement mobilis\u00e9s, scandant des slogans de solidarit\u00e9 avec le peuple qui souffre \u00e0 Gaza\u00a0: <i>\u201cPalestine libre\u201d, \u201cIsra\u00ebl sioniste, \u00c9tat terroriste\u201d, \u201cNous sommes tous palestiniens\u201d, \u201cArr\u00eatez le g\u00e9nocide\u201d, \u201cLib\u00e9rez les h\u00e9ros de la flottille\u201d<\/i>, d\u00e9non\u00e7ant le gouvernement Meloni dans les rues et sur les places d\u2019Italie.<\/p>\n<p>Les informations faisant \u00e9tat de mauvais traitements inflig\u00e9s par Isra\u00ebl aux d\u00e9tenus de la flottille ont encore attis\u00e9 la col\u00e8re des manifestants en Italie comme ailleurs. Le ministre isra\u00e9lien de l\u2019Int\u00e9rieur d\u2019extr\u00eame droite, Ben-Gvir, a qualifi\u00e9 les militants de <i>\u201cterroristes\u201d<\/i>, affirmant que s\u2019ils pensent <i>\u201c\u00eatre accueillis avec le tapis rouge et les trompettes, ils se trompent\u201d<\/i>. Ils ont \u00e9t\u00e9 incarc\u00e9r\u00e9s dans la prison isra\u00e9lienne de Ketziot, c\u00e9l\u00e8bre pour ses conditions abusives. Ben Gvir a ajout\u00e9 que leur arrestation les inciterait \u00e0 r\u00e9fl\u00e9chir \u00e0 deux fois avant de se lancer \u00e0 nouveau dans une mission aussi irr\u00e9fl\u00e9chie.<\/p>\n<p>Mme\u00a0Albanese fait l\u2019objet constant de controverses. Le 2 octobre, de nouvelles informations ont \u00e9t\u00e9 r\u00e9v\u00e9l\u00e9es au sujet d\u2019un \u00e9v\u00e9nement impliquant Albanese, survenu le dimanche 28 septembre dans la ville de Reggio Emilia, dans le nord du pays. Une fois encore, elle a \u00e9t\u00e9 honor\u00e9e par une haute distinction pour son action en faveur des droits de l\u2019homme. Lors de la c\u00e9r\u00e9monie, le maire l\u2019a f\u00e9licit\u00e9e pour son action remarquable en faveur des droits de l\u2019homme, qualifiant son travail de remarquable, m\u00e9ritant la plus haute reconnaissance. De tels \u00e9v\u00e9nements ne font g\u00e9n\u00e9ralement pas la une des journaux.<\/p>\n<p>Cependant, le maire a \u00e9galement d\u00e9clar\u00e9 que la lib\u00e9ration des otages isra\u00e9liens d\u00e9tenus par le Hamas permettrait de faire avancer la cause de la paix au Moyen-Orient. Alors que le maire \u00e9voquait les otages isra\u00e9liens, Mme\u00a0Albanese a pass\u00e9 une main sur son visage et grimac\u00e9. Elle a r\u00e9torqu\u00e9\u00a0: <i>\u201cNon, Monsieur le maire se trompe, ce qu\u2019il a dit est inexact. Car la paix ne se n\u00e9gocie pas\u201d.<\/i><\/p>\n<p>Le public pro-palestinien a hu\u00e9 et siffl\u00e9 le maire.<\/p>\n<p>Les personnalit\u00e9s politiques et m\u00e9diatiques italiennes ont vivement d\u00e9battu de la r\u00e9action d\u2019Albanese aux propos du maire \u00e0 propos des otages isra\u00e9liens. Ses d\u00e9fenseurs s\u2019accordent \u00e0 dire que la paix doit \u00eatre conclue sans d\u00e9lai, sans aucune condition pr\u00e9alable concernant les otages ou tout autre sujet. Ses d\u00e9tracteurs l\u2019accusent d\u2019\u00eatre aveugl\u00e9e par sa haine d\u2019Isra\u00ebl et rejettent l\u2019appel raisonnable du maire \u00e0 la lib\u00e9ration des otages.<\/p>\n<p>Albanese \u00e9tait \u00e9galement \u00e0 Reggio pour pr\u00e9senter son nouveau livre, intitul\u00e9 <i>Quando il mondo dorme\u00a0: Storie, parole e ferite della Palestina<\/i> [Pendant que le monde dort\u00a0: histoires, mots et souffrances de la Palestine]. Ce r\u00e9cit de la vie quotidienne, bas\u00e9 sur les exp\u00e9riences individuelles incarnant la trag\u00e9die des territoires occup\u00e9s, a \u00e9t\u00e9 publi\u00e9 en mai 2025. Ce livre transpose en termes concrets son analyse juridique des crimes relat\u00e9s dans <i>J\u2019Accuse<\/i>. Il a d\u00e9j\u00e0 \u00e9t\u00e9 r\u00e9\u00e9dit\u00e9 \u00e0 neuf reprises.<\/p>\n<p><strong>Le v\u00e9ritable enjeu<\/strong><\/p>\n<p>Mme\u00a0Albanese a de nouveau fait la une des journaux le 5 octobre, lorsqu\u2019elle a d\u00e9cid\u00e9 de quitter une \u00e9mission de t\u00e9l\u00e9vision italienne, apr\u00e8s une vive altercation en direct sur la question du g\u00e9nocide \u00e0 Gaza. Elle s\u2019est oppos\u00e9e \u00e0 la n\u00e9gation du g\u00e9nocide par certains participants. Deux jours plus tard, \u00e0 l\u2019occasion des deux ans de l\u2019attaque du Hamas, l\u2019annonce de sa participation \u00e0 une r\u00e9union sur la Palestine \u00e0 G\u00eanes a provoqu\u00e9 une vague de condamnations de la part de groupes juifs en col\u00e8re\u00a0: <i>\u201cOrganisez cet \u00e9v\u00e9nement, mais un autre jour\u201d<\/i>, ont-ils protest\u00e9.<\/p>\n<p>Mme\u00a0Albanese a notamment d\u00e9clar\u00e9 le m\u00eame jour que le v\u00e9ritable probl\u00e8me \u00e0 Gaza est <i>\u201cle g\u00e9nocide qui tue les Palestiniens\u201d<\/i>, refusant de minimiser cette question morale centrale de notre \u00e9poque. Elle a \u00e9galement d\u00e9plor\u00e9 la mort des civils isra\u00e9liens tu\u00e9s par le Hamas. Les victimes des deux communaut\u00e9s sont les victimes de dynamiques historiques complexes, engag\u00e9es dans une lutte sans merci depuis 1917.<\/p>\n<p>Pour Mme\u00a0Albanese, le th\u00e8me central de son livre <i>J\u2019accuse<\/i> porte sur le r\u00f4le du contexte historique pour comprendre la crise palestino-isra\u00e9lienne actuelle. O\u00f9 chercher l\u2019origine v\u00e9ritable de cette crise dans une histoire aussi complexe\u00a0? Sa cause premi\u00e8re remonte \u00e0 la d\u00e9claration Balfour de 1917. Dans cette d\u00e9claration, le gouvernement britannique s\u2019engageait \u00e0 cr\u00e9er un foyer national pour le peuple juif,<\/p>\n<p><i>\u201c\u00e9tant clairement entendu que rien ne sera fait qui puisse porter atteinte aux droits civils et religieux des communaut\u00e9s non juives \u00e9tablies en Palestine\u201d.<\/i><\/p>\n<p>Le cessez-le-feu de la guerre \u00e0 Gaza et le plan de paix sign\u00e9 \u00e0 Charm el-Cheikh, en \u00c9gypte, le 13 octobre, ne mentionnent pas l\u2019origine de la crise isra\u00e9lo-palestinienne. Aucun repr\u00e9sentant du Hamas n\u2019a particip\u00e9 au processus de signature. Reste \u00e0 savoir comment un accord de paix dont un des protagonistes est absent pourra tenir. Netanyahu a m\u00eame refus\u00e9 de soutenir le r\u00f4le de Mahmoud Abbas, le dirigeant de l\u2019Autorit\u00e9 nationale palestinienne anti-Hamas, dans la reconstruction de Gaza, et n\u2019a toujours pas accept\u00e9 le principe d\u2019une rencontre avec un interlocuteur palestinien.<\/p>\n<p>La deuxi\u00e8me phase du plan de paix pr\u00e9voit la cr\u00e9ation d\u2019un nouvel organe ex\u00e9cutif pour gouverner la bande de Gaza, des plans de reconstruction et la d\u00e9militarisation du Hamas. Toutefois, d\u2019importants obstacles \u00e0 une paix durable restent \u00e0 surmonter. Alors que le pr\u00e9tendu cessez-le-feu menace de voler en \u00e9clats chaque jour qui passe, Mme\u00a0Albanese continue d\u2019exiger l\u2019\u00e9galit\u00e9 des droits, de la s\u00e9curit\u00e9, de la d\u00e9radicalisation et de la d\u00e9militarisation d\u2019Isra\u00ebl. Tant que les communaut\u00e9s non juives de Palestine n\u2019auront pas obtenu de garanties compl\u00e8tes en mati\u00e8re de droits civils et religieux, rien de fondamental ne changera au Moyen-Orient.<\/p>\n<p><strong>Richard Drake<\/strong><\/p>\n<\/div>\n<p><br \/>\n<br \/><a href=\"https:\/\/www.legrandsoir.info\/francesca-albanese-la-lutte-des-palestiniens-pour-leur-survie.html\" target=\"_blank\"\">Source link <\/a><\/p>\n","protected":false},"excerpt":{"rendered":"<p>Les sanctions am\u00e9ricaines contre Francesca Albanese t\u00e9moignent de son courage \u00e0 d\u00e9fendre la cause palestinienne. Le 9 juillet dernier, l\u2019administration Trump a impos\u00e9 des sanctions \u00e0 Francesca Albanese. Le d\u00e9cret&hellip; <\/p>\n","protected":false},"author":1,"featured_media":19534,"comment_status":"open","ping_status":"open","sticky":false,"template":"","format":"standard","meta":{"footnotes":""},"categories":[1],"tags":[],"class_list":["post-19533","post","type-post","status-publish","format-standard","has-post-thumbnail","hentry","category-non-classe"],"_links":{"self":[{"href":"https:\/\/monde25.info\/index.php\/wp-json\/wp\/v2\/posts\/19533","targetHints":{"allow":["GET"]}}],"collection":[{"href":"https:\/\/monde25.info\/index.php\/wp-json\/wp\/v2\/posts"}],"about":[{"href":"https:\/\/monde25.info\/index.php\/wp-json\/wp\/v2\/types\/post"}],"author":[{"embeddable":true,"href":"https:\/\/monde25.info\/index.php\/wp-json\/wp\/v2\/users\/1"}],"replies":[{"embeddable":true,"href":"https:\/\/monde25.info\/index.php\/wp-json\/wp\/v2\/comments?post=19533"}],"version-history":[{"count":0,"href":"https:\/\/monde25.info\/index.php\/wp-json\/wp\/v2\/posts\/19533\/revisions"}],"wp:featuredmedia":[{"embeddable":true,"href":"https:\/\/monde25.info\/index.php\/wp-json\/wp\/v2\/media\/19534"}],"wp:attachment":[{"href":"https:\/\/monde25.info\/index.php\/wp-json\/wp\/v2\/media?parent=19533"}],"wp:term":[{"taxonomy":"category","embeddable":true,"href":"https:\/\/monde25.info\/index.php\/wp-json\/wp\/v2\/categories?post=19533"},{"taxonomy":"post_tag","embeddable":true,"href":"https:\/\/monde25.info\/index.php\/wp-json\/wp\/v2\/tags?post=19533"}],"curies":[{"name":"wp","href":"https:\/\/api.w.org\/{rel}","templated":true}]}}