{"id":19535,"date":"2025-11-17T16:40:49","date_gmt":"2025-11-17T15:40:49","guid":{"rendered":"https:\/\/monde25.info\/index.php\/2025\/11\/17\/docteure-folamour-a-bruxelles-par-pierre-rimbert-le-monde-diplomatique-novembre-2025\/"},"modified":"2025-11-17T16:40:49","modified_gmt":"2025-11-17T15:40:49","slug":"docteure-folamour-a-bruxelles-par-pierre-rimbert-le-monde-diplomatique-novembre-2025","status":"publish","type":"post","link":"https:\/\/monde25.info\/index.php\/2025\/11\/17\/docteure-folamour-a-bruxelles-par-pierre-rimbert-le-monde-diplomatique-novembre-2025\/","title":{"rendered":"Docteure Folamour \u00e0 Bruxelles, par Pierre Rimbert (Le Monde diplomatique, novembre 2025)"},"content":{"rendered":"<p> <br \/>\n<\/p>\n<div couleurfade=\"efe9e6\" couleurclaire=\"ebe3df\" couleurpale=\"e7c0b0\" couleurmi=\"7d5c4e\" couleurfoncee=\"7b3a1d\" couleursombre=\"1f1713\" couleurfond=\"5f524c\" couleurtexte=\"ffffff\">\n<div class=\"enapercu\">\n<figure class=\"spip_document_35114 spip_documents spip_documents_center xl\" style=\"width:890px;\">\n<div class=\"limage\">\n<p>\t\t\t<img loading=\"lazy\" decoding=\"async\" src=\"https:\/\/www.monde-diplomatique.fr\/\/local\/cache-vignettes\/L890xH728\/28_2584.hr-356db.jpg?1761919816\" width=\"890\" height=\"728\" class=\"spip_logos\" alt=\"JPEG - 82\u00a0kio\"\/><\/p><\/div><figcaption>\n<p>Caroline Walker. \u2013 \u00ab<small class=\"fine\">\u00a0<\/small>The Dance<small class=\"fine\">\u00a0<\/small>\u00bb, 2014<\/p>\n<p>\u00a9 Caroline Walker &#8211; carolinewalker.org &#8211; Photographie\u00a0: Anna Arca\n<\/p>\n<\/figcaption><\/figure>\n<p><span class=\"mot-lettrine\"><span class=\"lettrine\">L<\/span>e<\/span> 1er\u00a0d\u00e9cembre\u00a02024, la nouvelle haute repr\u00e9sentante de l\u2019Union europ\u00e9enne pour les affaires \u00e9trang\u00e8res et la politique de s\u00e9curit\u00e9 entrait en fonction. Trois cents jours plus tard, Mme\u00a0Kaja Kallas affiche un bilan mirobolant.<\/p>\n<p>Rel\u00e9gu\u00e9 dans le d\u00e9cor des n\u00e9gociations sur l\u2019Ukraine, le Vieux Continent doit se contenter de payer \u00e0 l\u2019industrie am\u00e9ricaine les fournitures militaires de M.\u00a0Volodymyr Zelensky. Son influence sur le cours de la guerre \u00e0 Gaza tend vers z\u00e9ro. La diplomate europ\u00e9enne en chef n\u2019a pas d\u00e9ploy\u00e9 le m\u00eame acharnement pour convaincre Berlin et Rome de sanctionner Tel-Aviv que pour inciter les Europ\u00e9ens \u00e0 livrer des armes \u00e0 Kiev\u00a0: dix-neuf trains de sanctions adopt\u00e9s contre la Russie, z\u00e9ro contre Isra\u00ebl. Enfin, Mme\u00a0Kallas a renforc\u00e9 \u00e0 P\u00e9kin, New Delhi ou Washington l\u2019id\u00e9e d\u2019une Europe qui compense son inexistence en d\u00e9bitant des sermons. Sa russophobie rabique, politiquement rentable \u00e0 Tallinn, renvoie une image tellement \u00e9triqu\u00e9e de la politique \u00e9trang\u00e8re europ\u00e9enne que les vingt-sept pays membres ont d\u00fb lui sugg\u00e9rer par courrier au d\u00e9but de 2025 de s\u2019int\u00e9resser un peu \u00e0 l\u2019Afrique. En mars, elle a tent\u00e9 de leur imposer un \u00e9ni\u00e8me plan d\u2019aide \u00e0 l\u2019Ukraine, d\u2019un montant de 20 \u00e0 40\u00a0milliards d\u2019euros \u2014 sans succ\u00e8s. \u00c0 sa d\u00e9charge, la coordination d\u2019une Union aux int\u00e9r\u00eats aussi divergents que ceux de l\u2019Estonie et du Portugal appelle des qualit\u00e9s d\u2019\u00e9quilibre, d\u2019humilit\u00e9 et de patience. Or c\u2019est pr\u00e9cis\u00e9ment son imp\u00e9tuosit\u00e9 et sa passion antirusse qui ont valu \u00e0 Mme\u00a0Kallas une nomination en forme de d\u00e9fi \u00e0 Moscou. <i>\u00ab<small class=\"fine\">\u00a0<\/small>Ses journ\u00e9es commencent et se terminent avec la Russie<small class=\"fine\">\u00a0<\/small>\u00bb,<\/i> a confi\u00e9, sous couvert d\u2019anonymat, un diplomate bruxellois. Un autre ajoute\u00a0: <i>\u00ab<small class=\"fine\">\u00a0<\/small>Nous attendions qu\u2019elle se montre, disons, plus diplomatique<small class=\"fine\">\u00a0<\/small>\u00bb<\/i>.<\/p>\n<p>Recruter une guerri\u00e8re et non une ambassadrice, tel \u00e9tait au d\u00e9part l\u2019objectif du Conseil europ\u00e9en. Gr\u00e2ce \u00e0 Mme\u00a0Kallas, l\u2019Union remet en sc\u00e8ne un grand r\u00e9cit, celui de la guerre froide, dont l\u2019Europe serait non\u00a0(\u2026)<\/p>\n<\/p><\/div>\n<p>Taille de l\u2019article complet\u00a0:\u00a0<span>2\u00a0111<\/span>\u00a0mots.<\/p>\n<div class=\"promo_dispo_article\">\n<h2 class=\"avantbloc\">\n\tCet article est r\u00e9serv\u00e9 aux\u00a0abonn\u00e9s<\/p>\n<\/h2>\n<div class=\"abo_inst\">\n\t<strong>Lyc\u00e9es, biblioth\u00e8ques, administrations, entreprises,<\/strong><br \/>\n\tacc\u00e9dez \u00e0 la base de donn\u00e9es en ligne de tous les articles du <i>Monde diplomatique<\/i> de 1954 \u00e0 nos\u00a0jours.<br \/>\n\t<a target=\"_blank\" id=\"pw-institutions\" class=\"suivi\" href=\"https:\/\/www.monde-diplomatique.fr\/archives\/institutions\">Retrouvez cette\u00a0offre sp\u00e9cifique<\/a>.\n<\/div>\n<\/div><\/div>\n<p><br \/>\n<br \/><a href=\"https:\/\/www.monde-diplomatique.fr\/2025\/11\/RIMBERT\/68882\" target=\"_blank\"\">Source link <\/a><\/p>\n","protected":false},"excerpt":{"rendered":"<p>Caroline Walker. \u2013 \u00ab\u00a0The Dance\u00a0\u00bb, 2014 \u00a9 Caroline Walker &#8211; carolinewalker.org &#8211; Photographie\u00a0: Anna Arca Le 1er\u00a0d\u00e9cembre\u00a02024, la nouvelle haute repr\u00e9sentante de l\u2019Union europ\u00e9enne pour les affaires \u00e9trang\u00e8res et la&hellip; <\/p>\n","protected":false},"author":1,"featured_media":19536,"comment_status":"open","ping_status":"open","sticky":false,"template":"","format":"standard","meta":{"footnotes":""},"categories":[1],"tags":[],"class_list":["post-19535","post","type-post","status-publish","format-standard","has-post-thumbnail","hentry","category-non-classe"],"_links":{"self":[{"href":"https:\/\/monde25.info\/index.php\/wp-json\/wp\/v2\/posts\/19535","targetHints":{"allow":["GET"]}}],"collection":[{"href":"https:\/\/monde25.info\/index.php\/wp-json\/wp\/v2\/posts"}],"about":[{"href":"https:\/\/monde25.info\/index.php\/wp-json\/wp\/v2\/types\/post"}],"author":[{"embeddable":true,"href":"https:\/\/monde25.info\/index.php\/wp-json\/wp\/v2\/users\/1"}],"replies":[{"embeddable":true,"href":"https:\/\/monde25.info\/index.php\/wp-json\/wp\/v2\/comments?post=19535"}],"version-history":[{"count":0,"href":"https:\/\/monde25.info\/index.php\/wp-json\/wp\/v2\/posts\/19535\/revisions"}],"wp:featuredmedia":[{"embeddable":true,"href":"https:\/\/monde25.info\/index.php\/wp-json\/wp\/v2\/media\/19536"}],"wp:attachment":[{"href":"https:\/\/monde25.info\/index.php\/wp-json\/wp\/v2\/media?parent=19535"}],"wp:term":[{"taxonomy":"category","embeddable":true,"href":"https:\/\/monde25.info\/index.php\/wp-json\/wp\/v2\/categories?post=19535"},{"taxonomy":"post_tag","embeddable":true,"href":"https:\/\/monde25.info\/index.php\/wp-json\/wp\/v2\/tags?post=19535"}],"curies":[{"name":"wp","href":"https:\/\/api.w.org\/{rel}","templated":true}]}}