{"id":19537,"date":"2025-11-17T17:13:46","date_gmt":"2025-11-17T16:13:46","guid":{"rendered":"https:\/\/monde25.info\/index.php\/2025\/11\/17\/le-tour-de-france-2026-va-sacrifier-un-joyau-des-alpes\/"},"modified":"2025-11-17T17:13:46","modified_gmt":"2025-11-17T16:13:46","slug":"le-tour-de-france-2026-va-sacrifier-un-joyau-des-alpes","status":"publish","type":"post","link":"https:\/\/monde25.info\/index.php\/2025\/11\/17\/le-tour-de-france-2026-va-sacrifier-un-joyau-des-alpes\/","title":{"rendered":"\u00ab\u00a0Le Tour de France 2026 va sacrifier un joyau des Alpes\u00a0\u00bb"},"content":{"rendered":"<p> <br \/>\n<br \/><img loading=\"lazy\" decoding=\"async\" src=\"https:\/\/reporterre.net\/local\/cache-vignettes\/L700xH467\/afp__20250724__67qp2vj__v1__highres__cyclingtdf2025stage18_1_-6e9bd.jpg?1763392447\" class=\"spip_logo\" width=\"700\" height=\"467\" alt=\"\" \/><\/p>\n<p>L&rsquo;\u00e9tape reine du Tour de France 2026 devrait avoir lieu dans une merveilleuse r\u00e9gion alpine pr\u00e9serv\u00e9e, le col de Sarenne. Au m\u00e9pris de la vie sauvage et des \u00e9cosyst\u00e8mes, d\u00e9nonce l&rsquo;auteur de cette tribune. <br class=\"autobr\" \/> Culminant \u00e0 1\u00a0999 m\u00e8tres d&rsquo;altitude, la route pastorale menant au col de Sarenne est belle et sauvage. C&rsquo;est une route pastorale, destin\u00e9e aux bergers<small class=\"fine d-inline\">\u00a0<\/small>; la vitesse y est limit\u00e9e \u00e0 20\u00a0km\/h et elle est ferm\u00e9e 8\u00a0mois sur\u00a012. Le <span class=\"caps\">GR<\/span>\u00a054 (sentier du parc national des \u00c9crins) longe cette route \u2014\u00a0(\u2026)<\/p>\n<p>                    <a target=\"_blank\" href=\"https:\/\/reporterre.net\/Le-Tour-de-France-2026-va-sacrifier-un-joyau-des-Alpes?utm_source=RSS&amp;utm_medium=RSS\">Lire la suite<\/a><\/p>\n<p>                    &#8211;<br \/>\n                        <a target=\"_blank\" href=\"https:\/\/reporterre.net\/Tribune-15\" rel=\"directory\">Tribune<\/a><\/p>\n<p>                    \/<br \/>\n                        <a target=\"_blank\" href=\"https:\/\/reporterre.net\/Sports\" rel=\"tag\">Sports<\/a><br \/>\n                    ,<br \/>\n                        <a target=\"_blank\" href=\"https:\/\/reporterre.net\/Montagne\" rel=\"tag\">Montagne<\/a><br \/>\n<br \/><br \/>\n<br \/><a href=\"https:\/\/reporterre.net\/Le-Tour-de-France-2026-va-sacrifier-un-joyau-des-Alpes\" target=\"_blank\"\">Source link <\/a><\/p>\n","protected":false},"excerpt":{"rendered":"<p>L&rsquo;\u00e9tape reine du Tour de France 2026 devrait avoir lieu dans une merveilleuse r\u00e9gion alpine pr\u00e9serv\u00e9e, le col de Sarenne. Au m\u00e9pris de la vie sauvage et des \u00e9cosyst\u00e8mes, d\u00e9nonce&hellip; <\/p>\n","protected":false},"author":1,"featured_media":0,"comment_status":"open","ping_status":"open","sticky":false,"template":"","format":"standard","meta":{"footnotes":""},"categories":[1],"tags":[],"class_list":["post-19537","post","type-post","status-publish","format-standard","hentry","category-non-classe"],"_links":{"self":[{"href":"https:\/\/monde25.info\/index.php\/wp-json\/wp\/v2\/posts\/19537","targetHints":{"allow":["GET"]}}],"collection":[{"href":"https:\/\/monde25.info\/index.php\/wp-json\/wp\/v2\/posts"}],"about":[{"href":"https:\/\/monde25.info\/index.php\/wp-json\/wp\/v2\/types\/post"}],"author":[{"embeddable":true,"href":"https:\/\/monde25.info\/index.php\/wp-json\/wp\/v2\/users\/1"}],"replies":[{"embeddable":true,"href":"https:\/\/monde25.info\/index.php\/wp-json\/wp\/v2\/comments?post=19537"}],"version-history":[{"count":0,"href":"https:\/\/monde25.info\/index.php\/wp-json\/wp\/v2\/posts\/19537\/revisions"}],"wp:attachment":[{"href":"https:\/\/monde25.info\/index.php\/wp-json\/wp\/v2\/media?parent=19537"}],"wp:term":[{"taxonomy":"category","embeddable":true,"href":"https:\/\/monde25.info\/index.php\/wp-json\/wp\/v2\/categories?post=19537"},{"taxonomy":"post_tag","embeddable":true,"href":"https:\/\/monde25.info\/index.php\/wp-json\/wp\/v2\/tags?post=19537"}],"curies":[{"name":"wp","href":"https:\/\/api.w.org\/{rel}","templated":true}]}}