{"id":1954,"date":"2024-12-11T06:33:14","date_gmt":"2024-12-11T05:33:14","guid":{"rendered":"https:\/\/monde25.info\/index.php\/2024\/12\/11\/mahamat-idriss-deby-itno-eleve-a-la-dignite-de-marechal-du-tchad\/"},"modified":"2024-12-11T06:33:14","modified_gmt":"2024-12-11T05:33:14","slug":"mahamat-idriss-deby-itno-eleve-a-la-dignite-de-marechal-du-tchad","status":"publish","type":"post","link":"https:\/\/monde25.info\/index.php\/2024\/12\/11\/mahamat-idriss-deby-itno-eleve-a-la-dignite-de-marechal-du-tchad\/","title":{"rendered":"Mahamat Idriss D\u00e9by Itno \u00e9lev\u00e9 \u00e0 la dignit\u00e9 de Mar\u00e9chal du Tchad"},"content":{"rendered":"<p> <br \/>\n<\/p>\n<div>\n<div class=\"article__meta\" itemscope=\"\" itemtype=\"https:\/\/schema.org\/Article\">\n<p>https:\/\/fr.sputniknews.africa\/20241210\/mahamat-idriss-deby-itno-eleve-a-la-dignite-de-marechal-du-tchad-1069651441.html<\/p>\n<p><a target=\"_blank\" itemprop=\"url\" href=\"https:\/\/fr.sputniknews.africa\/20241210\/mahamat-idriss-deby-itno-eleve-a-la-dignite-de-marechal-du-tchad-1069651441.html\" title=\"Mahamat Idriss D\u00e9by Itno \u00e9lev\u00e9 \u00e0 la dignit\u00e9 de Mar\u00e9chal du Tchad\"\/><\/p>\n<p>Mahamat Idriss D\u00e9by Itno \u00e9lev\u00e9 \u00e0 la dignit\u00e9 de Mar\u00e9chal du Tchad<\/p>\n<p>Mahamat Idriss D\u00e9by Itno \u00e9lev\u00e9 \u00e0 la dignit\u00e9 de Mar\u00e9chal du Tchad<\/p>\n<p>Sputnik Afrique<\/p>\n<p>Le gouvernement du Tchad a confirm\u00e9 l&rsquo;\u00e9levation de Mahamat Idriss D\u00e9by Itno \u00e0 la dignit\u00e9 de Mar\u00e9chal du Tchad. 10.12.2024, Sputnik Afrique<\/p>\n<p>2024-12-10T20:56+0100<\/p>\n<p>2024-12-10T20:56+0100<\/p>\n<p>2024-12-10T20:56+0100<\/p>\n<p>tchad<\/p>\n<p>mahamat idriss d\u00e9by itno<\/p>\n<p>mar\u00e9chal<\/p>\n<p>afrique subsaharienne<\/p>\n<p>https:\/\/cdn1.img.sputniknews.africa\/img\/07e8\/0c\/02\/1069510924_0:0:1280:720_1920x0_80_0_0_b1f06da0887bc3b8dbc93042536b692a.jpg<\/p>\n<p>Le Pr\u00e9sident tchadien Mahamat Idriss Deby Itno a \u00e9t\u00e9 \u00e9lev\u00e9 le 10 d\u00e9cembre au rang de Mar\u00e9chal du Tchad par d\u00e9cret, a annonc\u00e9 le secr\u00e9tariat g\u00e9n\u00e9ral du gouvernement du Tchad.La pr\u00e9sidence du Tchad avait pr\u00e9c\u00e9demment annonc\u00e9 que le chef de l&rsquo;\u00c9tat avait accept\u00e9 la r\u00e9solution appropri\u00e9e du Conseil national de Transition adopt\u00e9e le 9 d\u00e9cembre avec 160 votes favorables (91,4%), contre 2 oppositions (1,1%) et 6 abstentions (3,4%).<\/p>\n<p>tchad<\/p>\n<p>afrique subsaharienne<\/p>\n<div itemprop=\"copyrightHolder\" itemscope=\"\" itemtype=\"http:\/\/schema.org\/Organization\">\n<p>Sputnik Afrique<\/p>\n<p><a target=\"_blank\" itemprop=\"url\" href=\"https:\/\/fr.sputniknews.africa\" title=\"Sputnik Afrique\"> <\/a><\/p>\n<p>feedback.fr@sputniknews.com<\/p>\n<p>+74956456601<\/p>\n<p>MIA \u201eRossiya Segodnya\u201c<\/p>\n<p><a target=\"_blank\" itemprop=\"sameAs\" href=\"https:\/\/t.me\/sputnik_afrique\"> <\/a><a target=\"_blank\" itemprop=\"sameAs\" href=\"https:\/\/t.me\/sputnik_africa\"> <\/a><a target=\"_blank\" itemprop=\"sameAs\" href=\"https:\/\/t.me\/sputnik_ethiopia\"> <\/a><a target=\"_blank\" itemprop=\"sameAs\" href=\"https:\/\/x.com\/sputnik_afrique\"> <\/a><a target=\"_blank\" itemprop=\"sameAs\" href=\"https:\/\/x.com\/sputnik_africa\"> <\/a><\/div>\n<p>2024<\/p>\n<div itemprop=\"creator\" itemscope=\"\" itemtype=\"http:\/\/schema.org\/Organization\">\n<p>Sputnik Afrique<\/p>\n<p><a target=\"_blank\" itemprop=\"url\" href=\"https:\/\/fr.sputniknews.africa\" title=\"Sputnik Afrique\"> <\/a><\/p>\n<p>feedback.fr@sputniknews.com<\/p>\n<p>+74956456601<\/p>\n<p>MIA \u201eRossiya Segodnya\u201c<\/p>\n<p><a target=\"_blank\" itemprop=\"sameAs\" href=\"https:\/\/t.me\/sputnik_afrique\"> <\/a><a target=\"_blank\" itemprop=\"sameAs\" href=\"https:\/\/t.me\/sputnik_africa\"> <\/a><a target=\"_blank\" itemprop=\"sameAs\" href=\"https:\/\/t.me\/sputnik_ethiopia\"> <\/a><a target=\"_blank\" itemprop=\"sameAs\" href=\"https:\/\/x.com\/sputnik_afrique\"> <\/a><a target=\"_blank\" itemprop=\"sameAs\" href=\"https:\/\/x.com\/sputnik_africa\"> <\/a><\/div>\n<p>Actus<\/p>\n<p>fr_FR<\/p>\n<div itemprop=\"sourceOrganization\" itemscope=\"\" itemtype=\"http:\/\/schema.org\/Organization\">\n<p>Sputnik Afrique<\/p>\n<p><a target=\"_blank\" itemprop=\"url\" href=\"https:\/\/fr.sputniknews.africa\" title=\"Sputnik Afrique\"> <\/a><\/p>\n<p>feedback.fr@sputniknews.com<\/p>\n<p>+74956456601<\/p>\n<p>MIA \u201eRossiya Segodnya\u201c<\/p>\n<p><a target=\"_blank\" itemprop=\"sameAs\" href=\"https:\/\/t.me\/sputnik_afrique\"> <\/a><a target=\"_blank\" itemprop=\"sameAs\" href=\"https:\/\/t.me\/sputnik_africa\"> <\/a><a target=\"_blank\" itemprop=\"sameAs\" href=\"https:\/\/t.me\/sputnik_ethiopia\"> <\/a><a target=\"_blank\" itemprop=\"sameAs\" href=\"https:\/\/x.com\/sputnik_afrique\"> <\/a><a target=\"_blank\" itemprop=\"sameAs\" href=\"https:\/\/x.com\/sputnik_africa\"> <\/a><\/div>\n<p><a target=\"_blank\" itemprop=\"thumbnailUrl\" href=\"https:\/\/cdn1.img.sputniknews.africa\/img\/07e8\/0c\/02\/1069510924_0:0:1280:720_1920x0_80_0_0_b1f06da0887bc3b8dbc93042536b692a.jpg\"\/><a target=\"_blank\" itemprop=\"thumbnailUrl\" href=\"https:\/\/cdn1.img.sputniknews.africa\/img\/07e8\/0c\/02\/1069510924_222:0:1182:720_1920x0_80_0_0_f632c702d5da5f9ff54d77e4727c0386.jpg\">https:\/\/cdn1.img.sputniknews.africa\/img\/07e8\/0c\/02\/1069510924_222:0:1182:720_1920x0_80_0_0_f632c702d5da5f9ff54d77e4727c0386.jpg<\/a><a target=\"_blank\" itemprop=\"thumbnailUrl\" href=\"https:\/\/cdn1.img.sputniknews.africa\/img\/07e8\/0c\/02\/1069510924_342:0:1062:720_1920x0_80_0_0_f281166321a7959bce81346d183bbbdf.jpg\" title=\"Chad's President Mahamat Idriss Deby Itno adressing the nation on November 2, 2024\"\/><\/p>\n<div itemprop=\"publisher\" itemscope=\"\" itemtype=\"http:\/\/schema.org\/Organization\">\n<p>Sputnik Afrique<\/p>\n<p><a target=\"_blank\" itemprop=\"url\" href=\"https:\/\/fr.sputniknews.africa\" title=\"Sputnik Afrique\"> <\/a><\/p>\n<p>feedback.fr@sputniknews.com<\/p>\n<p>+74956456601<\/p>\n<p>MIA \u201eRossiya Segodnya\u201c<\/p>\n<p><a target=\"_blank\" itemprop=\"sameAs\" href=\"https:\/\/t.me\/sputnik_afrique\"> <\/a><a target=\"_blank\" itemprop=\"sameAs\" href=\"https:\/\/t.me\/sputnik_africa\"> <\/a><a target=\"_blank\" itemprop=\"sameAs\" href=\"https:\/\/t.me\/sputnik_ethiopia\"> <\/a><a target=\"_blank\" itemprop=\"sameAs\" href=\"https:\/\/x.com\/sputnik_afrique\"> <\/a><a target=\"_blank\" itemprop=\"sameAs\" href=\"https:\/\/x.com\/sputnik_africa\"> <\/a><\/div>\n<p>tchad, mahamat idriss d\u00e9by itno, mar\u00e9chal, afrique subsaharienne<\/p>\n<div itemprop=\"about\" itemscope=\"\" itemtype=\"https:\/\/schema.org\/Thing\">\n<p>tchad, mahamat idriss d\u00e9by itno, mar\u00e9chal, afrique subsaharienne<\/p>\n<\/div>\n<\/div>\n<div class=\"article__header\">\n<p>Le gouvernement du Tchad a confirm\u00e9 l&rsquo;\u00e9levation de Mahamat Idriss D\u00e9by Itno \u00e0 la dignit\u00e9 de Mar\u00e9chal du Tchad.<\/p>\n<\/div>\n<div class=\"article__body\">\n<div class=\"article__block\" data-type=\"text\">\n<p>Le Pr\u00e9sident tchadien Mahamat Idriss Deby Itno a \u00e9t\u00e9 \u00e9lev\u00e9 le 10 d\u00e9cembre au rang de Mar\u00e9chal du Tchad par d\u00e9cret, a annonc\u00e9 le secr\u00e9tariat g\u00e9n\u00e9ral du gouvernement du Tchad.<\/p>\n<\/div>\n<div class=\"article__block\" data-type=\"quote\">\n<div class=\"article__quote\">\n<p>\u00ab\u00a0Par d\u00e9cret No 1822\/PR\/2024 du 10 d\u00e9cembre 2024, le G\u00e9n\u00e9ral d&rsquo;Arm\u00e9e Mahamat Idriss D\u00e9by Itno est \u00e9lev\u00e9 \u00e0 la dignit\u00e9 de Mar\u00e9chal et prend l\u2019appellation de Mar\u00e9chal du Tchad\u00a0\u00bb, a annonc\u00e9 le secr\u00e9tariat g\u00e9n\u00e9ral du gouvernement tchadien sur les r\u00e9seaux sociaux.<\/p>\n<\/div>\n<\/div>\n<div class=\"article__block\" data-type=\"text\">\n<p>La pr\u00e9sidence du Tchad avait pr\u00e9c\u00e9demment annonc\u00e9 que le chef de l&rsquo;\u00c9tat avait accept\u00e9 la r\u00e9solution appropri\u00e9e du Conseil national de Transition adopt\u00e9e le 9 d\u00e9cembre avec 160 votes favorables (91,4%), contre 2 oppositions (1,1%) et 6 abstentions (3,4%).<\/p>\n<\/div>\n<div class=\"article__block\" data-type=\"quote\">\n<div class=\"article__quote\">\n<p>\u00ab\u00a0Apr\u00e8s m\u00fbre r\u00e9flexion et en consid\u00e9ration de la position des uns et des autres, j&rsquo;ai pris la d\u00e9cision d&rsquo;accepter cette \u00e9l\u00e9vation\u00a0\u00bb, avait d\u00e9clar\u00e9 le Pr\u00e9sident de la R\u00e9publique.<\/p>\n<\/div>\n<\/div>\n<\/div>\n<\/div>\n<p><script async=\"async\" type=\"text\/plain\" class=\"_iub_cs_activate\" data-iub-purposes=\"3\" data-suppressedsrc=\"https:\/\/connect.facebook.net\/en_US\/sdk.js#xfbml=1&amp;version=v3.2\"><\/script><br \/>\n<br \/><br \/>\n<br \/><a href=\"https:\/\/fr.sputniknews.africa\/20241210\/mahamat-idriss-deby-itno-eleve-a-la-dignite-de-marechal-du-tchad-1069651441.html\" target=\"_blank\"\">Source link <\/a><\/p>\n","protected":false},"excerpt":{"rendered":"<p>https:\/\/fr.sputniknews.africa\/20241210\/mahamat-idriss-deby-itno-eleve-a-la-dignite-de-marechal-du-tchad-1069651441.html Mahamat Idriss D\u00e9by Itno \u00e9lev\u00e9 \u00e0 la dignit\u00e9 de Mar\u00e9chal du Tchad Mahamat Idriss D\u00e9by Itno \u00e9lev\u00e9 \u00e0 la dignit\u00e9 de Mar\u00e9chal du Tchad Sputnik Afrique Le gouvernement du&hellip; <\/p>\n","protected":false},"author":1,"featured_media":1955,"comment_status":"open","ping_status":"open","sticky":false,"template":"","format":"standard","meta":{"footnotes":""},"categories":[1],"tags":[],"class_list":["post-1954","post","type-post","status-publish","format-standard","has-post-thumbnail","hentry","category-non-classe"],"_links":{"self":[{"href":"https:\/\/monde25.info\/index.php\/wp-json\/wp\/v2\/posts\/1954","targetHints":{"allow":["GET"]}}],"collection":[{"href":"https:\/\/monde25.info\/index.php\/wp-json\/wp\/v2\/posts"}],"about":[{"href":"https:\/\/monde25.info\/index.php\/wp-json\/wp\/v2\/types\/post"}],"author":[{"embeddable":true,"href":"https:\/\/monde25.info\/index.php\/wp-json\/wp\/v2\/users\/1"}],"replies":[{"embeddable":true,"href":"https:\/\/monde25.info\/index.php\/wp-json\/wp\/v2\/comments?post=1954"}],"version-history":[{"count":0,"href":"https:\/\/monde25.info\/index.php\/wp-json\/wp\/v2\/posts\/1954\/revisions"}],"wp:featuredmedia":[{"embeddable":true,"href":"https:\/\/monde25.info\/index.php\/wp-json\/wp\/v2\/media\/1955"}],"wp:attachment":[{"href":"https:\/\/monde25.info\/index.php\/wp-json\/wp\/v2\/media?parent=1954"}],"wp:term":[{"taxonomy":"category","embeddable":true,"href":"https:\/\/monde25.info\/index.php\/wp-json\/wp\/v2\/categories?post=1954"},{"taxonomy":"post_tag","embeddable":true,"href":"https:\/\/monde25.info\/index.php\/wp-json\/wp\/v2\/tags?post=1954"}],"curies":[{"name":"wp","href":"https:\/\/api.w.org\/{rel}","templated":true}]}}