{"id":19548,"date":"2025-11-17T22:44:38","date_gmt":"2025-11-17T21:44:38","guid":{"rendered":"https:\/\/monde25.info\/index.php\/2025\/11\/17\/des-activistes-bloquent-une-usine-basf-et-decouvrent-une-substance-interdite-en-europe\/"},"modified":"2025-11-17T22:44:38","modified_gmt":"2025-11-17T21:44:38","slug":"des-activistes-bloquent-une-usine-basf-et-decouvrent-une-substance-interdite-en-europe","status":"publish","type":"post","link":"https:\/\/monde25.info\/index.php\/2025\/11\/17\/des-activistes-bloquent-une-usine-basf-et-decouvrent-une-substance-interdite-en-europe\/","title":{"rendered":"Des activistes bloquent une usine BASF\u2026 et d\u00e9couvrent une substance interdite en Europe"},"content":{"rendered":"<p> <br \/>\n<br \/><img loading=\"lazy\" decoding=\"async\" src=\"https:\/\/reporterre.net\/local\/cache-vignettes\/L700xH467\/blocage_basf_normandie-14-3be84.jpg?1763404460\" class=\"spip_logo\" width=\"700\" height=\"467\" alt=\"\" \/><\/p>\n<p>Des centaines de militants ont bloqu\u00e9 l&rsquo;usine normande du g\u00e9ant agrochimique <span class=\"caps\">BASF<\/span> pour d\u00e9noncer la production d&rsquo;un pesticide interdit en Europe et export\u00e9 vers le Sud global. Ils d\u00e9noncent un \u00ab<small class=\"fine d-inline\">\u00a0<\/small>colonialisme chimique<small class=\"fine d-inline\">\u00a0<\/small>\u00bb. <br class=\"autobr\" \/><br \/>\nSaint-Aubin-l\u00e8s-Elbeuf (Normandie), reportage <br class=\"autobr\" \/><br \/>\n\u00ab<small class=\"fine d-inline\">\u00a0<\/small>Ils ne voulaient pas qu&rsquo;on voit, mais on a vu<small class=\"fine d-inline\">\u00a0<\/small>!<small class=\"fine d-inline\">\u00a0<\/small>\u00bb se r\u00e9jouit Marie, une Bretonne de 78\u00a0ans, habill\u00e9e de son t-shirt flanqu\u00e9 du logo des Faucheurs volontaires. Avec une vingtaine d&rsquo;autres militants du mouvement, elle vient de\u00a0(\u2026)<\/p>\n<p>                    <a target=\"_blank\" href=\"https:\/\/reporterre.net\/Des-activistes-bloquent-une-usine-BASF-et-decouvrent-une-substance-interdite-en-Europe?utm_source=RSS&amp;utm_medium=RSS\">Lire la suite<\/a><\/p>\n<p>                    &#8211;<br \/>\n                        <a target=\"_blank\" href=\"https:\/\/reporterre.net\/Reportage\" rel=\"directory\">Reportage<\/a><\/p>\n<p>                    \/<br \/>\n                        <a target=\"_blank\" href=\"https:\/\/reporterre.net\/Photographies\" rel=\"tag\">Photographies<\/a><br \/>\n                    ,<br \/>\n                        <a target=\"_blank\" href=\"https:\/\/reporterre.net\/Pesticides\" rel=\"tag\">Pesticides<\/a><br \/>\n                    ,<br \/>\n                        <a target=\"_blank\" href=\"https:\/\/reporterre.net\/Agriculture\" rel=\"tag\">Agriculture<\/a><br \/>\n                    ,<br \/>\n                        <a target=\"_blank\" href=\"https:\/\/reporterre.net\/Luttes\" rel=\"tag\">Luttes<\/a><br \/>\n<br \/><br \/>\n<br \/><a href=\"https:\/\/reporterre.net\/Des-activistes-bloquent-une-usine-BASF-et-decouvrent-une-substance-interdite-en-Europe\" target=\"_blank\"\">Source link <\/a><\/p>\n","protected":false},"excerpt":{"rendered":"<p>Des centaines de militants ont bloqu\u00e9 l&rsquo;usine normande du g\u00e9ant agrochimique BASF pour d\u00e9noncer la production d&rsquo;un pesticide interdit en Europe et export\u00e9 vers le Sud global. Ils d\u00e9noncent un&hellip; <\/p>\n","protected":false},"author":1,"featured_media":0,"comment_status":"open","ping_status":"open","sticky":false,"template":"","format":"standard","meta":{"footnotes":""},"categories":[1],"tags":[],"class_list":["post-19548","post","type-post","status-publish","format-standard","hentry","category-non-classe"],"_links":{"self":[{"href":"https:\/\/monde25.info\/index.php\/wp-json\/wp\/v2\/posts\/19548","targetHints":{"allow":["GET"]}}],"collection":[{"href":"https:\/\/monde25.info\/index.php\/wp-json\/wp\/v2\/posts"}],"about":[{"href":"https:\/\/monde25.info\/index.php\/wp-json\/wp\/v2\/types\/post"}],"author":[{"embeddable":true,"href":"https:\/\/monde25.info\/index.php\/wp-json\/wp\/v2\/users\/1"}],"replies":[{"embeddable":true,"href":"https:\/\/monde25.info\/index.php\/wp-json\/wp\/v2\/comments?post=19548"}],"version-history":[{"count":0,"href":"https:\/\/monde25.info\/index.php\/wp-json\/wp\/v2\/posts\/19548\/revisions"}],"wp:attachment":[{"href":"https:\/\/monde25.info\/index.php\/wp-json\/wp\/v2\/media?parent=19548"}],"wp:term":[{"taxonomy":"category","embeddable":true,"href":"https:\/\/monde25.info\/index.php\/wp-json\/wp\/v2\/categories?post=19548"},{"taxonomy":"post_tag","embeddable":true,"href":"https:\/\/monde25.info\/index.php\/wp-json\/wp\/v2\/tags?post=19548"}],"curies":[{"name":"wp","href":"https:\/\/api.w.org\/{rel}","templated":true}]}}