{"id":19549,"date":"2025-11-17T23:17:58","date_gmt":"2025-11-17T22:17:58","guid":{"rendered":"https:\/\/monde25.info\/index.php\/2025\/11\/17\/le-cadeau-empoisonne-de-gabriel-attal\/"},"modified":"2025-11-17T23:17:58","modified_gmt":"2025-11-17T22:17:58","slug":"le-cadeau-empoisonne-de-gabriel-attal","status":"publish","type":"post","link":"https:\/\/monde25.info\/index.php\/2025\/11\/17\/le-cadeau-empoisonne-de-gabriel-attal\/","title":{"rendered":"le cadeau empoisonn\u00e9 de Gabriel Attal"},"content":{"rendered":"<p> <br \/>\n<\/p>\n<div>\n<h4><strong>Critiqu\u00e9 depuis sa mise en place par la grande bourgeoisie, notre syst\u00e8me de retraite par r\u00e9partition, o\u00f9 chacun cotise en fonction de ses moyens et touche selon ses besoins, est \u00e0 nouveau dans le viseur du camp Macroniste. L\u2019ancien premier ministre Gabriel Attal projette ainsi de supprimer l\u2019\u00e2ge de d\u00e9part \u00e0 la retraite pour bifurquer vers un proc\u00e9d\u00e9 par capitalisation.<\/strong><\/h4>\n<p><em>\u00ab\u00a0C\u2019est de l\u2019enfer des pauvres qu\u2019est fait le paradis des riches\u00a0\u00bb<\/em>, <a target=\"_blank\" href=\"https:\/\/www.radiofrance.fr\/franceculture\/victor-hugo-c-est-de-l-enfer-des-pauvres-qu-est-fait-le-paradis-des-riches-4463069\" target=\"_blank\" rel=\"noopener\">\u00e9crivait Victor Hugo<\/a> en 1869. Plus de 150 ans plus tard, cette citation demeure plus que jamais d\u2019actualit\u00e9, tant <strong>les lib\u00e9raux semblent d\u00e9cid\u00e9s \u00e0 abolir notre appareil social.<\/strong> Le fonctionnement par r\u00e9partition est donc plus que jamais en ligne de mire.<\/p>\n<h2><strong>Le pied de la capitalisation dans la porte<\/strong><\/h2>\n<p><strong>Les \u00e9l\u00e9ments de langage lib\u00e9raux, repris en ch\u0153ur <a target=\"_blank\" href=\"https:\/\/www.bfmtv.com\/economie\/economie-social\/l-etat-verse-1-000-euros-sur-un-fonds-pour-chaque-enfant-pour-financer-sa-retraite-par-capitalisation-2-amendements-choc-dont-un-de-gabriel-attal-arrivent-a-l-assemblee_AV-202511100676.html\" target=\"_blank\" rel=\"noopener\">sur les plateaux de t\u00e9l\u00e9vision<\/a>, ne manquaient pas pour faire avaler la pilule aux Fran\u00e7ais.<\/strong> Notre syst\u00e8me de retraite serait \u00ab\u00a0trop compliqu\u00e9\u00a0\u00bb, \u00ab\u00a0personne n\u2019y comprendrait rien\u00a0\u00bb, et \u00e9videmment, il ne serait \u00ab\u00a0pas soutenable\u00a0\u00bb. Il serait donc grand temps \u00ab\u00a0d\u2019introduire une dose de capitalisation\u00a0\u00bb.<\/p>\n<p><iframe loading=\"lazy\" title=\"BERNARD FRIOT SUR LA BATAILLE ENTRE R\u00c9PARTITION ET CAPITALISATION [EXTRAIT]\" width=\"1110\" height=\"833\" src=\"https:\/\/www.youtube.com\/embed\/-94Bt9pIAK8?feature=oembed\" frameborder=\"0\" allow=\"accelerometer; autoplay; clipboard-write; encrypted-media; gyroscope; picture-in-picture; web-share\" referrerpolicy=\"strict-origin-when-cross-origin\" allowfullscreen><\/iframe><\/p>\n<p>Dans les faits, comme pour l\u2019assurance sant\u00e9,<strong> il s\u2019agit d\u2019un d\u00e9mant\u00e8lement progressif qui d\u2019ann\u00e9e en ann\u00e9e grignote le syst\u00e8me de retraites actuel.<\/strong> <strong>La capitalisation mettra ainsi fin au dispositif collectif au profit d\u2019un fonctionnement individuel o\u00f9 les plus fragiles d\u2019entre nous finiront sur le carreau,<\/strong> ainsi que Mr Mondialisation l\u2019expliquait <a target=\"_blank\" href=\"https:\/\/mrmondialisation.org\/retraite-capitalisation-mauvaise-idee\/\" target=\"_blank\" rel=\"noopener\">dans un pr\u00e9c\u00e9dent article<\/a>.<\/p>\n<h2><strong>Des fonds de pension d\u00e8s la naissance<\/strong><\/h2>\n<p>Mais <a target=\"_blank\" href=\"https:\/\/www.leparisien.fr\/politique\/retraites-par-capitalisation-une-prime-de-1-000-euros-des-la-naissance-10-11-2025-GESIUQLVGNDJBHKPSZCHUZ4SLA.php\" target=\"_blank\" rel=\"noopener\">avec son amendement<\/a>, qui reprend une proposition d\u00e9j\u00e0 pr\u00e9sent\u00e9e l\u2019\u00e9t\u00e9 dernier, <strong>Gabriel Attal entend cr\u00e9er un compte \u00e0 chaque b\u00e9b\u00e9 fran\u00e7ais,<\/strong> et ce, d\u00e8s la naissance. Chacun se verrait alors cr\u00e9dit\u00e9 d\u2019un \u00ab cadeau \u00bb de l\u2019\u00c9tat (en r\u00e9alit\u00e9, pay\u00e9 par les classes populaires) \u00e0 hauteur de 1 000 \u20ac, ce qui \u00ab relancerait la natalit\u00e9 \u00bb selon <a target=\"_blank\" href=\"https:\/\/www.aufeminin.com\/societe\/1000-e-a-la-naissance-pour-chaque-bebe-la-reforme-proposee-par-gabriel-attal-qui-pourrait-tout-changer-a-nos-retraites-2674220.html\" target=\"_blank\" rel=\"noopener\">certains m\u00e9dias<\/a>. <strong>Une caisse que les parents et grands-parents seraient ensuite libres d\u2019alimenter jusqu\u2019aux 18 ans de l\u2019enfant, avec des abattements fiscaux \u00e0 la clef.<\/strong><\/p>\n<p>Derri\u00e8re cette rh\u00e9torique paternaliste et simpliste se cache une attaque totale contre notre structure solidaire. Car<strong> ce compte, qui ne serait pas accessible avant la retraite, d\u00e9pendrait, dans les faits, directement de placements financiers al\u00e9atoires et des moyens familiaux, transmis de g\u00e9n\u00e9ration en g\u00e9n\u00e9ration.<\/strong><\/p>\n<p><iframe loading=\"lazy\" title=\"Usul. Successions\u00a0: faut-il d\u00e9sh\u00e9riter les h\u00e9ritiers\u00a0?\" width=\"1110\" height=\"624\" src=\"https:\/\/www.youtube.com\/embed\/a1538GVBxJQ?feature=oembed\" frameborder=\"0\" allow=\"accelerometer; autoplay; clipboard-write; encrypted-media; gyroscope; picture-in-picture; web-share\" referrerpolicy=\"strict-origin-when-cross-origin\" allowfullscreen><\/iframe><\/p>\n<h2><strong>Entre les mains de la finance<\/strong><\/h2>\n<p>Autrement dit, c\u2019est d\u2019une part <strong>l\u2019aptitude \u00e9conomique individuelle tout au long d\u2019une vie et, d\u2019autre part, le monde de la finance<\/strong> qui d\u00e9terminerait combien d\u2019argent ce \u00ab compte retraite \u00bb contiendrait au moment du d\u00e9part.<\/p>\n<p>Pour une personne ais\u00e9e, en mesure de placer beaucoup de liquidit\u00e9s durant son existence, l\u2019issue sera probablement confortable. En revanche, <strong>pour un individu pr\u00e9caire, dans l\u2019impossibilit\u00e9 d\u2019\u00e9pargner, la caisse resterait d\u00e9sesp\u00e9r\u00e9ment vide.<\/strong> Pire, un d\u00e9r\u00e8glement boursier pourrait faire s\u2019effondrer le capital, comme ce fut le cas pour les fonds de pension am\u00e9ricains lors de la crise de 2008.<\/p>\n<p>Gabriel Attal en rajoute une couche : la fin de l\u2019\u00e2ge de d\u00e9part \u00e0 la retraite. Dans ces conditions, <strong>rester en emploi jusqu\u2019\u00e0 un \u00e2ge beaucoup plus avanc\u00e9 n\u2019incarnera plus une option, mais une obligation.<\/strong> La doctrine macroniste n\u2019a d\u2019ailleurs jamais cach\u00e9 son mantra : \u00ab il faut travailler plus \u00bb. \u00c0 condition que vous en soyez encore physiquement capable.<\/p>\n<h2><strong>Occuper le d\u00e9bat public<\/strong><\/h2>\n<p>Fort heureusement, <strong>ce type d\u2019amendement n\u2019a pour le moment aucune chance d\u2019\u00eatre adopt\u00e9 en l\u2019\u00e9tat des forces de l\u2019Assembl\u00e9e nationale.<\/strong> Pour autant, il ne faut pas s\u2019y m\u00e9prendre, il s\u2019agit bien entendu d\u2019une forme de <strong>communication et de propagande destin\u00e9e \u00e0 <a target=\"_blank\" href=\"https:\/\/mrmondialisation.org\/fenetre-verton-elargir-dominants\/\" target=\"_blank\" rel=\"noopener\">\u00e9largir la fen\u00eatre d\u2019Overton<\/a>.<\/strong><\/p>\n<p>Car dans le m\u00eame temps, <strong>les <a target=\"_blank\" href=\"https:\/\/www.monde-diplomatique.fr\/cartes\/PPA\" target=\"_blank\" rel=\"noopener\">grands m\u00e9dias de milliardaires<\/a> passent leur temps \u00e0 assurer que notre syst\u00e8me par r\u00e9partition ne serait pas soutenable et que la capitalisation serait in\u00e9vitable.<\/strong> Il suffisait d\u2019ailleurs de voir comment la presse s\u2019est ru\u00e9e sur la proposition de l\u2019ex-Premier ministre, pourtant assez confidentiel.<\/p>\n<div class=\"td-a-rec td-a-rec-id-content_inline  tdi_1 td_block_template_1\">\n<center><a target=\"_blank\" href=\"https:\/\/fr.tipeee.com\/mr-mondialisation\" class=\"tipeee-project-small\">Je m&rsquo;abonne \u00e0 Mr Mondialisation<\/a>&#13;<br \/>\n<\/center>&amp;nbsp<\/div>\n<p><img fetchpriority=\"high\" decoding=\"async\" class=\"alignnone wp-image-1185685\" src=\"https:\/\/mrmondialisation.org\/wp-content\/uploads\/2025\/11\/capitalisation.png\" alt=\"\" width=\"1024\" height=\"1175\" srcset=\"https:\/\/mrmondialisation.org\/wp-content\/uploads\/2025\/11\/capitalisation.png 638w, https:\/\/mrmondialisation.org\/wp-content\/uploads\/2025\/11\/capitalisation-366x420.png 366w\" sizes=\"(max-width: 1024px) 100vw, 1024px\"\/><\/p>\n<h2><strong>Gloire \u00e0 la finance<\/strong><\/h2>\n<p>Ces m\u00eames m\u00e9dias n\u2019h\u00e9sitent pas non plus \u00e0 s\u2019appuyer sur <strong>des sondages aux questions orient\u00e9es pour faire dire \u00ab\u00a0aux Fran\u00e7ais\u00a0\u00bb qu\u2019ils seraient favorables \u00e0 l\u2019introduction de la capitalisation.<\/strong> Aucun d\u2019entre eux ne pr\u00e9cisera non plus que la soutenabilit\u00e9 d\u2019un syst\u00e8me d\u00e9pend uniquement de la<a target=\"_blank\" href=\"https:\/\/france.attac.org\/se-mobiliser\/retraites-pour-le-droit-a-une-retraite-digne-et-heureuse\/article\/la-defense-de-notre-systeme-de-retraites-une-lutte-ecologique-et-sociale\" target=\"_blank\" rel=\"noopener\"> part des richesses<\/a> qu\u2019une nation souhaite y consacrer.<\/p>\n<p>Bien s\u00fbr, <strong>ce genre d\u2019enqu\u00eate d\u2019opinions, telle que <a target=\"_blank\" href=\"https:\/\/elabe.fr\/wp-content\/uploads\/2025\/02\/21022025_elabe_bfmtv_les-francais-et-le-systeme-de-retraite.pdf\" target=\"_blank\" rel=\"noopener\">celle d\u2019Elabe<\/a> ou celle <a target=\"_blank\" href=\"https:\/\/observatoire-hexagone.org\/wp-content\/uploads\/2025\/03\/Rapport-Toluna-Harris-Les-Francais-et-le-systeme-de-retraite-Hexagone.pdf\" target=\"_blank\" rel=\"noopener\">d\u2019Harris Interactive<\/a>, n\u2019explique pas ce qu\u2019implique concr\u00e8tement la retraite par capitalisation et ses \u00ab\u00a0placements financiers\u00a0\u00bb.<\/strong> Elle est simplement pr\u00e9sent\u00e9e comme un \u00ab compl\u00e9ment de revenu \u00bb, ce qui, somme toute, peut sembler raisonnable pour un n\u00e9ophyte, d\u2019autant plus dans un contexte dans lequel on nous r\u00e9p\u00e8te \u00e0 longueur de journ\u00e9e que la fa\u00e7on de faire actuelle n\u2019est pas viable.<\/p>\n<p><strong>Confier l\u2019avenir des vieux jours \u00e0 des multinationales priv\u00e9es qui exploitent les vies des travailleurs pour engranger des profits appara\u00eet sans doute d\u00e9sirable aux repr\u00e9sentants des classes bourgeoises.<\/strong> Et face au pouvoir de l\u2019argent, il faudra encore une fois r\u00e9sister pour d\u00e9fendre le mod\u00e8le social actuel.<\/p>\n<p style=\"text-align: right;\"><em>\u2013 <strong>Simon Verdi\u00e8re<\/strong><\/em><\/p>\n<hr\/>\n<p>Photo de SHVETS production. <a target=\"_blank\" href=\"https:\/\/www.pexels.com\/fr-fr\/photo\/porter-lire-senior-age-7545330\/\">Pexels.<\/a><\/p>\n<div class=\"td-a-rec td-a-rec-id-content_bottom  tdi_2 td_block_template_1\">\n<span class=\"td-adspot-title\">&#8211; Cet article gratuit, ind\u00e9pendant et sans IA existe gr\u00e2ce aux abonn\u00e9s &#8211;<\/span><\/p>\n<div class=\"td-all-devices\">\n    <a target=\"_blank\" href=\"https:\/\/mrmondialisation.org\/donation\/\" title=\"Faire_un_don\"><img decoding=\"async\" class=\"donationArticle\" src=\"https:\/\/mrmondialisation.org\/wp-content\/uploads\/2022\/12\/220405-flikalicious-final.jpg\" alt=\"Donation\"\/><\/a>\n<\/div>\n<\/div><\/div>\n<p><br \/>\n<br \/><a href=\"https:\/\/mrmondialisation.org\/capitalisation-fin-age-retraite\/\" target=\"_blank\"\">Source link <\/a><\/p>\n","protected":false},"excerpt":{"rendered":"<p>Critiqu\u00e9 depuis sa mise en place par la grande bourgeoisie, notre syst\u00e8me de retraite par r\u00e9partition, o\u00f9 chacun cotise en fonction de ses moyens et touche selon ses besoins, est&hellip; <\/p>\n","protected":false},"author":1,"featured_media":19550,"comment_status":"open","ping_status":"open","sticky":false,"template":"","format":"standard","meta":{"footnotes":""},"categories":[1],"tags":[],"class_list":["post-19549","post","type-post","status-publish","format-standard","has-post-thumbnail","hentry","category-non-classe"],"_links":{"self":[{"href":"https:\/\/monde25.info\/index.php\/wp-json\/wp\/v2\/posts\/19549","targetHints":{"allow":["GET"]}}],"collection":[{"href":"https:\/\/monde25.info\/index.php\/wp-json\/wp\/v2\/posts"}],"about":[{"href":"https:\/\/monde25.info\/index.php\/wp-json\/wp\/v2\/types\/post"}],"author":[{"embeddable":true,"href":"https:\/\/monde25.info\/index.php\/wp-json\/wp\/v2\/users\/1"}],"replies":[{"embeddable":true,"href":"https:\/\/monde25.info\/index.php\/wp-json\/wp\/v2\/comments?post=19549"}],"version-history":[{"count":0,"href":"https:\/\/monde25.info\/index.php\/wp-json\/wp\/v2\/posts\/19549\/revisions"}],"wp:featuredmedia":[{"embeddable":true,"href":"https:\/\/monde25.info\/index.php\/wp-json\/wp\/v2\/media\/19550"}],"wp:attachment":[{"href":"https:\/\/monde25.info\/index.php\/wp-json\/wp\/v2\/media?parent=19549"}],"wp:term":[{"taxonomy":"category","embeddable":true,"href":"https:\/\/monde25.info\/index.php\/wp-json\/wp\/v2\/categories?post=19549"},{"taxonomy":"post_tag","embeddable":true,"href":"https:\/\/monde25.info\/index.php\/wp-json\/wp\/v2\/tags?post=19549"}],"curies":[{"name":"wp","href":"https:\/\/api.w.org\/{rel}","templated":true}]}}