{"id":19555,"date":"2025-11-18T00:57:01","date_gmt":"2025-11-17T23:57:01","guid":{"rendered":"https:\/\/monde25.info\/index.php\/2025\/11\/18\/des-agriculteurs-appellent-a-la-mobilisation-en-region-parisienne-rt-en-francais\/"},"modified":"2025-11-18T00:57:01","modified_gmt":"2025-11-17T23:57:01","slug":"des-agriculteurs-appellent-a-la-mobilisation-en-region-parisienne-rt-en-francais","status":"publish","type":"post","link":"https:\/\/monde25.info\/index.php\/2025\/11\/18\/des-agriculteurs-appellent-a-la-mobilisation-en-region-parisienne-rt-en-francais\/","title":{"rendered":"des agriculteurs appellent \u00e0 la mobilisation en r\u00e9gion parisienne \u2014 RT en fran\u00e7ais"},"content":{"rendered":"<p> <br \/>\n<br \/><img decoding=\"async\" src=\"https:\/\/mf.b37mrtl.ru\/french\/images\/2025.11\/thumbnail\/691b63966f7ccc0b0d67337b.jpg\" \/><\/p>\n<div>\n<p class=\"text__summary\">\n                                        Deux syndicats d\u2019agriculteurs, FDSEA et Jeunes Agriculteurs, ont appel\u00e9 ce 17 novembre \u00e0 plusieurs rassemblements en \u00cele-de-France dans les prochains jours. Dans leur ligne de mire, notamment, l\u2019accord de libre-\u00e9change entre l\u2019Union europ\u00e9enne et le Mercosur ainsi qu\u2019une future taxe europ\u00e9enne sur les engrais azot\u00e9s.\n                                    <\/p>\n<p>Nouveau mouvement de grogne en perspective, dans le milieu agricole francilien. Selon <em>Le Parisien<\/em>, qui cite un communiqu\u00e9 de la F\u00e9d\u00e9ration nationale des syndicats d\u2019exploitants agricoles (FDSEA) d\u2019\u00cele-de-France et des Jeunes Agriculteurs (JA) \u00cele-de-France Ouest, \u00ab au moins \u00bb trois manifestations sont pr\u00e9vues les 18 et 20 novembre aux abords de la capitale fran\u00e7aise.<\/p>\n<p>Le quotidien r\u00e9gional fait ainsi mention d\u2019\u00ab une vingtaine de tracteurs \u00bb qui seraient annonc\u00e9s le 18 novembre \u00e0 Auvenaux, une commune de l\u2019Essonne longeant l\u2019autoroute A6. Le 20 novembre, c\u2019est \u00e0 Arnouville-l\u00e8s-Mantes et \u00e0 Thoiry, dans les Yvelines, que les deux syndicats ont pr\u00e9vu des mobilisations. Par ailleurs, selon la m\u00eame source, les deux syndicats indiquent vouloir \u00ab\u00a0s\u2019opposer \u00e0 tout contr\u00f4le dans les exploitations agricoles\u00a0\u00bb. \u00ab\u00a0Malgr\u00e9 les promesses, rien ne bouge et rien ne change\u00a0\u00bb, ont-ils notamment d\u00e9nonc\u00e9.<\/p>\n<p>\u00ab\u00a0Dans un contexte tr\u00e8s tendu financi\u00e8rement, avec des prix toujours aussi bas depuis trois ans, coupl\u00e9s \u00e0 des charges qui continuent d\u2019augmenter, les exploitants agricoles d\u2019\u00cele-de-France ne voient pas la sortie d\u2019un tunnel qui se noircit tous les jours\u00a0\u00bb, d\u00e9noncent-ils dans leur communiqu\u00e9, cit\u00e9 par <em>Le Parisien<\/em>.<\/p>\n<h3>Mercosur :\u00a0\u00ab\u00a0On a besoin de conna\u00eetre la position officielle de la France\u00a0\u00bb<\/h3>\n<p>Ce dernier fait mention de l\u2019entr\u00e9e en vigueur du M\u00e9canisme d\u2019ajustement carbone aux fronti\u00e8res (MACF), une taxe europ\u00e9enne qui s\u2019appliquera notamment sur les engrais azot\u00e9s, l\u2019interdiction de l\u2019ac\u00e9tamipride dans l\u2019agriculture, ainsi que l\u2019accord de libre-\u00e9change entre l\u2019Union europ\u00e9enne et le Mercosur. Un trait\u00e9, en n\u00e9gociation depuis des ann\u00e9es, qui constitue un point d\u2019achoppement entre les principaux syndicats agricoles fran\u00e7ais et leur gouvernement.<\/p>\n<p>\u00ab\u00a0On a besoin de conna\u00eetre la position officielle de la France par rapport au Mercosur\u00a0\u00bb,\u00a0<a target=\"_blank\" href=\"https:\/\/www.lejdc.fr\/sauvigny-les-bois-58160\/economie\/arnaud-rousseau-president-de-la-fnsea-invite-dans-la-nievre-on-a-besoin-de-connaitre-la-position-officielle-de-la-france-par-rapport-au-mercosur_14781318\/\">lan\u00e7ait<\/a> dans un entretien au <em>Journal du Centre<\/em> paru le 14 novembre le patron de la F\u00e9d\u00e9ration nationale des syndicats d&rsquo;exploitants agricoles (FNSEA), premier syndicat agricole fran\u00e7ais, Arnaud Rousseau, alors invit\u00e9 de l\u2019assembl\u00e9e g\u00e9n\u00e9rale de la FDSEA de la Ni\u00e8vre.<\/p>\n<p>\u00ab\u00a0Je suis plut\u00f4t positif, mais je reste vigilant parce que je d\u00e9fends aussi les int\u00e9r\u00eats de la France\u00a0\u00bb, avait d\u00e9clar\u00e9 le 6 novembre Emmanuel Macron lors d\u2019un d\u00e9placement au Br\u00e9sil. Officiellement, la France s&rsquo;oppose \u00e0 ce trait\u00e9 en l&rsquo;\u00e9tat. \u00ab\u00a0Je note un changement de posture du pr\u00e9sident de la R\u00e9publique par rapport \u00e0 ce qu\u2019il nous avait dit lors du Salon de l\u2019agriculture\u00a0\u00bb, a pour sa part d\u00e9clar\u00e9 Arnaud Rousseau aupr\u00e8s du quotidien r\u00e9gional.<\/p>\n<\/div>\n<p><br \/>\n<br \/><a href=\"https:\/\/francais.rt.com\/france\/127471-malgre-promesses-rien-ne-bouge\" target=\"_blank\"\">Source link <\/a><\/p>\n","protected":false},"excerpt":{"rendered":"<p>Deux syndicats d\u2019agriculteurs, FDSEA et Jeunes Agriculteurs, ont appel\u00e9 ce 17 novembre \u00e0 plusieurs rassemblements en \u00cele-de-France dans les prochains jours. Dans leur ligne de mire, notamment, l\u2019accord de libre-\u00e9change&hellip; <\/p>\n","protected":false},"author":1,"featured_media":19556,"comment_status":"open","ping_status":"open","sticky":false,"template":"","format":"standard","meta":{"footnotes":""},"categories":[1],"tags":[],"class_list":["post-19555","post","type-post","status-publish","format-standard","has-post-thumbnail","hentry","category-non-classe"],"_links":{"self":[{"href":"https:\/\/monde25.info\/index.php\/wp-json\/wp\/v2\/posts\/19555","targetHints":{"allow":["GET"]}}],"collection":[{"href":"https:\/\/monde25.info\/index.php\/wp-json\/wp\/v2\/posts"}],"about":[{"href":"https:\/\/monde25.info\/index.php\/wp-json\/wp\/v2\/types\/post"}],"author":[{"embeddable":true,"href":"https:\/\/monde25.info\/index.php\/wp-json\/wp\/v2\/users\/1"}],"replies":[{"embeddable":true,"href":"https:\/\/monde25.info\/index.php\/wp-json\/wp\/v2\/comments?post=19555"}],"version-history":[{"count":0,"href":"https:\/\/monde25.info\/index.php\/wp-json\/wp\/v2\/posts\/19555\/revisions"}],"wp:featuredmedia":[{"embeddable":true,"href":"https:\/\/monde25.info\/index.php\/wp-json\/wp\/v2\/media\/19556"}],"wp:attachment":[{"href":"https:\/\/monde25.info\/index.php\/wp-json\/wp\/v2\/media?parent=19555"}],"wp:term":[{"taxonomy":"category","embeddable":true,"href":"https:\/\/monde25.info\/index.php\/wp-json\/wp\/v2\/categories?post=19555"},{"taxonomy":"post_tag","embeddable":true,"href":"https:\/\/monde25.info\/index.php\/wp-json\/wp\/v2\/tags?post=19555"}],"curies":[{"name":"wp","href":"https:\/\/api.w.org\/{rel}","templated":true}]}}