{"id":19559,"date":"2025-11-18T02:35:51","date_gmt":"2025-11-18T01:35:51","guid":{"rendered":"https:\/\/monde25.info\/index.php\/2025\/11\/18\/chasse-traditionnelle-le-terrible-affront-du-ministre-charge-de-la-biodiversite\/"},"modified":"2025-11-18T02:35:51","modified_gmt":"2025-11-18T01:35:51","slug":"chasse-traditionnelle-le-terrible-affront-du-ministre-charge-de-la-biodiversite","status":"publish","type":"post","link":"https:\/\/monde25.info\/index.php\/2025\/11\/18\/chasse-traditionnelle-le-terrible-affront-du-ministre-charge-de-la-biodiversite\/","title":{"rendered":"Chasse traditionnelle\u00a0: le \u00ab\u00a0terrible affront\u00a0\u00bb du ministre charg\u00e9 de la Biodiversit\u00e9"},"content":{"rendered":"<p> <br \/>\n<br \/><img loading=\"lazy\" decoding=\"async\" src=\"https:\/\/reporterre.net\/local\/cache-vignettes\/L700xH467\/columba_palumbus_1__marek_szczepanek_1_-2a74e.jpg?1763399323\" class=\"spip_logo\" width=\"700\" height=\"467\" alt=\"\" \/><\/p>\n<p>Le 15\u00a0novembre, dans les Landes, le ministre d\u00e9l\u00e9gu\u00e9 charg\u00e9 de la Transition \u00e9cologique, Mathieu Lef\u00e8vre, \u00e0 l&rsquo;invitation de la F\u00e9d\u00e9ration des chasseurs, a choisi de d\u00e9jeuner dans une palombi\u00e8re pr\u00e8s de Mont-de-Marsan. Objectif\u00a0: afficher son soutien aux chasses traditionnelles d&rsquo;oiseaux sauvages, pratiqu\u00e9es localement \u00e0 l&rsquo;aide de filets ou de glu. <br class=\"autobr\" \/><br \/>\n\u00ab<small class=\"fine d-inline\">\u00a0<\/small>J&rsquo;\u00e9tais tr\u00e8s heureux de venir, d&rsquo;abord pour saluer cette tradition, pour saluer cette culture, ce patrimoine, et puis \u00e9galement pour dire que\u00a0(\u2026)<\/p>\n<p>                    <a target=\"_blank\" href=\"https:\/\/reporterre.net\/Chasse-traditionnelle-le-terrible-affront-du-ministre-charge-de-la-Biodiversite?utm_source=RSS&amp;utm_medium=RSS\">Lire la suite<\/a><\/p>\n<p>                    &#8211;<br \/>\n                        <a target=\"_blank\" href=\"https:\/\/reporterre.net\/Breves-20\" rel=\"directory\">En bref<\/a><\/p>\n<p>                    \/<br \/>\n                        <a target=\"_blank\" href=\"https:\/\/reporterre.net\/Chasse\" rel=\"tag\">Chasse<\/a><br \/>\n<br \/><br \/>\n<br \/><a href=\"https:\/\/reporterre.net\/Chasse-traditionnelle-le-terrible-affront-du-ministre-charge-de-la-Biodiversite\" target=\"_blank\"\">Source link <\/a><\/p>\n","protected":false},"excerpt":{"rendered":"<p>Le 15\u00a0novembre, dans les Landes, le ministre d\u00e9l\u00e9gu\u00e9 charg\u00e9 de la Transition \u00e9cologique, Mathieu Lef\u00e8vre, \u00e0 l&rsquo;invitation de la F\u00e9d\u00e9ration des chasseurs, a choisi de d\u00e9jeuner dans une palombi\u00e8re pr\u00e8s&hellip; <\/p>\n","protected":false},"author":1,"featured_media":0,"comment_status":"open","ping_status":"open","sticky":false,"template":"","format":"standard","meta":{"footnotes":""},"categories":[1],"tags":[],"class_list":["post-19559","post","type-post","status-publish","format-standard","hentry","category-non-classe"],"_links":{"self":[{"href":"https:\/\/monde25.info\/index.php\/wp-json\/wp\/v2\/posts\/19559","targetHints":{"allow":["GET"]}}],"collection":[{"href":"https:\/\/monde25.info\/index.php\/wp-json\/wp\/v2\/posts"}],"about":[{"href":"https:\/\/monde25.info\/index.php\/wp-json\/wp\/v2\/types\/post"}],"author":[{"embeddable":true,"href":"https:\/\/monde25.info\/index.php\/wp-json\/wp\/v2\/users\/1"}],"replies":[{"embeddable":true,"href":"https:\/\/monde25.info\/index.php\/wp-json\/wp\/v2\/comments?post=19559"}],"version-history":[{"count":0,"href":"https:\/\/monde25.info\/index.php\/wp-json\/wp\/v2\/posts\/19559\/revisions"}],"wp:attachment":[{"href":"https:\/\/monde25.info\/index.php\/wp-json\/wp\/v2\/media?parent=19559"}],"wp:term":[{"taxonomy":"category","embeddable":true,"href":"https:\/\/monde25.info\/index.php\/wp-json\/wp\/v2\/categories?post=19559"},{"taxonomy":"post_tag","embeddable":true,"href":"https:\/\/monde25.info\/index.php\/wp-json\/wp\/v2\/tags?post=19559"}],"curies":[{"name":"wp","href":"https:\/\/api.w.org\/{rel}","templated":true}]}}