{"id":19573,"date":"2025-11-18T09:13:37","date_gmt":"2025-11-18T08:13:37","guid":{"rendered":"https:\/\/monde25.info\/index.php\/2025\/11\/18\/pierre-moscovici-plaide-pour-un-candidat-social-democrate-en-2027-rt-en-francais\/"},"modified":"2025-11-18T09:13:37","modified_gmt":"2025-11-18T08:13:37","slug":"pierre-moscovici-plaide-pour-un-candidat-social-democrate-en-2027-rt-en-francais","status":"publish","type":"post","link":"https:\/\/monde25.info\/index.php\/2025\/11\/18\/pierre-moscovici-plaide-pour-un-candidat-social-democrate-en-2027-rt-en-francais\/","title":{"rendered":"Pierre Moscovici plaide pour un candidat social-d\u00e9mocrate en 2027 \u2014 RT en fran\u00e7ais"},"content":{"rendered":"<p> <br \/>\n<br \/><img decoding=\"async\" src=\"https:\/\/mf.b37mrtl.ru\/french\/images\/2025.11\/thumbnail\/691c0e9687f3ec67594b7094.png\" \/><\/p>\n<div>\n<p class=\"text__summary\">\n                                        Le premier pr\u00e9sident de la Cour des comptes, Pierre Moscovici, a exprim\u00e9 le 17 novembre son v\u0153u d\u2019une candidature sociale-d\u00e9mocrate \u00e0 la pr\u00e9sidentielle de 2027, tout en se montrant confiant sur un accord budg\u00e9taire pour 2026.\n                                    <\/p>\n<p>Pierre Moscovici, figure embl\u00e9matique du Parti socialiste pass\u00e9 par le minist\u00e8re des Finances sous Fran\u00e7ois Hollande avant de pr\u00e9sider la Cour des comptes depuis 2020, a livr\u00e9 le 17 novembre sur Radio Classique une analyse \u00e0 la fois optimiste et partisane sur l\u2019avenir politique et \u00e9conomique de la France.<\/p>\n<p>\u00a0<\/p>\n<h2>Un Premier pr\u00e9sident d\u00e9missionnaire qui d\u00e9fend une candidature \u00e0 gauche<\/h2>\n<p>\u00a0<\/p>\n<p>L\u2019ancien commissaire europ\u00e9en aux affaires \u00e9conomiques a rappel\u00e9 son devoir d\u2019impartialit\u00e9 tout en <a target=\"_blank\" href=\"https:\/\/francais.rt.com\/france\/125449-france-pleine-crise-budgetaire-pierre-moscovici-quitte-cour-comptes-pour-europe\">\u00e9voquant son prochain poste \u00e0 la Cour des comptes europ\u00e9enne<\/a>, \u00e0 Luxembourg, d\u00e8s le 1er janvier 2026. Cette transition lui rendra une \u00ab\u00a0libert\u00e9 d\u2019\u00e9crire, de penser\u00a0\u00bb, sous r\u00e9serve d\u2019une obligation de r\u00e9serve adapt\u00e9e, a-t-il pr\u00e9cis\u00e9. Son intervention, prononc\u00e9e en pleine tourmente budg\u00e9taire, met en lumi\u00e8re deux enjeux majeurs : la refondation d\u2019une gauche gouvernante et la ma\u00eetrise des finances publiques. \u00c0 quelques semaines d\u2019un possible vote parlementaire sur le budget 2026, Moscovici se veut rassurant. \u00ab\u00a0Il est imp\u00e9ratif que le d\u00e9ficit public final soit inf\u00e9rieur \u00e0 5\u00a0% du PIB\u00a0\u00bb, a-t-il martel\u00e9, soulignant que ce seuil de 4,9% maximum est une condition <em>sine qua non<\/em> pour restaurer la cr\u00e9dibilit\u00e9 fran\u00e7aise. Face \u00e0 une dette publique flirtant avec 118\u00a0% du PIB et des taux d\u2019int\u00e9r\u00eat en hausse, il alerte : \u00ab Un pays qui s\u2019endette est un pays qui s\u2019affaiblit\u00a0\u00bb.<\/p>\n<p>Celui qui <a target=\"_blank\" href=\"https:\/\/francais.rt.com\/france\/127052-tres-fortes-incertitudes-sur-redressement-finances-publiques\">alertait sur de tr\u00e8s fortes incertitudes\u00a0quant au redressement des finances publiques<\/a> il y a moins de deux semaines se veut d\u00e9sormais optimiste. Malgr\u00e9 les tensions \u00e0 l\u2019Assembl\u00e9e et au S\u00e9nat, il l&rsquo;estime \u00ab\u00a0souhaitable et possible\u00a0\u00bb.<\/p>\n<p>\u00a0<\/p>\n<h2>Une gauche \u00ab\u00a0r\u00e9aliste\u00a0\u00bb pour 2027<\/h2>\n<p>\u00a0<\/p>\n<p>Mais c\u2019est sur le front politique que ses propos font le plus de bruit. Constatant les fractures \u00e0 gauche, Pierre Moscovici appelle de ses v\u0153ux une \u00abdoctrine sociale-d\u00e9mocrate affirm\u00e9e, s\u00e9duisante et qui propose des r\u00e9formes cr\u00e9dibles\u00bb.<\/p>\n<p>Alors que <a target=\"_blank\" href=\"https:\/\/francais.rt.com\/france\/127416-trappes-gauche-unitaire-lance-marche\">les \u00ab\u00a0unitaires\u00a0\u00bb, \u00e0 savoir les troupes socialistes d\u2019Olivier Faure, les \u00e9cologistes et des dissidents de chez M\u00e9lenchon, se sont r\u00e9unis samedi 15 novembre<\/a> \u00e0 Trappes dans les Yvelines<a target=\"_blank\" href=\"https:\/\/francais.rt.com\/france\/127447-melenchon-lance-campagne2027-saint-pierre-corps\">, les Insoumis se sont r\u00e9unis le 16 novembre derri\u00e8re Jean-Luc M\u00e9lenchon pr\u00e8s de Tours<\/a>. Les sociaux-d\u00e9mocrates ont fait de m\u00eame \u00e0 Pontoise dans le Val-d\u2019Oise. Ce sont ces derniers, unis derri\u00e8re Fran\u00e7ois Hollande, Bernard Cazeneuve et Rapha\u00ebl Glucksmann, que soutient Pierre Moscovici. Il appelle de ses v\u0153ux un candidat capable de \u00ab\u00a0rassembler\u00a0\u00bb et d\u2019\u00eatre \u00ab\u00a0respect\u00e9 au-del\u00e0 des fronti\u00e8res\u00a0\u00bb fran\u00e7aises, sans pour autant se porter candidat lui-m\u00eame : \u00ab\u00a0Je n\u2019y ai pas pens\u00e9 de ma vie\u00a0\u00bb.\u00a0\u00c0 quelques semaines de son d\u00e9part de la Cour des comptes, le Premier pr\u00e9sident Pierre Moscovici fait ainsi savoir ses pr\u00e9f\u00e9rences et s\u2019il dit ne pas avoir d\u2019ambition personnelle, son d\u00e9part pour Bruxelles ne devrait pas correspondre \u00e0 une mise en retrait concernant la vie politique fran\u00e7aise.<\/p>\n<\/div>\n<p><br \/>\n<br \/><a href=\"https:\/\/francais.rt.com\/france\/127474-il-faut-gauche-qui-ait-a-c%C5%93ur-de-gouverner-pierre-moscovici\" target=\"_blank\"\">Source link <\/a><\/p>\n","protected":false},"excerpt":{"rendered":"<p>Le premier pr\u00e9sident de la Cour des comptes, Pierre Moscovici, a exprim\u00e9 le 17 novembre son v\u0153u d\u2019une candidature sociale-d\u00e9mocrate \u00e0 la pr\u00e9sidentielle de 2027, tout en se montrant confiant&hellip; <\/p>\n","protected":false},"author":1,"featured_media":19574,"comment_status":"open","ping_status":"open","sticky":false,"template":"","format":"standard","meta":{"footnotes":""},"categories":[1],"tags":[],"class_list":["post-19573","post","type-post","status-publish","format-standard","has-post-thumbnail","hentry","category-non-classe"],"_links":{"self":[{"href":"https:\/\/monde25.info\/index.php\/wp-json\/wp\/v2\/posts\/19573","targetHints":{"allow":["GET"]}}],"collection":[{"href":"https:\/\/monde25.info\/index.php\/wp-json\/wp\/v2\/posts"}],"about":[{"href":"https:\/\/monde25.info\/index.php\/wp-json\/wp\/v2\/types\/post"}],"author":[{"embeddable":true,"href":"https:\/\/monde25.info\/index.php\/wp-json\/wp\/v2\/users\/1"}],"replies":[{"embeddable":true,"href":"https:\/\/monde25.info\/index.php\/wp-json\/wp\/v2\/comments?post=19573"}],"version-history":[{"count":0,"href":"https:\/\/monde25.info\/index.php\/wp-json\/wp\/v2\/posts\/19573\/revisions"}],"wp:featuredmedia":[{"embeddable":true,"href":"https:\/\/monde25.info\/index.php\/wp-json\/wp\/v2\/media\/19574"}],"wp:attachment":[{"href":"https:\/\/monde25.info\/index.php\/wp-json\/wp\/v2\/media?parent=19573"}],"wp:term":[{"taxonomy":"category","embeddable":true,"href":"https:\/\/monde25.info\/index.php\/wp-json\/wp\/v2\/categories?post=19573"},{"taxonomy":"post_tag","embeddable":true,"href":"https:\/\/monde25.info\/index.php\/wp-json\/wp\/v2\/tags?post=19573"}],"curies":[{"name":"wp","href":"https:\/\/api.w.org\/{rel}","templated":true}]}}