{"id":19575,"date":"2025-11-18T11:25:50","date_gmt":"2025-11-18T10:25:50","guid":{"rendered":"https:\/\/monde25.info\/index.php\/2025\/11\/18\/le-mensonge-comme-arme-de-gouvernement-par-thierry-meyssan\/"},"modified":"2025-11-18T11:25:50","modified_gmt":"2025-11-18T10:25:50","slug":"le-mensonge-comme-arme-de-gouvernement-par-thierry-meyssan","status":"publish","type":"post","link":"https:\/\/monde25.info\/index.php\/2025\/11\/18\/le-mensonge-comme-arme-de-gouvernement-par-thierry-meyssan\/","title":{"rendered":"Le mensonge comme arme de gouvernement, par Thierry Meyssan"},"content":{"rendered":"<p> <br \/>\n<\/p>\n<div>\n<div class=\"spip_document_250937 spip_document spip_documents spip_document_image spip_documents_center spip_document_center spip_document_avec_legende\" data-legende-len=\"72\" data-legende-lenx=\"xx\">\n<figure class=\"spip_doc_inner\">\n<a target=\"_blank\" href=\"https:\/\/www.voltairenet.org\/IMG\/jpg\/400_-_1_1_-242.jpg\" class=\"spip_doc_lien mediabox\" type=\"image\/jpeg\"><br \/>\n<img loading=\"lazy\" decoding=\"async\" src=\"https:\/\/www.voltairenet.org\/local\/cache-vignettes\/L800xH600\/400_-_1_1_-242-7e6a4.jpg?1763277712\" width=\"800\" height=\"600\" alt=\"\"\/><\/a><figcaption class=\"spip_doc_legende\">\n<p><strong>Les c\u00e9r\u00e9monies du souvenir au jardin m\u00e9moriel du square Saint-Gervais.<br \/>\n<\/strong><\/p>\n<\/figcaption><\/figure>\n<\/div>\n<p>La France est un bien \u00e9trange pays. Pour y endormir sa population, on aime \u00e0 y c\u00e9l\u00e9brer ses malheurs. Le 13 novembre 2025, la France a donc c\u00e9l\u00e9br\u00e9 le dixi\u00e8me anniversaire de sa d\u00e9faite du 13 novembre 2015, lorsque des terroristes massacr\u00e8rent 133 personnes et firent 413 bless\u00e9s lors de six attaques au stade de France (Saint-Denis), \u00e0 la terrasse de caf\u00e9s et au Bataclan.<\/p>\n<p>Dans son allocution, le pr\u00e9sident Emmanuel Macron a d\u00e9clam\u00e9 \u00ab\u00a0cette question lancinante\u00a0: pourquoi\u00a0? On voudrait trouver du sens \u00e0 ce qui s\u2019est pass\u00e9 (\u2026) Non, il n\u2019y a pas de sens, pas de justification \u00e0 votre douleur. Il n\u2019y en aura jamais.\u00a0\u00bb<\/p>\n<p>C\u2019est un terrible mensonge qui emp\u00eache tous ceux qui ont v\u00e9cu ces attentats dans leur chair de trouver la paix\u00a0: Oui, ces attentats avaient un sens, mais nos dirigeants ont choisi de nous le cacher pour ne pas avoir \u00e0 reconna\u00eetre leurs fautes.<\/p>\n<p>Pour comprendre ce qui s\u2019est pass\u00e9 ce jour-l\u00e0, il faut d\u2019abord examiner le contexte des \u00e9v\u00e8nements. En f\u00e9vrier 2011, la France  du pr\u00e9sident Nicolas Sarkozy a souhait\u00e9 impliquer la T\u00fcrkiye dans la guerre occidentale contre la Libye bien que celle-ci soit son second partenaire commercial. Elle a obtenu qu\u2019Ankara mobilise la tribu des Misrata, h\u00e9riti\u00e8re de l\u2019arm\u00e9e ottomane, contre Mouammar el-Kadhafi. En \u00e9change, elle s\u2019est engag\u00e9e \u00e0 d\u00e9placer le probl\u00e8me turc de sa minorit\u00e9 kurde. Un trait\u00e9 secret a \u00e9t\u00e9 sign\u00e9 entre les deux ministres des Affaires \u00e9trang\u00e8res, Alain Jupp\u00e9 et Ahmet Davuto\u011flu. Il pr\u00e9voyait qu\u2019un \u00c9tat kurde serait cr\u00e9\u00e9 hors de T\u00fcrkiye, en Syrie, o\u00f9 de nombreux kurdes turcs avaient trouv\u00e9 refuge dans les ann\u00e9es 1980. Ce plan est inconnu en France, mais fut publi\u00e9 \u00e0 l\u2019\u00e9poque par la presse alg\u00e9rienne sous le nom de code \u00ab\u00a0Plan bleu\u00a0\u00bb.<\/p>\n<p>Alors que le pr\u00e9sident Sarkozy avait embarqu\u00e9 la France dans l\u2019op\u00e9ration occidentale contre la Libye, puis contre la Syrie, il s\u2019\u00e9tait ravis\u00e9, en f\u00e9vrier 2012, lorsqu\u2019il avait compris le fleuve de sang qu\u2019il alimentait. Ses \u00ab\u00a0amis \u00e9tats-uniens\u00a0\u00bb veill\u00e8rent donc \u00e0 ce qu\u2019il \u00e9choue \u00e0 se faire r\u00e9\u00e9lire et le remplac\u00e8rent par Fran\u00e7ois Hollande. Celui-ci relan\u00e7a imm\u00e9diatement la guerre, convoquant \u00e0 Paris avec Hillary Clinton, le 6 juillet 2012, la 3\u00b0 r\u00e9union du \u00ab\u00a0Groupe des amis du peuple syrien\u00a0\u00bb.<\/p>\n<div class=\"spip_document_250929 spip_document spip_documents spip_document_image spip_documents_center spip_document_center spip_document_avec_legende\" data-legende-len=\"467\" data-legende-lenx=\"xxxx\">\n<figure class=\"spip_doc_inner\">\n<img loading=\"lazy\" decoding=\"async\" src=\"https:\/\/www.voltairenet.org\/local\/cache-vignettes\/L400xH300\/1-3447-92e34-1-eebcd.jpg?1763274421\" width=\"400\" height=\"300\" alt=\"\"\/><figcaption class=\"spip_doc_legende\">\n<p><strong>Le Palais de l\u2019\u00c9lys\u00e9e a retir\u00e9 les vid\u00e9os de cette r\u00e9union lorsque j\u2019ai observ\u00e9 que le pr\u00e9sident Fran\u00e7ois Hollande y marquait son amiti\u00e9 pour le jihadiste Abou Saleh qui avait pr\u00e9sid\u00e9 le tribunal de la charia de l\u2019\u00c9mirat islamique de Baba Amr (Homs). Cependant, sur cette photographie officielle, on voit, \u00e0 droite, le jeune homme sur la sc\u00e8ne, apr\u00e8s les trois conseillers de l\u2019\u00c9lys\u00e9e. Monsieur Hollande savait le nombre de t\u00eates que ce boucher avait fait trancher.<br \/>\n<\/strong><\/p>\n<\/figcaption><\/figure>\n<\/div>\n<p>Le 31 octobre 2014, le pr\u00e9sident Fran\u00e7ois Hollande lors de la visite officielle de Recep Tayyip Erdo\u011fan \u00e0 Paris, alors Premier ministre turc, organisait une rencontre secr\u00e8te, \u00e0 l\u2019\u00c9lys\u00e9e, avec le co-pr\u00e9sident des Kurdes de Syrie, Salih Muslim. Les deux hommes se mirent d\u2019accord pour mettre en oeuvre le plan Jupp\u00e9-Davuto\u011flu aux d\u00e9pends des Syriens.<\/p>\n<p>Cependant, les \u00c9tats-Unis soutinrent le PKK (renomm\u00e9 YPG en Syrie) lors de la bataille de Kobane. Fid\u00e8le \u00e0 ses \u00ab\u00a0amis \u00e9tats-uniens\u00a0\u00bb, le pr\u00e9sident Hollande re\u00e7ut alors \u00e0 l\u2019\u00c9lys\u00e9e, le 8 f\u00e9vrier 2015, Asya Abdullah, co-pr\u00e9sidente des Kurdes de Syrie (fid\u00e8le \u00e0 Abdullah \u00d6calan), et la commandante Nesrin Abdullah en uniforme l\u00e9opard. Salih Muslim, l\u2019autre co-pr\u00e9sident  des Kurdes de Syrie et seul dirigeant kurde favorable au transfert de l\u2019\u00c9tat kurde en Syrie, n\u2019avait pas \u00e9t\u00e9 invit\u00e9.<\/p>\n<div class=\"spip_document_250930 spip_document spip_documents spip_document_image spip_documents_center spip_document_center spip_document_avec_legende\" data-legende-len=\"195\" data-legende-lenx=\"xxx\">\n<figure class=\"spip_doc_inner\">\n<img loading=\"lazy\" decoding=\"async\" src=\"https:\/\/www.voltairenet.org\/local\/cache-vignettes\/L400xH300\/1_-_1_7_-35-db573-6-51e58.jpg?1763274421\" width=\"400\" height=\"300\" alt=\"\"\/><figcaption class=\"spip_doc_legende\">\n<p><strong>Fran\u00e7ois Hollande re\u00e7oit \u00e0 l\u2019\u00c9lys\u00e9e les dirigeants du YPG (branche syrienne. du PKK). On observera que, contrairement \u00e0 tout protocole, la commandante Nesrin Abdullah est en uniforme de combat.<br \/>\n<\/strong><\/p>\n<\/figcaption><\/figure>\n<\/div>\n<p>Le 20 juillet, Recep Tayyip Erdo\u011fan r\u00e9agit\u00a0: il fait r\u00e9aliser par ses hommes de Daesh un attentat contre des Kurdes, lors d\u2019une manifestation en Anatolie \u00e0 Suru\u00e7. <br class=\"autobr\"\/><br \/>\nLe 13 novembre Recep Tayyip Erdo\u011fan donne l\u2019ordre d\u2019attaquer le France.<\/p>\n<p>Il faut bien comprendre que la France avait eu tort une premi\u00e8re fois de s\u2019engager \u00e0 d\u00e9placer le Kurdistan en Syrie et, une seconde fois d\u2019abandonner sa promesse. La T\u00fcrkiye, fid\u00e8le \u00e0 elle-m\u00eame, avait r\u00e9agi en organisant d\u2019abord un attentat contre les Kurdes turcs (34 morts et 104 bless\u00e9s), puis contre les Fran\u00e7ais (113 morts et 413 bless\u00e9s).<\/p>\n<p>L\u2019histoire ne s\u2019arr\u00eate pas l\u00e0.<\/p>\n<p>Les policiers fran\u00e7ais sont parvenus \u00e0 identifier et \u00e0 localiser certains des \u00ab\u00a0terroristes\u00a0\u00bb qu\u2019ils ont arr\u00eat\u00e9s \u00e0 Saint-Denis. Ils ont emp\u00each\u00e9 un attentat \u00e0 La D\u00e9fense. Mais l\u2019\u00e9quipe s\u2019est reform\u00e9e et, Recep Tayyip Erdo\u011fan a ordonn\u00e9 une seconde vague \u00e0 Bruxelles.<\/p>\n<p><iframe loading=\"lazy\" title=\"Erdogan et les Kurdes : &quot;l&#039;Europe danse sur un champ de mines&quot;\" width=\"1110\" height=\"624\" src=\"https:\/\/www.youtube.com\/embed\/m_h3XLQF9ws?feature=oembed\" frameborder=\"0\" allow=\"accelerometer; autoplay; clipboard-write; encrypted-media; gyroscope; picture-in-picture; web-share\" referrerpolicy=\"strict-origin-when-cross-origin\" allowfullscreen><\/iframe><\/p>\n<p>Cette fois, il ne s\u2019en est pas cach\u00e9. Lors des comm\u00e9morations de la bataille des Dardanelles, le 18 mars, il a menac\u00e9 la Commission de l\u2019Union europ\u00e9enne qui avait accueilli la branche des Kurdes fid\u00e8les \u00e0 Abdullah \u00d6calan d\u00e9clarant\u00a0: \u00ab\u00a0je lance un appel aux \u00c9tats qui leur ouvrent les bras [au PKK] qui, directement ou indirectement, soutiennent les organisations terroristes. Vous nourrissez un serpent dans votre lit. Et ce serpent que vous nourrissez peut \u00e0 tout moment vous mordre.\u00a0\u00bb<span class=\"spip_note_ref\">\u00a0[<a target=\"_blank\" href=\"#nb1\" class=\"spip_note\" rel=\"appendix\" title=\"\u00ab Erdo\u011fan menace l\u2019Union europ\u00e9enne \u00bb, par Recep Tayyip Erdo\u011fan , R\u00e9seau\u00a0(\u2026)\" id=\"nh1\">1<\/a>]<\/span> Quatre jours plus tard, le 22 mars, la m\u00eame \u00e9quipe qu\u2019\u00e0 Saint-Denis et Paris perp\u00e9trait les attentats de Zaventem et de Bruxelles (35 morts et 340 bless\u00e9s).<\/p>\n<div class=\"spip_document_250932 spip_document spip_documents spip_document_image spip_documents_center spip_document_center spip_document_avec_legende\" data-legende-len=\"239\" data-legende-lenx=\"xxx\">\n<figure class=\"spip_doc_inner\">\n<img loading=\"lazy\" decoding=\"async\" src=\"https:\/\/www.voltairenet.org\/local\/cache-vignettes\/L400xH250\/arton192601-cc0f4.jpg?1763274421\" width=\"400\" height=\"250\" alt=\"\"\/><figcaption class=\"spip_doc_legende\">\n<p><strong>Mohamed Abrini a particip\u00e9 aux attentats en France et en Belgique. Il a \u00e9t\u00e9 jug\u00e9 \u00e0 Paris, mais personne ne lui a demand\u00e9 quelles \u00e9taient ses relations avec le MI6 britannique\u00a0; le service secret occidental qui supervisait les jihadistes.<br \/>\n<\/strong><\/p>\n<\/figcaption><\/figure>\n<\/div>\n<p>Vous devez savoir qu\u2019un des terroriste qui a particip\u00e9 aux attentats en France et en Belgique, Mohammed Abrini dit \u00ab\u00a0l\u2019homme au chapeau\u00a0\u00bb, \u00e9tait un informateur du MI6<span class=\"spip_note_ref\">\u00a0[<a target=\"_blank\" href=\"#nb2\" class=\"spip_note\" rel=\"appendix\" title=\"\u201cFirst Isis supergrass helps UK terror police\u201d, Tom Harper, The Times, June\u00a0(\u2026)\" id=\"nh2\">2<\/a>]<\/span>. Il a pr\u00e9venu Londres (qui, par principe, soutenait la T\u00fcrkiye), mais ni Paris, ni Bruxelles.<\/p>\n<p>Il n\u2019y a pas eu de troisi\u00e8me vague parce que, une fois le \u00ab\u00a0Rojava\u00a0\u00bb (la r\u00e9gion syrienne que les mercenaires kurdes s\u2019\u00e9taient appropri\u00e9es) cr\u00e9\u00e9 par la France en Syrie, les \u00c9tats-Unis sont intervenus et ont impos\u00e9 que ce ne soit pas un \u00c9tat ind\u00e9pendant, mais une \u00ab\u00a0r\u00e9gion autonome\u00a0\u00bb. Les Turcs \u00e9taient satisfaits de ne plus avoir les Kurdes du PKK chez eux et les Fran\u00e7ais pouvaient pr\u00e9tendre avoir plus ou moins remplis leur promesse.<\/p>\n<p>Un gigantesque proc\u00e8s a \u00e9t\u00e9 organis\u00e9 \u00e0 Paris, durant dix mois, en 2021-2022. Fran\u00e7ois Hollande est venu y t\u00e9moigner sans parler une seconde de sa responsabilit\u00e9 politique dans ces drames. Aucun des  magistrats ne lui a pos\u00e9 de question \u00e0 ce sujet.<\/p>\n<p>Nos dirigeants n\u2019exercent pas de responsabilit\u00e9 devant la Nation.<\/p>\n<p>Un mus\u00e9e, \u00e0 Paris, sera consacr\u00e9 au terrorisme. Il est vou\u00e9 \u00e0 l\u2019\u00e9chec. En effet, selon son manifeste, il a pour vocation de \u00ab\u00a0donner du sens aux souffrances endur\u00e9es par les victimes en proposant des cl\u00e9s de compr\u00e9hension \u00e0 une histoire en cours.\u00a0\u00bb C\u2019est-\u00e0-dire tout ce \u00e0 quoi nos irresponsables politiques font obstacle.<\/p>\n<p>Au demeurant, le terrorisme, qu\u2019il soit le fait d\u2019individus isol\u00e9s, de groupes ou d\u2019\u00c9tats, n\u2019est pas un fait en soi, mais une m\u00e9thode de combat que peuvent pratiquer toutes les organisations militaires sans exception, y compris les arm\u00e9es r\u00e9guli\u00e8res.<\/p>\n<p>En 2001, apr\u00e8s les attentats de New York et du Pentagone, George W. Bush, pr\u00e9sident des \u00c9tats-Unis, a d\u00e9clar\u00e9 la \u00ab\u00a0guerre au terrorisme\u00a0\u00bb. Pour ce faire, la plus grande arm\u00e9e du monde s\u2019est transform\u00e9e en une bande de criminels pratiquant la torture \u00e0 une vaste \u00e9chelle.<\/p>\n<p>Chaque fois que nous employons ce mot, \u00ab\u00a0terrorisme\u00a0\u00bb, nous prenons le risque de r\u00e9agir dans l\u2019\u00e9motion et de ne pas comprendre ce qui est en jeu.<\/p>\n<\/div>\n<p><br \/>\n<br \/><a href=\"https:\/\/www.voltairenet.org\/article223179.html\" target=\"_blank\"\">Source link <\/a><\/p>\n","protected":false},"excerpt":{"rendered":"<p>Les c\u00e9r\u00e9monies du souvenir au jardin m\u00e9moriel du square Saint-Gervais. La France est un bien \u00e9trange pays. Pour y endormir sa population, on aime \u00e0 y c\u00e9l\u00e9brer ses malheurs. Le&hellip; <\/p>\n","protected":false},"author":1,"featured_media":19576,"comment_status":"open","ping_status":"open","sticky":false,"template":"","format":"standard","meta":{"footnotes":""},"categories":[1],"tags":[],"class_list":["post-19575","post","type-post","status-publish","format-standard","has-post-thumbnail","hentry","category-non-classe"],"_links":{"self":[{"href":"https:\/\/monde25.info\/index.php\/wp-json\/wp\/v2\/posts\/19575","targetHints":{"allow":["GET"]}}],"collection":[{"href":"https:\/\/monde25.info\/index.php\/wp-json\/wp\/v2\/posts"}],"about":[{"href":"https:\/\/monde25.info\/index.php\/wp-json\/wp\/v2\/types\/post"}],"author":[{"embeddable":true,"href":"https:\/\/monde25.info\/index.php\/wp-json\/wp\/v2\/users\/1"}],"replies":[{"embeddable":true,"href":"https:\/\/monde25.info\/index.php\/wp-json\/wp\/v2\/comments?post=19575"}],"version-history":[{"count":0,"href":"https:\/\/monde25.info\/index.php\/wp-json\/wp\/v2\/posts\/19575\/revisions"}],"wp:featuredmedia":[{"embeddable":true,"href":"https:\/\/monde25.info\/index.php\/wp-json\/wp\/v2\/media\/19576"}],"wp:attachment":[{"href":"https:\/\/monde25.info\/index.php\/wp-json\/wp\/v2\/media?parent=19575"}],"wp:term":[{"taxonomy":"category","embeddable":true,"href":"https:\/\/monde25.info\/index.php\/wp-json\/wp\/v2\/categories?post=19575"},{"taxonomy":"post_tag","embeddable":true,"href":"https:\/\/monde25.info\/index.php\/wp-json\/wp\/v2\/tags?post=19575"}],"curies":[{"name":"wp","href":"https:\/\/api.w.org\/{rel}","templated":true}]}}