{"id":19590,"date":"2025-11-18T17:45:36","date_gmt":"2025-11-18T16:45:36","guid":{"rendered":"https:\/\/monde25.info\/index.php\/2025\/11\/18\/hugues-falys-le-fermier-qui-met-totalenergies-au-banc-des-accuses\/"},"modified":"2025-11-18T17:45:36","modified_gmt":"2025-11-18T16:45:36","slug":"hugues-falys-le-fermier-qui-met-totalenergies-au-banc-des-accuses","status":"publish","type":"post","link":"https:\/\/monde25.info\/index.php\/2025\/11\/18\/hugues-falys-le-fermier-qui-met-totalenergies-au-banc-des-accuses\/","title":{"rendered":"Hugues Falys, le fermier qui met TotalEnergies au banc des accus\u00e9s"},"content":{"rendered":"<p> <br \/>\n<br \/><img loading=\"lazy\" decoding=\"async\" src=\"https:\/\/reporterre.net\/local\/cache-vignettes\/L700xH467\/hl_sdubromel_falys-6-5e1f3.jpg?1763479576\" class=\"spip_logo\" width=\"700\" height=\"467\" alt=\"\" \/><\/p>\n<p>Hugues Falys, paysan belge, m\u00e8ne contre TotalEnergies un proc\u00e8s historique, au nom des champs noy\u00e9s, des r\u00e9coltes perdues et des b\u00eates assoiff\u00e9es. La justice belge devra trancher sur la responsabilit\u00e9 climatique du g\u00e9ant fossile. <br class=\"autobr\" \/><br \/>\nLouvain-la-Neuve (Belgique), reportage <br class=\"autobr\" \/><br \/>\nSous la lumi\u00e8re laiteuse de novembre, les bottes de paille prennent des reflets d&rsquo;or p\u00e2le. Les vaches limousines dans la prairie se fr\u00f4lent le front, les museaux plong\u00e9s vers le sol nourricier. \u00c0 son passage, Hugues Falys\u00a0(\u2026)<\/p>\n<p>                    <a target=\"_blank\" href=\"https:\/\/reporterre.net\/Hugues-Falys-le-fermier-qui-met-TotalEnergies-au-banc-des-accuses?utm_source=RSS&amp;utm_medium=RSS\">Lire la suite<\/a><\/p>\n<p>                    &#8211;<br \/>\n                        <a target=\"_blank\" href=\"https:\/\/reporterre.net\/Portrait-158\" rel=\"directory\">Portrait<\/a><\/p>\n<p>                    \/<br \/>\n                        <a target=\"_blank\" href=\"https:\/\/reporterre.net\/Photographies\" rel=\"tag\">Photographies<\/a><br \/>\n                    ,<br \/>\n                        <a target=\"_blank\" href=\"https:\/\/reporterre.net\/Agriculture\" rel=\"tag\">Agriculture<\/a><br \/>\n                    ,<br \/>\n                        <a target=\"_blank\" href=\"https:\/\/reporterre.net\/Luttes\" rel=\"tag\">Luttes<\/a><br \/>\n                    ,<br \/>\n                        <a target=\"_blank\" href=\"https:\/\/reporterre.net\/Justice\" rel=\"tag\">Justice<\/a><br \/>\n                    ,<br \/>\n                        <a target=\"_blank\" href=\"https:\/\/reporterre.net\/Fossiles\" rel=\"tag\">Fossiles<\/a><br \/>\n<br \/><br \/>\n<br \/><a href=\"https:\/\/reporterre.net\/Hugues-Falys-le-fermier-qui-met-TotalEnergies-au-banc-des-accuses\" target=\"_blank\"\">Source link <\/a><\/p>\n","protected":false},"excerpt":{"rendered":"<p>Hugues Falys, paysan belge, m\u00e8ne contre TotalEnergies un proc\u00e8s historique, au nom des champs noy\u00e9s, des r\u00e9coltes perdues et des b\u00eates assoiff\u00e9es. La justice belge devra trancher sur la responsabilit\u00e9&hellip; <\/p>\n","protected":false},"author":1,"featured_media":0,"comment_status":"open","ping_status":"open","sticky":false,"template":"","format":"standard","meta":{"footnotes":""},"categories":[1],"tags":[],"class_list":["post-19590","post","type-post","status-publish","format-standard","hentry","category-non-classe"],"_links":{"self":[{"href":"https:\/\/monde25.info\/index.php\/wp-json\/wp\/v2\/posts\/19590","targetHints":{"allow":["GET"]}}],"collection":[{"href":"https:\/\/monde25.info\/index.php\/wp-json\/wp\/v2\/posts"}],"about":[{"href":"https:\/\/monde25.info\/index.php\/wp-json\/wp\/v2\/types\/post"}],"author":[{"embeddable":true,"href":"https:\/\/monde25.info\/index.php\/wp-json\/wp\/v2\/users\/1"}],"replies":[{"embeddable":true,"href":"https:\/\/monde25.info\/index.php\/wp-json\/wp\/v2\/comments?post=19590"}],"version-history":[{"count":0,"href":"https:\/\/monde25.info\/index.php\/wp-json\/wp\/v2\/posts\/19590\/revisions"}],"wp:attachment":[{"href":"https:\/\/monde25.info\/index.php\/wp-json\/wp\/v2\/media?parent=19590"}],"wp:term":[{"taxonomy":"category","embeddable":true,"href":"https:\/\/monde25.info\/index.php\/wp-json\/wp\/v2\/categories?post=19590"},{"taxonomy":"post_tag","embeddable":true,"href":"https:\/\/monde25.info\/index.php\/wp-json\/wp\/v2\/tags?post=19590"}],"curies":[{"name":"wp","href":"https:\/\/api.w.org\/{rel}","templated":true}]}}