{"id":19591,"date":"2025-11-18T18:18:35","date_gmt":"2025-11-18T17:18:35","guid":{"rendered":"https:\/\/monde25.info\/index.php\/2025\/11\/18\/liban-syrie-iran-la-ou-les-droits-humains-seffondrent\/"},"modified":"2025-11-18T18:18:35","modified_gmt":"2025-11-18T17:18:35","slug":"liban-syrie-iran-la-ou-les-droits-humains-seffondrent","status":"publish","type":"post","link":"https:\/\/monde25.info\/index.php\/2025\/11\/18\/liban-syrie-iran-la-ou-les-droits-humains-seffondrent\/","title":{"rendered":"Liban, Syrie, Iran\u2026 L\u00e0 o\u00f9 les droits humains s\u2019effondrent"},"content":{"rendered":"<p> <br \/>\n<\/p>\n<div>\n<h4><b>Alors que les projecteurs du monde se d\u00e9tournent, le Moyen-Orient s\u2019asphyxie dans le silence. Derri\u00e8re les discours de stabilit\u00e9 et de modernisation, s\u2019\u00e9tendent des crises humaines \u00e9touff\u00e9es : r\u00e9pression politique, effondrement social, ex\u00e9cutions massives et guerres sans fin.<\/b><\/h4>\n<p>Apr\u00e8s avoir explor\u00e9 dans <a target=\"_blank\" href=\"https:\/\/mrmondialisation.org\/soudan-haiti-yemen-tragedies-silence\/\">un pr\u00e9c\u00e9dent article les drames <\/a><a target=\"_blank\" href=\"https:\/\/mrmondialisation.org\/soudan-haiti-yemen-tragedies-silence\/\">qui secouent <strong>Gaza, <\/strong><strong>le<\/strong><strong> Y\u00e9men et l\u2019Afghanistan<\/strong><\/a>, trois foyers embl\u00e9matiques d\u2019un effondrement humain et politique, il est temps de <strong>braquer la lumi\u00e8re sur d\u2019autres pays au c\u0153ur du Moyen-Orient, o\u00f9 les droits humains s\u2019effacent dans l\u2019indiff\u00e9rence des puissances qui pr\u00e9tendent d\u00e9fendre la libert\u00e9.<\/strong><\/p>\n<p>Ces trag\u00e9dies forment un m\u00eame tableau : celui d\u2019<b>un ordre r\u00e9gional fragment\u00e9, domin\u00e9 par la violence et l\u2019impunit\u00e9<\/b>. <b>Isra\u00ebl, puissance militaire soutenue par les \u00c9tats-Unis, joue un r\u00f4le central dans <\/b><b>nombre <\/b><b>de ces drames<\/b> \u2013 de la Palestine au Liban, en passant par la Syrie \u2013 pendant que les r\u00e9gimes autoritaires renforcent leur emprise au nom de la \u00ab\u00a0s\u00e9curit\u00e9\u00a0\u00bb et du \u00ab\u00a0progr\u00e8s\u00a0\u00bb. Dans cet entrelacs d\u2019int\u00e9r\u00eats, d\u2019occupations et de r\u00e9sistances, ce sont toujours <b>l<\/b><b>es populations civiles <\/b><b>qui paient le prix du silence international.<\/b><\/p>\n<h2 class=\"western\"><strong>Liban\u00a0: naufrage d\u2019un pays \u00e9puis\u00e9<\/strong><\/h2>\n<p>Le Liban s\u2019enfonce dans une crise multiforme qui conjugue effondrement \u00e9conomique (<a target=\"_blank\" href=\"https:\/\/www.banquemondiale.org\/fr\/news\/press-release\/2022\/01\/24\/lebanon-s-crisis-great-denial-in-the-deliberate-depression\">un des plus graves au monde depuis les ann\u00e9es 1850<\/a>), paralysie institutionnelle, tensions g\u00e9opolitiques et violations graves des droits humains. Environ <b>80 % de la population vit sous le seuil de pauvret\u00e9, contre <a target=\"_blank\" href=\"https:\/\/news.un.org\/fr\/story\/2021\/09\/1103032\">28\u00a0% avant la crise \u00e9conomique de 2019<\/a>. <\/b><\/p>\n<p>En 2023, <a target=\"_blank\" href=\"https:\/\/www.unicef.fr\/article\/au-liban-lavenir-des-enfants-en-suspens\/\">2,5 millions de personnes \u2013 dont 700 000 enfants \u2013 avaient d\u00e9j\u00e0 besoin d\u2019une aide humanitaire<\/a>. La m\u00eame ann\u00e9e, <a target=\"_blank\" href=\"https:\/\/www.unicef.fr\/article\/les-crises-incessantes-au-liban-affectent-de-plus-en-plus-durement-les-enfants\/\">plus de 26\u00a0% des m\u00e9nages d\u00e9claraient que leurs enfants n\u2019\u00e9taient plus scolaris\u00e9s<\/a>. <b>Plus de 16\u00a0% des familles envoient leurs enfants travailler. <\/b>Au moins <a target=\"_blank\" href=\"https:\/\/libnanews.com\/pauvrete-piegee-comment-la-crise-economique-transforme-la-societe-libanaise\/\">250 000 libanais\u00b7es, principalement des jeunes dipl\u00f4m\u00e9\u00b7es, ont quitt\u00e9 le pays durant ces cinq derni\u00e8res ann\u00e9es<\/a>. La crise \u00e9conomique a entra\u00een\u00e9 une <a target=\"_blank\" href=\"https:\/\/www.carefrance.org\/projets\/lutte-contre-les-violences-basees-sur-le-genre\/\">augmentation des violences faites aux femmes<\/a>.<\/p>\n<p>Les infrastructures publiques sont \u00e0 l\u2019agonie : syst\u00e8me de sant\u00e9 au bord du gouffre, p\u00e9nuries massives de m\u00e9dicaments, \u00e9coles en sous-effectifs, coupures d\u2019\u00e9lectricit\u00e9 r\u00e9currentes\u2026 L\u2019explosion du port de Beyrouth en ao\u00fbt 2020 reste un symbole puissant de cet effondrement\u2009; <a target=\"_blank\" href=\"https:\/\/www.hrw.org\/news\/2025\/08\/04\/lebanon-five-years-without-justice-for-port-explosion-victims\">cinq ans apr\u00e8s, aucune justice v\u00e9ritable n\u2019a \u00e9t\u00e9 rendue selon Humans Right Watch<\/a>.<\/p>\n<p>La crise sociale se double d\u2019un vide institutionnel, d\u2019une corruption end\u00e9mique et d\u2019une \u00e9rosion acc\u00e9l\u00e9r\u00e9e des libert\u00e9s publiques. <b><a target=\"_blank\" href=\"https:\/\/www.hrw.org\/fr\/world-report\/2025\/country-chapters\/lebanon#d31256\">Les r\u00e9fugi\u00e9\u00b7es syrien\u00b7nes sont victimes de d\u00e9tentions arbitraires, de tortures et d\u2019expulsions forc\u00e9es<\/a>. <\/b><\/p>\n<p><iframe loading=\"lazy\" title=\"Liban : anatomie d&#039;une guerre | Documentaire | ARTE\" width=\"1110\" height=\"624\" src=\"https:\/\/www.youtube.com\/embed\/F-q4DRggkX4?feature=oembed\" frameborder=\"0\" allow=\"accelerometer; autoplay; clipboard-write; encrypted-media; gyroscope; picture-in-picture; web-share\" referrerpolicy=\"strict-origin-when-cross-origin\" allowfullscreen><\/iframe><\/p>\n<p><b>L\u2019arm\u00e9e isra\u00e9lienne, soutenue par les \u00c9tats-Unis, m\u00e8ne une escalade militaire au sud du Liban depuis 2023<\/b>, <a target=\"_blank\" href=\"https:\/\/reporterre.net\/Au-Sud-Liban-Israel-detruit-l-agriculture\">saccageant des villages<\/a>, <a target=\"_blank\" href=\"https:\/\/www.france24.com\/fr\/moyen-orient\/20251027-liban-onu-france-denoncent-tirs-israeliens-casques-bleus-finul\">occupant cinq positions sur les hauteurs frontali\u00e8res<\/a> et imposant un \u00ab zone tampon \u00bb qui emp\u00eache le retour de dizaines de milliers d\u2019habitants. <b><a target=\"_blank\" href=\"https:\/\/www.radiofrance.fr\/franceinter\/podcasts\/geopolitique\/geopolitique-du-lundi-27-octobre-2025-8066146\">Des frappes isra\u00e9liennes quasi-quotidiennes se sont poursuivies <\/a>malgr\u00e9 un cessez-le-feu<\/b> sign\u00e9 avec le Hezbollah en 2024.<\/p>\n<blockquote>\n<p><strong>\u00ab\u00a0<a target=\"_blank\" href=\"https:\/\/www.amnesty.fr\/presse\/liban-la-destruction-dlibre-de-terres-et-de-biens-\">La destruction massive et d\u00e9lib\u00e9r\u00e9e par l\u2019arm\u00e9e isra\u00e9lienne de terres agricoles et de biens civils dans le sud du Liban doit faire l\u2019objet d\u2019une enqu\u00eate pour crimes de guerre<\/a>\u00a0\u00bb \u2013 Amnesty International<\/strong><\/p>\n<\/blockquote>\n<p>Le FINUL (Force int\u00e9rimaire des Nations unies au Liban), d\u00e9ploy\u00e9e depuis 1978 pour stabiliser la zone, <a target=\"_blank\" href=\"https:\/\/www.france24.com\/fr\/info-en-continu\/20250828-le-conseil-de-s%C3%A9curit%C3%A9-de-l-onu-se-prononce-sur-la-fin-des-casques-bleus-au-liban\">voit son mandat prolong\u00e9 pour la derni\u00e8re fois avant un <\/a><a target=\"_blank\" href=\"https:\/\/www.france24.com\/fr\/info-en-continu\/20250828-le-conseil-de-s%C3%A9curit%C3%A9-de-l-onu-se-prononce-sur-la-fin-des-casques-bleus-au-liban\"><b>retrait pr\u00e9vu fin 2027<\/b><\/a>, <b>sous la pression combin\u00e9e d\u2019Isra\u00ebl et des \u00c9tats-Unis.<\/b><\/p>\n<p><iframe loading=\"lazy\" title=\"Liban : les forces isra\u00e9liennes ont occup\u00e9 et vandalis\u00e9 des \u00e9coles\" width=\"1110\" height=\"624\" src=\"https:\/\/www.youtube.com\/embed\/tI5pT3yS3iI?feature=oembed\" frameborder=\"0\" allow=\"accelerometer; autoplay; clipboard-write; encrypted-media; gyroscope; picture-in-picture; web-share\" referrerpolicy=\"strict-origin-when-cross-origin\" allowfullscreen><\/iframe><\/p>\n<h2 class=\"western\"><b>Syrie : effondrement, recomposition et fractures ouvertes<\/b><\/h2>\n<p>Quatorze ans apr\u00e8s le d\u00e9clenchement d\u2019une guerre civile d\u2019une violence inou\u00efe, la chute du r\u00e9gime de Bachar al-Assad en d\u00e9cembre 2024 a ouvert une p\u00e9riode de transition chaotique. Environ<strong> <a target=\"_blank\" href=\"https:\/\/www.unicef.org\/syria\/media\/21271\/file\/Syria-Humanitarian-situation-report-August-2024.pdf\">16,5 millions de Syrien\u00b7nes \u2013 dont 7,4 millions d\u2019enfants \u2013 ont encore besoin d\u2019une aide humanitaire<\/a>. Il s\u2019agit d\u2019une des plus grandes crises de d\u00e9placement au monde<\/strong> avec <a target=\"_blank\" href=\"https:\/\/www.un.org\/fr\/chronique-onu\/au-sortir-de-la-guerre-les-syriens-sengagent-sur-la-voie-de-la-stabilit%C3%A9-et-du\">plus de 6 millions de r\u00e9fugi\u00e9<\/a><a target=\"_blank\" href=\"https:\/\/www.un.org\/fr\/chronique-onu\/au-sortir-de-la-guerre-les-syriens-sengagent-sur-la-voie-de-la-stabilit%C3%A9-et-du\">\u00b7es \u00e0 l\u2019\u00e9tranger et au moins 7 millions de personnes d\u00e9plac\u00e9es \u00e0 l\u2019int\u00e9rieur du pays<\/a>. <a target=\"_blank\" href=\"https:\/\/www.radiofrance.fr\/franceculture\/podcasts\/cultures-monde\/economie-rebatir-sur-des-ruines-7895807\">80\u00a0% des infrastructures du pays sont d\u00e9truites.<\/a><\/p>\n<p><strong>Les minorit\u00e9s ethniques et religieuses (notamment les communaut\u00e9s kurde, alaouite, druze et chr\u00e9tienne) continuent d\u2019\u00eatre pers\u00e9cut\u00e9es<\/strong>. En juillet 2025, <a target=\"_blank\" href=\"https:\/\/www.amnesty.org\/fr\/latest\/news\/2025\/07\/syria-authorities-must-investigate-abductions-of-alawite-women-and-girls\/\">Amnesty International a document\u00e9 les <\/a><a target=\"_blank\" href=\"https:\/\/www.amnesty.org\/fr\/latest\/news\/2025\/07\/syria-authorities-must-investigate-abductions-of-alawite-women-and-girls\/\">enl\u00e8vements d\u2019au moins 36 femmes et filles (\u00e2g\u00e9es de 3 \u00e0 40 ans) de la communaut\u00e9 alaouite<\/a>.<\/p>\n<p>Dans ce contexte,<strong> Isra\u00ebl a largement exploit\u00e9 la chute du r\u00e9gime Assad. <a target=\"_blank\" href=\"https:\/\/www.theguardian.com\/world\/2025\/mar\/12\/israel-to-occupy-syrian-southern-territory-for-unlimited-time-says-minister\">Les forces isra\u00e9liennes contr\u00f4lent depuis une zone tampon d\u00e9militaris\u00e9e de 400 km\u00b2 \u00e0 l\u2019int\u00e9rieur de la Syrie<\/a>.<\/strong> Tsahal a \u00e9tabli neuf postes militaires en territoire syrien et a men\u00e9 des centaines de bombardements sur la Syrie depuis d\u00e9cembre 2024, notamment <a target=\"_blank\" href=\"https:\/\/news.un.org\/fr\/story\/2025\/09\/1157502\">dans le sud du Damas cet automne<\/a>. Isra\u00ebl occupe \u00e9galement toujours <strong>le plateau du Golan, annex\u00e9 en violation du droit international<\/strong> apr\u00e8s la guerre des Six Jours (1967).<\/p>\n<div class=\"td-a-rec td-a-rec-id-content_inline  tdi_1 td_block_template_1\">\n<center><a target=\"_blank\" href=\"https:\/\/fr.tipeee.com\/mr-mondialisation\" class=\"tipeee-project-small\">Je m&rsquo;abonne \u00e0 Mr Mondialisation<\/a>&#13;<br \/>\n<\/center>&amp;nbsp<\/div>\n<p>Le territoire syrien est ainsi divis\u00e9 : <strong>des zones sous contr\u00f4le du nouveau gouvernement officiel, des r\u00e9gions autonomes kurdes au nord-est, des espaces d\u2019influence \u00e9trang\u00e8re et des zones d\u2019occupation \u00e9trang\u00e8re.<\/strong><\/p>\n<p>Le 13\u00a0octobre 2025, <a target=\"_blank\" href=\"https:\/\/www.humanite.fr\/monde\/daech\/syrie-au-rojava-la-menace-dune-resurgence-djihadiste-malgre-un-cessez-le-feu\">les Kurdes syriens sont parvenus \u00e0 trouver un <\/a><a target=\"_blank\" href=\"https:\/\/www.humanite.fr\/monde\/daech\/syrie-au-rojava-la-menace-dune-resurgence-djihadiste-malgre-un-cessez-le-feu\"><em>\u00ab\u00a0accord de principe\u00a0\u00bb<\/em> avec Damas<\/a> pour int\u00e9grer leurs troupes au sein des forces de s\u00e9curit\u00e9 syriennes, dans un contexte s\u00e9curitaire toujours min\u00e9 par les attaques des groupes islamistes arm\u00e9s. Si cet accord marque une tentative d\u2019apaisement,<strong> il ne suffit pas \u00e0 stabiliser un pays o\u00f9 la r\u00e9surgence de Daech demeure une menace constante.<\/strong><\/p>\n<p><iframe loading=\"lazy\" title=\"ENTRE LA TURQUIE ET LA SYRIE POST-ASSAD : QUEL AVENIR POUR LES KURDES DU ROJAVA ?\" width=\"1110\" height=\"624\" src=\"https:\/\/www.youtube.com\/embed\/aMyrLNNkTlk?feature=oembed\" frameborder=\"0\" allow=\"accelerometer; autoplay; clipboard-write; encrypted-media; gyroscope; picture-in-picture; web-share\" referrerpolicy=\"strict-origin-when-cross-origin\" allowfullscreen><\/iframe><\/p>\n<p>\u00a0<\/p>\n<p>Bien que l\u2019\u00c9tat islamique ait perdu son \u00ab califat \u00bb territorial,<strong> des cellules djihadistes dormantes continuent d\u2019op\u00e9rer dans plusieurs zones du nord et de l\u2019est du pays<\/strong>. Les conditions de mis\u00e8re, l\u2019absence d\u2019\u00c9tat de droit et les tensions communautaires nourrissent ce terrain propice \u00e0 la reconstitution de foyers extr\u00e9mistes. Les institutions demeurent extr\u00eamement fragiles. Selon Najat Rochdi, une des principales responsables de l\u2019ONU sur le dossier syrien\u00a0:<\/p>\n<blockquote>\n<p><strong>\u00ab\u00a0<a target=\"_blank\" href=\"https:\/\/news.un.org\/fr\/story\/2025\/10\/1157723\">La Syrie demeure au bord de l\u2019asphyxie<\/a>\u00a0\u00bb <\/strong><\/p>\n<\/blockquote>\n<p>D\u2019apr\u00e8s elle, <strong>l\u2019absence des femmes dans les institutions <em>\u00ab freine la reconstruction politique \u00bb<\/em><\/strong>, et ce malgr\u00e9 leurs sacrifices immenses pour maintenir la soci\u00e9t\u00e9 debout. Cette marginalisation n\u2019est pas nouvelle. L\u2019histoire des guerres, comme celle des reconstructions, tend \u00e0 effacer le r\u00f4le des femmes, r\u00e9duisant \u00e0 l\u2019ombre celles qui fait tenir debout des communaut\u00e9s enti\u00e8res pendant que les bombes tombaient, puis qu\u2019on a oubli\u00e9es d\u00e8s que les hommes sont revenus \u00e9crire l\u2019histoire.<\/p>\n<p>Au c\u0153ur du chaos syrien, <strong><b>les femmes kurdes<\/b><\/strong><b> incarnent avec force cette m\u00e9moire occult\u00e9e. Elles ont \u00e9t\u00e9 en premi\u00e8re ligne contre les djihadistes,<\/b> payant un lourd tribut dans la lutte contre l\u2019\u00c9tat islamique. Leur engagement, \u00e0 la fois <strong>militaire et \u00e9mancipateur<\/strong>, a contribu\u00e9 \u00e0 la chute du \u00ab califat \u00bb, sans pour autant trouver la reconnaissance qu\u2019il m\u00e9rite. Aujourd\u2019hui encore, leur combat rappelle une \u00e9vidence trop souvent ignor\u00e9e : <strong>aucune reconstruction durable ne peut se faire en effa\u00e7ant la moiti\u00e9 du peuple.<\/strong><\/p>\n<p><iframe loading=\"lazy\" title=\"Combattantes kurdes | Elles luttent contre l\u2019arm\u00e9e islamique\" width=\"1110\" height=\"624\" src=\"https:\/\/www.youtube.com\/embed\/oZ4tnLBvxSY?feature=oembed\" frameborder=\"0\" allow=\"accelerometer; autoplay; clipboard-write; encrypted-media; gyroscope; picture-in-picture; web-share\" referrerpolicy=\"strict-origin-when-cross-origin\" allowfullscreen><\/iframe><\/p>\n<h2 class=\"western\"><strong><b>Cisjordanie : colonisation, impunit\u00e9 et vie sous occupation<\/b><\/strong><\/h2>\n<p><a target=\"_blank\" href=\"https:\/\/www.oxfamfrance.org\/humanitaire-et-urgences\/cisjordanie-la-colonisation-illegale-en-palestine\/\">Occup\u00e9e par Isra\u00ebl depuis <strong>1967<\/strong>, la Cisjordanie subit une violente r\u00e9pression<\/a> qui s\u2019est intensifi\u00e9e ces deux derni\u00e8res ann\u00e9es dans un climat d\u2019impunit\u00e9 totale. <b>Depuis le 7 octobre 2023, la violence des colons et de l\u2019arm\u00e9e isra\u00e9lienne s\u2019est accrue de mani\u00e8re spectaculaire. <\/b><\/p>\n<p>Selon l\u2019Office de secours et de travaux des Nations unies pour les r\u00e9fugi\u00e9s de Palestine dans le Proche-Orient (UNRWA), <a target=\"_blank\" href=\"https:\/\/www.unrwa.org\/fr\/newsroom\/videos\/%E2%80%9Cla-situation-en-cisjordanie-est-tr%C3%A8s-tr%C3%A8s-grave%E2%80%9D-jonathan-fowler-de-lunrwa-sur-bfm2\"><b>plus de <\/b><strong><b>1 000 Palestinien\u00b7nes \u2013 dont <\/b><\/strong><strong><b>environ 200 <\/b><\/strong><strong><b>enfants \u2013 ont \u00e9t\u00e9 tu\u00e9\u00b7es<\/b><\/strong><b> dans le territoire depuis cette date<\/b><\/a><b>.<\/b> Des dizaines de villages palestiniens ont \u00e9t\u00e9 vid\u00e9s de leurs habitants sous la menace directe des colons ou \u00e0 la suite de d\u00e9molitions ordonn\u00e9es par l\u2019arm\u00e9e.<\/p>\n<p><iframe loading=\"lazy\" title=\"Reportage en Cisjordanie dans la plus grande colonie isra\u00e9lienne - En Soci\u00e9t\u00e9 3 novembre 2025\" width=\"1110\" height=\"624\" src=\"https:\/\/www.youtube.com\/embed\/xKMDyDJyYxE?feature=oembed\" frameborder=\"0\" allow=\"accelerometer; autoplay; clipboard-write; encrypted-media; gyroscope; picture-in-picture; web-share\" referrerpolicy=\"strict-origin-when-cross-origin\" allowfullscreen><\/iframe><\/p>\n<p>Selon <strong>Oxfam<\/strong>, <b>l\u2019expansion des colonies isra\u00e9liennes atteint aujourd\u2019hui un niveau sans pr\u00e9c\u00e9dent : <a target=\"_blank\" href=\"https:\/\/www.oxfamfrance.org\/humanitaire-et-urgences\/cisjordanie-la-colonisation-illegale-en-palestine\/\">plus de 7<\/a><\/b><a target=\"_blank\" href=\"https:\/\/www.oxfamfrance.org\/humanitaire-et-urgences\/cisjordanie-la-colonisation-illegale-en-palestine\/\"><strong><b>00 000 colons<\/b><\/strong><b> vivent en Cisjordanie<\/b><\/a> \u2013 dans des implantations toutes ill\u00e9gales au regard du droit international \u2013 et <a target=\"_blank\" href=\"https:\/\/www.humanite.fr\/monde\/cisjordanie\/en-cisjordanie-les-colons-tuent-et-larmee-israelienne-les-protege\">se livrent quasi-quotidiennement \u00e0 <\/a><a target=\"_blank\" href=\"https:\/\/www.humanite.fr\/monde\/cisjordanie\/en-cisjordanie-les-colons-tuent-et-larmee-israelienne-les-protege\"><b>des exactions contre les Palestinien<\/b><strong><b>\u00b7nes<\/b><\/strong><\/a><strong> (<\/strong><a target=\"_blank\" href=\"https:\/\/www.amnesty.fr\/actualites\/cisjordanie-les-colons-israeliens-chassent-les-habitants-bedouins-palestiniens-de-leur-terre\"><strong>d\u00e9<\/strong><strong>molition de maisons, villages br\u00fbl\u00e9s, harc\u00e8lement, violences physiques, meurtres\u2026<\/strong><\/a><strong>) avec la protection de l\u2019arm\u00e9e isra\u00e9lienne<\/strong>.<\/p>\n<p>Le 22 octobre 2025,<b> <a target=\"_blank\" href=\"https:\/\/www.rfi.fr\/fr\/moyen-orient\/20251023-isra%C3%ABl-le-parlement-ouvre-la-voie-%C3%A0-une-extension-de-sa-souverainet%C3%A9-en-cisjordanie\">le Parlement isra\u00e9lien a approuv\u00e9 en lecture pr\u00e9liminaire des projets de loi d\u2019extr\u00eame droite visant \u00e0 <\/a><\/b><a target=\"_blank\" href=\"https:\/\/www.rfi.fr\/fr\/moyen-orient\/20251023-isra%C3%ABl-le-parlement-ouvre-la-voie-%C3%A0-une-extension-de-sa-souverainet%C3%A9-en-cisjordanie\"><strong><b>annexer purement et simplement<\/b><\/strong><b> le territoire<\/b><\/a>, o\u00f9 vivent <strong>3,4 millions de Palestinien\u00b7nes priv\u00e9\u00b7es de tout droit politique effectif.<\/strong><\/p>\n<h2 class=\"western\"><strong>Iran : r\u00e9pression sanglante et effondrement des droits fondamentaux<\/strong><\/h2>\n<p><strong>L\u2019Iran traverse une p\u00e9riode d\u2019autoritarisme<\/strong> <strong>renforc\u00e9<\/strong> apr\u00e8s les grandes mobilisations de 2022 sous le slogan <em>Femme, Vie, Libert\u00e9<\/em><em>, <\/em>suite \u00e0 la mort de Mahsa Amini. <b><a target=\"_blank\" href=\"https:\/\/www.courrierinternational.com\/article\/peine-capitale-en-iran-plus-de-500-executions-en-2022\">Des centaines de personnes ont \u00e9t\u00e9 ex\u00e9cut\u00e9es<\/a> cette ann\u00e9e-l\u00e0 et <a target=\"_blank\" href=\"https:\/\/www.france24.com\/fr\/moyen-orient\/20221124-la-r%C3%A9pression-en-iran-en-d%C3%A9bat-au-conseil-des-droits-de-l-homme-de-l-onu\">15 000 arr\u00eat\u00e9es<\/a>. En mars 2023, Mr Mondialisation publiait un article sur <a target=\"_blank\" href=\"https:\/\/mrmondialisation.org\/le-peuple-diran-en-quete-dune-revolution-inachevee\/\">le peuple iranien en qu\u00eate d\u2019une r\u00e9volution inachev\u00e9e.<\/a><\/b><\/p>\n<p>Et la situation n\u2019a cess\u00e9 d\u2019empirer depuis. <strong>L\u2019espace civique est pratiquement inexistant :<\/strong> la libert\u00e9 d\u2019expression, les m\u00e9dias, les organisations de la soci\u00e9t\u00e9 civile et les mouvements de femmes sont \u00e9troitement surveill\u00e9s et r\u00e9prim\u00e9s. <a target=\"_blank\" href=\"https:\/\/www.amnesty.fr\/liberte-d-expression\/actualites\/iran-durcissement-repression-contre-femmes\">Depuis d\u00e9but 2025, la r\u00e9pression contre les femmes et les filles, mais aussi <\/a><a target=\"_blank\" href=\"https:\/\/www.amnesty.fr\/liberte-d-expression\/actualites\/iran-durcissement-repression-contre-femmes\"><strong>les d\u00e9fenseur\u00b7es des droits des femmes s\u2019est globalement intensifi\u00e9e<\/strong><\/a>\u00a0: arrestations arbitraires, violences physiques, poursuites judiciaires iniques, ex\u00e9cutions\u2026<\/p>\n<p>Selon Amnesty International,<b> <a target=\"_blank\" href=\"https:\/\/www.amnesty.fr\/presse\/iran-plus-de-1-000-personnes-excutes-depuis-dbut-2\">plus de 1 000 personnes ont \u00e9t\u00e9 ex\u00e9cut\u00e9es depuis le d\u00e9but de l\u2019ann\u00e9e<\/a>, taux le plus \u00e9lev\u00e9 depuis au moins 15 ans<\/b>. La peine de mort comme instrument de r\u00e9pression pour \u00e9craser tout potentielle contestation est devenue syst\u00e9matique depuis 2022. <b><a target=\"_blank\" href=\"https:\/\/news.un.org\/fr\/story\/2024\/08\/1147656\">Les minorit\u00e9s religieuses et ethniques sont aussi lourdement cibl\u00e9es<\/a>, en particulier les minorit\u00e9s kurdes et baloutches, <\/b>dans une indiff\u00e9rence internationale grandissante.<\/p>\n<p><iframe loading=\"lazy\" title=\"Gardiens de la r\u00e9volution : Les ma\u00eetres de l\u2019Iran (2\/2) | Documentaire | ARTE\" width=\"1110\" height=\"624\" src=\"https:\/\/www.youtube.com\/embed\/_1shKcRKjQs?feature=oembed\" frameborder=\"0\" allow=\"accelerometer; autoplay; clipboard-write; encrypted-media; gyroscope; picture-in-picture; web-share\" referrerpolicy=\"strict-origin-when-cross-origin\" allowfullscreen><\/iframe><\/p>\n<p><a target=\"_blank\" href=\"https:\/\/www.ohchr.org\/en\/hr-bodies\/hrc\/ffm-iran\/index\">Le 3 avril 2025, le Conseil des droits de l\u2019homme de l\u2019ONU a prolong\u00e9 et \u00e9largi le mandat de la mission d\u2019enqu\u00eate internationale sur l\u2019Iran<\/a> pour documenter et conserver des preuves des violations des droits humains en vue de poursuites futures.<\/p>\n<p><strong>L\u2019escalade militaire entre l\u2019Iran et Isra\u00ebl a contribu\u00e9 \u00e0 cette nouvelle phase d\u2019instabilit\u00e9<\/strong>. En juin 2025, des frappes isra\u00e9liennes massives ont vis\u00e9 notamment des sites militaires et nucl\u00e9aires iraniens, mais aussi des infrastructures civiles <a target=\"_blank\" href=\"https:\/\/news.un.org\/fr\/story\/2025\/06\/1156611\"><strong>(causant 224 morts et plus de 2 500 bless\u00e9s, dont 90 % de civils<\/strong><\/a>). L\u2019Iran a r\u00e9pliqu\u00e9, frappant \u00e0 son tour des infrastructures civiles en Isra\u00ebl. Cette confrontation, l\u2019une des plus graves entre les deux pays, a aggrav\u00e9 la crise humanitaire et renforc\u00e9 le discours s\u00e9curitaire du r\u00e9gime, qui <strong>instrumentalise la guerre pour justifier la r\u00e9pression int\u00e9rieure et resserrer son contr\u00f4le sur la population.<\/strong><\/p>\n<h2 class=\"western\"><b>Irak : stabilit\u00e9 trompeuse, oppression persistante et marges laiss\u00e9es \u00e0 l\u2019effondrement<\/b><\/h2>\n<p>Vingt ans apr\u00e8s l\u2019invasion am\u00e9ricaine de 2003,<b> l\u2019Irak peine encore \u00e0 se relever des cons\u00e9quences d\u2019une guerre qui a d\u00e9sint\u00e9gr\u00e9 ses institutions et fractur\u00e9 sa soci\u00e9t\u00e9<\/b>. La chute du r\u00e9gime de Saddam Hussein, l\u2019occupation militaire et la politique de d\u00e9basification ont plong\u00e9 le pays dans un vide politique \u2013 <b>une cause majeure de l\u2019\u00e9mergence de<\/b><b> <\/b><b>l\u2019<\/b><b>\u00c9tat islamique.<\/b><\/p>\n<p>L\u2019Irak affiche une apparente stabilit\u00e9 apr\u00e8s la lutte contre Daech, mais les d\u00e9fis restent massifs : un appareil d\u2019\u00c9tat affaibli, <a target=\"_blank\" href=\"https:\/\/www.radiofrance.fr\/franceinter\/podcasts\/capture-d-ecrans\/capture-d-ecrans-du-mardi-30-septembre-2025-5180104\">des milices omnipr\u00e9sentes<\/a>, une justice paralys\u00e9e et une <b>crise humanitaire persistante avec <a target=\"_blank\" href=\"https:\/\/www.solidarites.org\/fr\/missions\/irak\/\">plus d\u2019un million de personnes toujours d\u00e9plac\u00e9es<\/a><\/b><a target=\"_blank\" href=\"https:\/\/www.solidarites.org\/fr\/missions\/irak\/\"> (dont pr\u00e8s de 150 000 vivent dans des camps ouverts)<\/a>. <a target=\"_blank\" href=\"https:\/\/iraq.un.org\/sites\/default\/files\/2025-06\/For_Iraq_2024_2025_ENG_final_Web_0.pdf\">Les besoins humanitaires demeurent \u00e9lev\u00e9s<\/a>. Selon Amnesty International, <b><a target=\"_blank\" href=\"https:\/\/www.amnesty.org\/fr\/location\/middle-east-and-north-africa\/middle-east\/iraq\/report-iraq\/\">l\u2019impunit\u00e9 demeure la r\u00e8gle pour les violations<\/a> commises pendant et apr\u00e8s les op\u00e9rations militaires contre l\u2019\u00c9<\/b><b>tat islamique <\/b>: des milliers de disparitions forc\u00e9es restent non \u00e9lucid\u00e9es.<\/p>\n<p><a target=\"_blank\" href=\"https:\/\/www.amnesty.fr\/pays\/irak\"><b>La libert\u00e9 d\u2019expression et les activit\u00e9s de la soci\u00e9t\u00e9 civile sont de plus en plus encadr\u00e9es<\/b><\/a> : les autorit\u00e9s ont multipli\u00e9 les arrestations pour \u00ab contenu ind\u00e9cent \u00bb, ont harcel\u00e9 et menac\u00e9 des journalistes au Kurdistan irakien et restent d\u2019une rare lenteur dans les r\u00e9parations des victimes de violences d\u2019\u00c9tat.<\/p>\n<p><iframe loading=\"lazy\" title=\"Irak : sous emprise | Documentaire | ARTE\" width=\"1110\" height=\"624\" src=\"https:\/\/www.youtube.com\/embed\/D2-40fXULKo?feature=oembed\" frameborder=\"0\" allow=\"accelerometer; autoplay; clipboard-write; encrypted-media; gyroscope; picture-in-picture; web-share\" referrerpolicy=\"strict-origin-when-cross-origin\" allowfullscreen><\/iframe><\/p>\n<h2 class=\"western\"><strong><b>Arabie saoudite : modernisation de fa\u00e7ade, autoritarisme consolid\u00e9<\/b><\/strong><\/h2>\n<p>Derri\u00e8re l\u2019image de modernisation v\u00e9hicul\u00e9e par le r\u00e9gime de Mohammed ben Salmane (MBS), <b>l\u2019Arabie saoudite reste l\u2019un des \u00c9tats les plus autoritaires du monde<\/b>. Sous couvert de r\u00e9formes \u00e9conomiques et sociales, le pouvoir a renforc\u00e9 la surveillance, la censure et la r\u00e9pression politique. Selon <a target=\"_blank\" href=\"https:\/\/www.amnesty.org\/fr\/documents\/act50\/8976\/2025\/fr\/\">un rapport d\u2019Amnesty International, le royaume a proc\u00e9d\u00e9 \u00e0 <\/a><a target=\"_blank\" href=\"https:\/\/www.amnesty.org\/fr\/documents\/act50\/8976\/2025\/fr\/\"><b>au moins <\/b><strong><b>345 ex\u00e9cutions en 2024<\/b><\/strong><\/a><strong><b>, <\/b><\/strong><strong>le double par rapport \u00e0 l\u2019ann\u00e9e pr\u00e9c\u00e9dente. <a target=\"_blank\" href=\"https:\/\/www.lemonde.fr\/international\/article\/2025\/07\/10\/l-arabie-saoudite-a-execute-plus-de-cent-etrangers-depuis-le-mois-de-janvier_6620498_3210.html\">Plus de cent \u00e9trangers ont aussi \u00e9t\u00e9 ex\u00e9cut\u00e9s depuis le d\u00e9but de cette ann\u00e9e 2025<\/a>. <\/strong>\u00c0 ce propos, Agn\u00e8s Callamard, Secr\u00e9taire g\u00e9n\u00e9rale d\u2019Amnesty International, explique :<\/p>\n<blockquote>\n<p><strong>\u00ab\u00a0L\u2019Arabie saoudite fait partie des pays qui ont le plus recours \u00e0 la peine de mort au monde<span lang=\"fr-CH\">. Ceux et celles qui osent d\u00e9fier les autorit\u00e9s se retrouvent face au ch\u00e2timent le plus cruel qui soit, en particulier en Iran et en Arabie saoudite, o\u00f9 la peine de mort est utilis\u00e9e pour faire taire les personnes assez courageuses pour s\u2019exprimer. <\/span>\u00bb\u00a0<\/strong><\/p>\n<\/blockquote>\n<p>Sur le plan des libert\u00e9s, <a target=\"_blank\" href=\"https:\/\/www.hrw.org\/world-report\/2025\/country-chapters\/saudi-arabia\">le syst\u00e8me judiciaire saoudien continue de se servir de la loi antiterroriste pour museler la dissidence<\/a>, tandis que <strong>les femmes, les migrant\u00b7es et les membres de la minorit\u00e9 chiite sont soumis \u00e0 des discriminations structurelles<\/strong>. L\u2019Arabie saoudite n\u2019a aucune loi contre les discriminations. La loi maintient au contraire les femmes sous la tutelle des hommes, et inclut <strong>des dispositions qui facilitent les violences domestiques et les abus sexuels dans le cadre du mariage.<\/strong><\/p>\n<p>Derri\u00e8re les gratte-ciels de Riyad et les promesses de \u00ab\u00a0Vision 2030\u00a0\u00bb, le pays repose sur un syst\u00e8me d\u2019<a target=\"_blank\" href=\"https:\/\/www.amnesty.org\/fr\/latest\/news\/2025\/05\/saudi-arabia-migrant-domestic-workers-face-severe-exploitation-racism-and-exclusion-from-labour-protections\/\">exploitation extr\u00eame des travailleurs migrant\u00b7es<\/a> soumis\u00b7es \u00e0 des conditions proches de l\u2019esclavage.<\/p>\n<p align=\"right\">\u2013 <strong><i>Elena Meilune<\/i><\/strong><\/p>\n<hr\/>\n<p style=\"text-align: left;\" align=\"right\">Photographie d\u2019en-t\u00eate : Des femmes et des enfants parmi les r\u00e9fugi\u00e9\u00b7es syrien\u00b7nes en gr\u00e8ve sur le quai de la gare de Budapest-Keleti, Hongrie. 4 septembre 2015<span class=\"mw-page-title-main\">\u00a0@ Wikimedia Commons<\/span><\/p>\n<div class=\"td-a-rec td-a-rec-id-content_bottom  tdi_2 td_block_template_1\">\n<span class=\"td-adspot-title\">&#8211; Cet article gratuit, ind\u00e9pendant et sans IA existe gr\u00e2ce aux abonn\u00e9s &#8211;<\/span><\/p>\n<div class=\"td-all-devices\">\n    <a target=\"_blank\" href=\"https:\/\/mrmondialisation.org\/donation\/\" title=\"Faire_un_don\"><img decoding=\"async\" class=\"donationArticle\" src=\"https:\/\/mrmondialisation.org\/wp-content\/uploads\/2022\/12\/220405-flikalicious-final.jpg\" alt=\"Donation\"\/><\/a>\n<\/div>\n<\/div><\/div>\n<p><br \/>\n<br \/><a href=\"https:\/\/mrmondialisation.org\/liban-syrie-iran-droits-humains\/\" target=\"_blank\"\">Source link <\/a><\/p>\n","protected":false},"excerpt":{"rendered":"<p>Alors que les projecteurs du monde se d\u00e9tournent, le Moyen-Orient s\u2019asphyxie dans le silence. Derri\u00e8re les discours de stabilit\u00e9 et de modernisation, s\u2019\u00e9tendent des crises humaines \u00e9touff\u00e9es : r\u00e9pression politique,&hellip; <\/p>\n","protected":false},"author":1,"featured_media":19592,"comment_status":"open","ping_status":"open","sticky":false,"template":"","format":"standard","meta":{"footnotes":""},"categories":[1],"tags":[],"class_list":["post-19591","post","type-post","status-publish","format-standard","has-post-thumbnail","hentry","category-non-classe"],"_links":{"self":[{"href":"https:\/\/monde25.info\/index.php\/wp-json\/wp\/v2\/posts\/19591","targetHints":{"allow":["GET"]}}],"collection":[{"href":"https:\/\/monde25.info\/index.php\/wp-json\/wp\/v2\/posts"}],"about":[{"href":"https:\/\/monde25.info\/index.php\/wp-json\/wp\/v2\/types\/post"}],"author":[{"embeddable":true,"href":"https:\/\/monde25.info\/index.php\/wp-json\/wp\/v2\/users\/1"}],"replies":[{"embeddable":true,"href":"https:\/\/monde25.info\/index.php\/wp-json\/wp\/v2\/comments?post=19591"}],"version-history":[{"count":0,"href":"https:\/\/monde25.info\/index.php\/wp-json\/wp\/v2\/posts\/19591\/revisions"}],"wp:featuredmedia":[{"embeddable":true,"href":"https:\/\/monde25.info\/index.php\/wp-json\/wp\/v2\/media\/19592"}],"wp:attachment":[{"href":"https:\/\/monde25.info\/index.php\/wp-json\/wp\/v2\/media?parent=19591"}],"wp:term":[{"taxonomy":"category","embeddable":true,"href":"https:\/\/monde25.info\/index.php\/wp-json\/wp\/v2\/categories?post=19591"},{"taxonomy":"post_tag","embeddable":true,"href":"https:\/\/monde25.info\/index.php\/wp-json\/wp\/v2\/tags?post=19591"}],"curies":[{"name":"wp","href":"https:\/\/api.w.org\/{rel}","templated":true}]}}