{"id":19601,"date":"2025-11-18T21:04:36","date_gmt":"2025-11-18T20:04:36","guid":{"rendered":"https:\/\/monde25.info\/index.php\/2025\/11\/18\/lecosysteme-francais-de-la-videosurveillance-algorithmique-par-cecile-marin-le-monde-diplomatique-novembre-2025\/"},"modified":"2025-11-18T21:04:36","modified_gmt":"2025-11-18T20:04:36","slug":"lecosysteme-francais-de-la-videosurveillance-algorithmique-par-cecile-marin-le-monde-diplomatique-novembre-2025","status":"publish","type":"post","link":"https:\/\/monde25.info\/index.php\/2025\/11\/18\/lecosysteme-francais-de-la-videosurveillance-algorithmique-par-cecile-marin-le-monde-diplomatique-novembre-2025\/","title":{"rendered":"L\u2019\u00e9cosyst\u00e8me fran\u00e7ais de la vid\u00e9osurveillance algorithmique, par C\u00e9cile Marin (Le Monde diplomatique, novembre 2025)"},"content":{"rendered":"<p> <br \/>\n<\/p>\n<div couleurclaire=\"ccfefc\" couleurmi=\"00ccc1\" couleursombre=\"003230\">\n<p>Cette infographie identifie les grands acteurs fran\u00e7ais de la vid\u00e9osurveillance algorithmique et montre comment pouvoirs publics et entreprises priv\u00e9es articulent leurs efforts pour couvrir les espaces publics ou semi-publics (gares) de cam\u00e9ras.<\/p>\n<p>Le petit sch\u00e9ma en haut \u00e0 gauche d\u00e9crit le cycle de la peur qui conduit d\u2019une panique morale entretenue par les m\u00e9dias au d\u00e9ploiement exp\u00e9rimental de dispositifs puis \u00e0 la cons\u00e9cration l\u00e9gislative de cet \u00e9tat d\u2019exception.<\/p>\n<p>Le sch\u00e9ma principal, lui, d\u00e9voile les noms, les lieux, les pratiques des organismes impliqu\u00e9s dans la vid\u00e9osurveillance, et d\u00e9taille leurs rapports d\u2019influence et de financement mutuels. Il r\u00e9v\u00e8le comment, notamment par l\u2019interm\u00e9diaire du Comit\u00e9 strat\u00e9gique de fili\u00e8re des industries de s\u00e9curit\u00e9 (CSF-IS) qui structure et soutient le march\u00e9, l\u2019\u00c9tat se place au c\u0153ur de ce partenariat public-priv\u00e9 pour la destruction de certaines libert\u00e9s fondamentales.<\/p>\n<\/p><\/div>\n<p><br \/>\n<br \/><a href=\"https:\/\/www.monde-diplomatique.fr\/cartes\/france-surveillance-algo\" target=\"_blank\"\">Source link <\/a><\/p>\n","protected":false},"excerpt":{"rendered":"<p>Cette infographie identifie les grands acteurs fran\u00e7ais de la vid\u00e9osurveillance algorithmique et montre comment pouvoirs publics et entreprises priv\u00e9es articulent leurs efforts pour couvrir les espaces publics ou semi-publics (gares)&hellip; <\/p>\n","protected":false},"author":1,"featured_media":19602,"comment_status":"open","ping_status":"open","sticky":false,"template":"","format":"standard","meta":{"footnotes":""},"categories":[1],"tags":[],"class_list":["post-19601","post","type-post","status-publish","format-standard","has-post-thumbnail","hentry","category-non-classe"],"_links":{"self":[{"href":"https:\/\/monde25.info\/index.php\/wp-json\/wp\/v2\/posts\/19601","targetHints":{"allow":["GET"]}}],"collection":[{"href":"https:\/\/monde25.info\/index.php\/wp-json\/wp\/v2\/posts"}],"about":[{"href":"https:\/\/monde25.info\/index.php\/wp-json\/wp\/v2\/types\/post"}],"author":[{"embeddable":true,"href":"https:\/\/monde25.info\/index.php\/wp-json\/wp\/v2\/users\/1"}],"replies":[{"embeddable":true,"href":"https:\/\/monde25.info\/index.php\/wp-json\/wp\/v2\/comments?post=19601"}],"version-history":[{"count":0,"href":"https:\/\/monde25.info\/index.php\/wp-json\/wp\/v2\/posts\/19601\/revisions"}],"wp:featuredmedia":[{"embeddable":true,"href":"https:\/\/monde25.info\/index.php\/wp-json\/wp\/v2\/media\/19602"}],"wp:attachment":[{"href":"https:\/\/monde25.info\/index.php\/wp-json\/wp\/v2\/media?parent=19601"}],"wp:term":[{"taxonomy":"category","embeddable":true,"href":"https:\/\/monde25.info\/index.php\/wp-json\/wp\/v2\/categories?post=19601"},{"taxonomy":"post_tag","embeddable":true,"href":"https:\/\/monde25.info\/index.php\/wp-json\/wp\/v2\/tags?post=19601"}],"curies":[{"name":"wp","href":"https:\/\/api.w.org\/{rel}","templated":true}]}}