{"id":19603,"date":"2025-11-18T21:37:37","date_gmt":"2025-11-18T20:37:37","guid":{"rendered":"https:\/\/monde25.info\/index.php\/2025\/11\/18\/a-lonu-les-anti-jo-sortent-les-violoncelles\/"},"modified":"2025-11-18T21:37:37","modified_gmt":"2025-11-18T20:37:37","slug":"a-lonu-les-anti-jo-sortent-les-violoncelles","status":"publish","type":"post","link":"https:\/\/monde25.info\/index.php\/2025\/11\/18\/a-lonu-les-anti-jo-sortent-les-violoncelles\/","title":{"rendered":"\u00c0 l&#039;ONU, les anti-JO sortent les violoncelles"},"content":{"rendered":"<p> <br \/>\n<br \/><img loading=\"lazy\" decoding=\"async\" src=\"https:\/\/reporterre.net\/local\/cache-vignettes\/L700xH467\/photo-2025-11-18-17-49-57_1_-c9951.jpg?1763485424\" class=\"spip_logo\" width=\"700\" height=\"467\" alt=\"\" \/><\/p>\n<p>Un air d&rsquo;Offenbach pour d\u00e9noncer l&rsquo;organisation des Jeux olympiques\u00a0(<span class=\"caps\">JO<\/span>) 2030 en France. Le 18\u00a0novembre, face \u00e0 l&rsquo;entr\u00e9e des Nations unies \u00e0 Gen\u00e8ve, Delphine Larat, juriste et cofondatrice du collectif citoyen <span class=\"caps\">JOP<\/span> 2030, a sorti son violoncelle en compagnie du d\u00e9put\u00e9 La France insoumis Jean-Fran\u00e7ois Coulomme. <br class=\"autobr\" \/><br \/>\nLe public \u00e9tait compos\u00e9 d&rsquo;une cinquantaine de militants contre les <span class=\"caps\">JO<\/span> 2030, venus \u00e0 Gen\u00e8ve pour \u00eatre entendus par le comit\u00e9 du respect de la Convention d&rsquo;Aarhus. Un texte ratifi\u00e9 par\u00a0(\u2026)<\/p>\n<p>                    <a target=\"_blank\" href=\"https:\/\/reporterre.net\/A-l-ONU-les-anti-JO-sortent-les-violoncelles?utm_source=RSS&amp;utm_medium=RSS\">Lire la suite<\/a><\/p>\n<p>                    &#8211;<br \/>\n                        <a target=\"_blank\" href=\"https:\/\/reporterre.net\/Breves-20\" rel=\"directory\">En bref<\/a><\/p>\n<p>                    \/<br \/>\n                        <a target=\"_blank\" href=\"https:\/\/reporterre.net\/JO-2030\" rel=\"tag\"><span class=\"caps\">JO<\/span> 2030<\/a><br \/>\n<br \/><br \/>\n<br \/><a href=\"https:\/\/reporterre.net\/A-l-ONU-les-anti-JO-sortent-les-violoncelles\" target=\"_blank\"\">Source link <\/a><\/p>\n","protected":false},"excerpt":{"rendered":"<p>Un air d&rsquo;Offenbach pour d\u00e9noncer l&rsquo;organisation des Jeux olympiques\u00a0(JO) 2030 en France. Le 18\u00a0novembre, face \u00e0 l&rsquo;entr\u00e9e des Nations unies \u00e0 Gen\u00e8ve, Delphine Larat, juriste et cofondatrice du collectif citoyen&hellip; <\/p>\n","protected":false},"author":1,"featured_media":0,"comment_status":"open","ping_status":"open","sticky":false,"template":"","format":"standard","meta":{"footnotes":""},"categories":[1],"tags":[],"class_list":["post-19603","post","type-post","status-publish","format-standard","hentry","category-non-classe"],"_links":{"self":[{"href":"https:\/\/monde25.info\/index.php\/wp-json\/wp\/v2\/posts\/19603","targetHints":{"allow":["GET"]}}],"collection":[{"href":"https:\/\/monde25.info\/index.php\/wp-json\/wp\/v2\/posts"}],"about":[{"href":"https:\/\/monde25.info\/index.php\/wp-json\/wp\/v2\/types\/post"}],"author":[{"embeddable":true,"href":"https:\/\/monde25.info\/index.php\/wp-json\/wp\/v2\/users\/1"}],"replies":[{"embeddable":true,"href":"https:\/\/monde25.info\/index.php\/wp-json\/wp\/v2\/comments?post=19603"}],"version-history":[{"count":0,"href":"https:\/\/monde25.info\/index.php\/wp-json\/wp\/v2\/posts\/19603\/revisions"}],"wp:attachment":[{"href":"https:\/\/monde25.info\/index.php\/wp-json\/wp\/v2\/media?parent=19603"}],"wp:term":[{"taxonomy":"category","embeddable":true,"href":"https:\/\/monde25.info\/index.php\/wp-json\/wp\/v2\/categories?post=19603"},{"taxonomy":"post_tag","embeddable":true,"href":"https:\/\/monde25.info\/index.php\/wp-json\/wp\/v2\/tags?post=19603"}],"curies":[{"name":"wp","href":"https:\/\/api.w.org\/{rel}","templated":true}]}}