{"id":19608,"date":"2025-11-18T23:16:43","date_gmt":"2025-11-18T22:16:43","guid":{"rendered":"https:\/\/monde25.info\/index.php\/2025\/11\/18\/une-ong-suisse-accuse-nestle-davoir-bourre-de-sucre-les-produits-pour-nourrissons-vendus-en-afrique-rt-en-francais\/"},"modified":"2025-11-18T23:16:43","modified_gmt":"2025-11-18T22:16:43","slug":"une-ong-suisse-accuse-nestle-davoir-bourre-de-sucre-les-produits-pour-nourrissons-vendus-en-afrique-rt-en-francais","status":"publish","type":"post","link":"https:\/\/monde25.info\/index.php\/2025\/11\/18\/une-ong-suisse-accuse-nestle-davoir-bourre-de-sucre-les-produits-pour-nourrissons-vendus-en-afrique-rt-en-francais\/","title":{"rendered":"Une ONG suisse accuse Nestl\u00e9 d&rsquo;avoir bourr\u00e9 de sucre les produits pour nourrissons vendus en Afrique \u2014 RT en fran\u00e7ais"},"content":{"rendered":"<p> <br \/>\n<br \/><img decoding=\"async\" src=\"https:\/\/mf.b37mrtl.ru\/french\/images\/2025.11\/thumbnail\/691ca68c87f3ec17fd3bbbd2.jpg\" \/><\/p>\n<div>\n<p class=\"text__summary\">\n                                        Un an et demi apr\u00e8s ses premi\u00e8res r\u00e9v\u00e9lations sur les produits Nestl\u00e9 pour b\u00e9b\u00e9s, Public Eye a effectu\u00e9 une nouvelle enqu\u00eate sur les c\u00e9r\u00e9ales infantiles Cerelac. Les r\u00e9sultats indiquent que la multinationale gave de sucre ses produits pour b\u00e9b\u00e9s destin\u00e9s \u00e0 l\u2019Afrique.\n                                    <\/p>\n<p>Des analyses men\u00e9es par l\u2019ONG suisse Public Eye sur une centaine de c\u00e9r\u00e9ales pour enfants du g\u00e9ant de l\u2019<a target=\"_blank\" href=\"https:\/\/francais.rt.com\/france\/126352-france-bord-gouffre-premier-deficit-commercial-agricole-depuis-1978\">agroalimentaire<\/a> Nestl\u00e9, vendues dans vingt pays africains, et dont les r\u00e9sultats ont \u00e9t\u00e9 publi\u00e9s ce 18 novembre, ont r\u00e9v\u00e9l\u00e9 que plus de 90\u00a0% des produits de la marque Cerelac destin\u00e9s aux b\u00e9b\u00e9s \u00e2g\u00e9s de six mois et plus en Afrique ont une teneur \u00e9lev\u00e9e en sucre. Selon les r\u00e9sultats de l\u2019enqu\u00eate, la teneur moyenne en sucre est de 5,5 grammes par portion, soit l\u2019\u00e9quivalent d\u2019un carr\u00e9 et demi de sucre, explique l\u2019organisation.<\/p>\n<p>Ce taux est de 50\u00a0% plus \u00e9lev\u00e9 que la moyenne d\u00e9tect\u00e9e lors d\u2019une premi\u00e8re investigation effectu\u00e9e en avril 2024, portant principalement sur les produits vendus en Asie et en Am\u00e9rique latine. La m\u00eame ann\u00e9e, Public Eye a rapport\u00e9 que Nestl\u00e9 ajoutait du sucre \u00e0 ses aliments pour b\u00e9b\u00e9s vendus dans des pays \u00e0 faible revenu, comme l&rsquo;Inde, une pratique qu\u2019elle \u00e9vitait sur les march\u00e9s europ\u00e9ens. Cela a engendr\u00e9 une enqu\u00eate de l&rsquo;autorit\u00e9 indienne de r\u00e9gulation alimentaire. Par la suite, la multinationale a mis quatorze nouveaux produits sans sucre sur le march\u00e9, suite aux r\u00e9v\u00e9lations de Public Eye.<\/p>\n<h2>Nestl\u00e9 conteste les r\u00e9sultats de l\u2019enqu\u00eate<\/h2>\n<p>La premi\u00e8re entreprise d\u2019agroalimentaire dans le monde, selon Forbes, a affirm\u00e9 que les taux de tous les types de <a target=\"_blank\" href=\"https:\/\/francais.rt.com\/afrique\/122547-kenya-bientot-systeme-detiquetage-pour-produits-emballes-malsains\">sucres<\/a> ajout\u00e9s dans ses c\u00e9r\u00e9ales pour nourrissons \u00e9taient bien inf\u00e9rieurs \u00e0 ceux fix\u00e9s par l&rsquo;organisme international de normalisation alimentaire, le Codex Alimentarius. \u00ab\u00a0Il est trompeur et scientifiquement inexact de qualifier les sucres provenant des c\u00e9r\u00e9ales et naturellement pr\u00e9sents dans les fruits de sucres raffin\u00e9s ajout\u00e9s aux produits\u00a0\u00bb, a d\u00e9clar\u00e9 un porte-parole de Nestl\u00e9, qui a ajout\u00e9 :\u00a0\u00ab\u00a0Si nous excluons les sucres provenant d&rsquo;ingr\u00e9dients tels que le lait, les c\u00e9r\u00e9ales et les fruits, nos c\u00e9r\u00e9ales pour nourrissons Cerelac ne contiennent pas les niveaux de sucres raffin\u00e9s ajout\u00e9s mentionn\u00e9s dans le rapport\u00a0\u00bb.<\/p>\n<h2>Appels africains \u00e0 mettre fin \u00e0 la politique de deux poids deux mesures<\/h2>\n<p>Le R\u00e9seau international d&rsquo;action pour l&rsquo;alimentation infantile (IBFAN) et 19 organisations de la soci\u00e9t\u00e9 civile de 13 pays africains, dont le Maroc, le Nigeria et l&rsquo;Afrique du Sud, ont exhort\u00e9 le directeur g\u00e9n\u00e9ral de Nestl\u00e9, Philipp Navratil, dans une lettre ouverte ce 17 novembre, \u00e0 mettre un terme \u00e0 ce qu&rsquo;ils qualifient de politique de deux poids deux mesures en mati\u00e8re de sucres ajout\u00e9s dans les aliments pour b\u00e9b\u00e9s vendus en Afrique. \u00ab\u00a0Tous les b\u00e9b\u00e9s ont le m\u00eame droit \u00e0 une alimentation saine \u2013 quelles que soient leur nationalit\u00e9 ou la couleur de leur peau\u00a0\u00bb, d\u00e9noncent les organisations africaines.<\/p>\n<p>Il convient de noter que d\u2019apr\u00e8s l\u2019Organisation mondiale de la sant\u00e9 (OMS), l\u2019exposition pr\u00e9coce au sucre pourrait constituer un facteur d\u2019<a target=\"_blank\" href=\"https:\/\/francais.rt.com\/opinions\/110022-faim-dans-monde-nest-pas-pire-menace-alimentaire\">ob\u00e9sit\u00e9<\/a>, qui progresse, d\u2019ailleurs, \u00e0 une cadence alarmante en Afrique.<\/p>\n<\/div>\n<p><br \/>\n<br \/><a href=\"https:\/\/francais.rt.com\/afrique\/127505-ong-suisse-accuse-nestle-davoir-bourre-de-sucre-produits-pour-nourrissons-vendus-afrique\" target=\"_blank\"\">Source link <\/a><\/p>\n","protected":false},"excerpt":{"rendered":"<p>Un an et demi apr\u00e8s ses premi\u00e8res r\u00e9v\u00e9lations sur les produits Nestl\u00e9 pour b\u00e9b\u00e9s, Public Eye a effectu\u00e9 une nouvelle enqu\u00eate sur les c\u00e9r\u00e9ales infantiles Cerelac. Les r\u00e9sultats indiquent que&hellip; <\/p>\n","protected":false},"author":1,"featured_media":19609,"comment_status":"open","ping_status":"open","sticky":false,"template":"","format":"standard","meta":{"footnotes":""},"categories":[1],"tags":[],"class_list":["post-19608","post","type-post","status-publish","format-standard","has-post-thumbnail","hentry","category-non-classe"],"_links":{"self":[{"href":"https:\/\/monde25.info\/index.php\/wp-json\/wp\/v2\/posts\/19608","targetHints":{"allow":["GET"]}}],"collection":[{"href":"https:\/\/monde25.info\/index.php\/wp-json\/wp\/v2\/posts"}],"about":[{"href":"https:\/\/monde25.info\/index.php\/wp-json\/wp\/v2\/types\/post"}],"author":[{"embeddable":true,"href":"https:\/\/monde25.info\/index.php\/wp-json\/wp\/v2\/users\/1"}],"replies":[{"embeddable":true,"href":"https:\/\/monde25.info\/index.php\/wp-json\/wp\/v2\/comments?post=19608"}],"version-history":[{"count":0,"href":"https:\/\/monde25.info\/index.php\/wp-json\/wp\/v2\/posts\/19608\/revisions"}],"wp:featuredmedia":[{"embeddable":true,"href":"https:\/\/monde25.info\/index.php\/wp-json\/wp\/v2\/media\/19609"}],"wp:attachment":[{"href":"https:\/\/monde25.info\/index.php\/wp-json\/wp\/v2\/media?parent=19608"}],"wp:term":[{"taxonomy":"category","embeddable":true,"href":"https:\/\/monde25.info\/index.php\/wp-json\/wp\/v2\/categories?post=19608"},{"taxonomy":"post_tag","embeddable":true,"href":"https:\/\/monde25.info\/index.php\/wp-json\/wp\/v2\/tags?post=19608"}],"curies":[{"name":"wp","href":"https:\/\/api.w.org\/{rel}","templated":true}]}}