{"id":1966,"date":"2024-12-11T11:42:05","date_gmt":"2024-12-11T10:42:05","guid":{"rendered":"https:\/\/monde25.info\/index.php\/2024\/12\/11\/petit-rappel-sur-ce-quest-la-democratie\/"},"modified":"2024-12-11T11:42:05","modified_gmt":"2024-12-11T10:42:05","slug":"petit-rappel-sur-ce-quest-la-democratie","status":"publish","type":"post","link":"https:\/\/monde25.info\/index.php\/2024\/12\/11\/petit-rappel-sur-ce-quest-la-democratie\/","title":{"rendered":"Petit rappel sur ce qu&rsquo;est la d\u00e9mocratie"},"content":{"rendered":"<p> <br \/>\n<\/p>\n<div>\n<p><span data-contrast=\"auto\">Nombreux sont nos dirigeants qui invoquent actuellement la notion de \u00ab D\u00e9mocratie \u00bb pour justifier ce qui se passe en Syrie, en Roumanie, en G\u00e9orgie ou m\u00eame au sein de l\u2019UE&#8230;\u00a0<\/span><span data-ccp-props=\"{&quot;134233117&quot;:false,&quot;134233118&quot;:false,&quot;201341983&quot;:0,&quot;335559738&quot;:270,&quot;335559739&quot;:270,&quot;335559740&quot;:252}\">\u00a0<\/span><\/p>\n<p><span data-contrast=\"auto\">La d\u00e9finition initiale de la d\u00e9mocratie vient de la Gr\u00e8ce et en particulier de la d\u00e9mocratie Ath\u00e9nienne.\u00a0<\/span><span data-ccp-props=\"{&quot;134233117&quot;:false,&quot;134233118&quot;:false,&quot;201341983&quot;:0,&quot;335559738&quot;:270,&quot;335559739&quot;:270,&quot;335559740&quot;:252}\">\u00a0<\/span><\/p>\n<p><span data-contrast=\"auto\">Invent\u00e9e \u00e0 Ath\u00e8nes aux alentours du V\u1d49 si\u00e8cle avant J\u00e9sus-Christ. Tous les citoyens d\u2019Ath\u00e8nes participent au gouvernement de leur cit\u00e9. R\u00e9unis en Assembl\u00e9e, ils peuvent s\u2019exprimer et prendre des d\u00e9cisions. Ils peuvent exercer des fonctions publiques et sont tous \u00e9gaux devant la Loi m\u00eame si l\u2019acc\u00e8s \u00e0 la citoyennet\u00e9 est limit\u00e9. Par la suite les formes de d\u00e9mocraties vont \u00e9voluer vers celles que nous connaissons aujourd\u2019hui et les femmes vont \u00e9galement y participer.<\/span><span data-ccp-props=\"{&quot;134233117&quot;:false,&quot;134233118&quot;:false,&quot;201341983&quot;:0,&quot;335559738&quot;:270,&quot;335559739&quot;:270,&quot;335559740&quot;:252}\">\u00a0<\/span><\/p>\n<p><span data-contrast=\"auto\">Aujourd\u2019hui, la d\u00e9mocratie est une forme de gouvernement dans laquelle le peuple exerce sa souverainet\u00e9 si elle est directe, elle est participative si le peuple participe aux concertations et repr\u00e9sentative s&rsquo;il l\u2019exerce par l\u2019interm\u00e9diaire de ses repr\u00e9sentants \u00e9lus.\u00a0<\/span><span data-ccp-props=\"{&quot;134233117&quot;:false,&quot;134233118&quot;:false,&quot;201341983&quot;:0,&quot;335559738&quot;:270,&quot;335559739&quot;:270,&quot;335559740&quot;:252}\">\u00a0<\/span><\/p>\n<p><span data-contrast=\"auto\">Pour pouvoir exercer cette souverainet\u00e9 et participer aux d\u00e9cisions, il faut donc autoriser ce que l\u2019on appelle \u00ab le d\u00e9bat d\u00e9mocratique \u00bb indissociable de la libert\u00e9 d\u2019expression et de la libert\u00e9 de conscience.\u00a0<\/span><span data-ccp-props=\"{&quot;134233117&quot;:false,&quot;134233118&quot;:false,&quot;201341983&quot;:0,&quot;335559738&quot;:270,&quot;335559739&quot;:270,&quot;335559740&quot;:252}\">\u00a0<\/span><\/p>\n<p><span data-contrast=\"auto\">Rappelons ce qu\u2019est la Libert\u00e9 de Conscience d\u00e9finie dans l\u2019article 18 de la D\u00e9claration universelle des droits de l&rsquo;homme, ainsi que l\u2019article 1<\/span><span data-contrast=\"auto\" data-fontsize=\"6.5\">er<\/span><span data-contrast=\"auto\"> de la Loi de 1905 :<\/span><span data-ccp-props=\"{&quot;134233117&quot;:false,&quot;134233118&quot;:false,&quot;201341983&quot;:0,&quot;335559738&quot;:270,&quot;335559739&quot;:270,&quot;335559740&quot;:252}\">\u00a0<\/span><\/p>\n<p><span data-contrast=\"auto\">Alors parler de d\u00e9mocratie dans des pays qui interdisent la libert\u00e9 de conscience, ou qui censurent les pens\u00e9es divergentes en leur interdisant de s\u2019exprimer est une inversion narrative totale pour essayer de faire taire et de faire ob\u00e9ir les peuples en question, ce qui n\u2019a plus rien \u00e0 voir avec le concept m\u00eame de d\u00e9mocratie.\u00a0<\/span><span data-ccp-props=\"{&quot;134233117&quot;:false,&quot;134233118&quot;:false,&quot;201341983&quot;:0,&quot;335559738&quot;:270,&quot;335559739&quot;:270,&quot;335559740&quot;:252}\">\u00a0<\/span><\/p>\n<p><span data-contrast=\"auto\">Et compte tenu de ces d\u00e9finitions, simples et faciles \u00e0 comprendre, on peut d\u00e9j\u00e0 constater, vu ce qui se passe en G\u00e9orgie, en Roumanie comme en Angleterre, que l\u2019Europe est en train de rompre totalement avec cette notion.\u00a0Et je ne parle pas de la Syrie et de ce qui s\u2019y passe actuellement, car il y a peu de chance que le terme d\u00e9mocratie puisse \u00eatre applicable au nouveau gouvernement.<\/span><span data-ccp-props=\"{&quot;134233117&quot;:false,&quot;134233118&quot;:false,&quot;201341983&quot;:0,&quot;335559738&quot;:270,&quot;335559739&quot;:270,&quot;335559740&quot;:252}\">\u00a0<\/span><\/p>\n<p><span data-contrast=\"auto\">Donc il para\u00eet indispensable de rappeler \u00e0 tous les journalistes ces d\u00e9finitions pour qu\u2019ils arr\u00eatent de parler de d\u00e9mocratie dans des pays qui l\u2019ont d\u00e9j\u00e0 abandonn\u00e9e ou dont les croyances religieuses leur interdisent le \u00ab d\u00e9bat d\u00e9mocratique \u00bb.<\/span><span data-ccp-props=\"{&quot;134233117&quot;:false,&quot;134233118&quot;:false,&quot;201341983&quot;:0,&quot;335559738&quot;:270,&quot;335559739&quot;:270,&quot;335559740&quot;:252}\">\u00a0<\/span><\/p>\n<\/div>\n<p><script>(function(d, s, id) {  var js, fjs = d.getElementsByTagName(s)[0];  if (d.getElementById(id)) return;  js = d.createElement(s); js.id = id;  js.src = \"\/\/connect.facebook.net\/fr_FR\/sdk.js#xfbml=1&version=v2.3\";  fjs.parentNode.insertBefore(js, fjs);}(document, \"script\", \"facebook-jssdk\"));<\/script><br \/>\n<br \/><br \/>\n<br \/><a href=\"https:\/\/www.francesoir.fr\/opinions-tribunes\/petit-rappel-sur-ce-qu-est-la-democratie\" target=\"_blank\"\">Source link <\/a><\/p>\n","protected":false},"excerpt":{"rendered":"<p>Nombreux sont nos dirigeants qui invoquent actuellement la notion de \u00ab D\u00e9mocratie \u00bb pour justifier ce qui se passe en Syrie, en Roumanie, en G\u00e9orgie ou m\u00eame au sein de&hellip; <\/p>\n","protected":false},"author":1,"featured_media":1967,"comment_status":"open","ping_status":"open","sticky":false,"template":"","format":"standard","meta":{"footnotes":""},"categories":[1],"tags":[],"class_list":["post-1966","post","type-post","status-publish","format-standard","has-post-thumbnail","hentry","category-non-classe"],"_links":{"self":[{"href":"https:\/\/monde25.info\/index.php\/wp-json\/wp\/v2\/posts\/1966","targetHints":{"allow":["GET"]}}],"collection":[{"href":"https:\/\/monde25.info\/index.php\/wp-json\/wp\/v2\/posts"}],"about":[{"href":"https:\/\/monde25.info\/index.php\/wp-json\/wp\/v2\/types\/post"}],"author":[{"embeddable":true,"href":"https:\/\/monde25.info\/index.php\/wp-json\/wp\/v2\/users\/1"}],"replies":[{"embeddable":true,"href":"https:\/\/monde25.info\/index.php\/wp-json\/wp\/v2\/comments?post=1966"}],"version-history":[{"count":0,"href":"https:\/\/monde25.info\/index.php\/wp-json\/wp\/v2\/posts\/1966\/revisions"}],"wp:featuredmedia":[{"embeddable":true,"href":"https:\/\/monde25.info\/index.php\/wp-json\/wp\/v2\/media\/1967"}],"wp:attachment":[{"href":"https:\/\/monde25.info\/index.php\/wp-json\/wp\/v2\/media?parent=1966"}],"wp:term":[{"taxonomy":"category","embeddable":true,"href":"https:\/\/monde25.info\/index.php\/wp-json\/wp\/v2\/categories?post=1966"},{"taxonomy":"post_tag","embeddable":true,"href":"https:\/\/monde25.info\/index.php\/wp-json\/wp\/v2\/tags?post=1966"}],"curies":[{"name":"wp","href":"https:\/\/api.w.org\/{rel}","templated":true}]}}