{"id":197,"date":"2024-11-15T19:02:44","date_gmt":"2024-11-15T18:02:44","guid":{"rendered":"https:\/\/monde25.info\/index.php\/2024\/11\/15\/letrange-enlevement-par-israel-dun-capitaine-de-navire-libanais\/"},"modified":"2024-11-15T19:02:44","modified_gmt":"2024-11-15T18:02:44","slug":"letrange-enlevement-par-israel-dun-capitaine-de-navire-libanais","status":"publish","type":"post","link":"https:\/\/monde25.info\/index.php\/2024\/11\/15\/letrange-enlevement-par-israel-dun-capitaine-de-navire-libanais\/","title":{"rendered":"L\u2019\u00e9trange enl\u00e8vement par Isra\u00ebl d\u2019un capitaine de navire libanais"},"content":{"rendered":"<p> <br \/>\n<\/p>\n<div>\n<p>par <strong>The Cradle<\/strong><\/p>\n<p>En 2006, Isra\u00ebl a cru capturer le secr\u00e9taire g\u00e9n\u00e9ral du Hezbollah, Hassan Nasrallah. Mais ils n\u2019ont appr\u00e9hend\u00e9 qu\u2019un pl\u00e2trier du m\u00eame nom lors d\u2019une op\u00e9ration rat\u00e9e vite devenue un sujet de moquerie.<\/p>\n<p>Les forces isra\u00e9liennes ont r\u00e9cemment enlev\u00e9 un capitaine de navire libanais en raison de ses pr\u00e9tendus liens avec le Hezbollah, une all\u00e9gation d\u00e9mentie par sa famille et par le mouvement de r\u00e9sistance libanais. L\u2019enl\u00e8vement d\u2019Imad Amhaz fait-il partie d\u2019une s\u00e9rie d\u2019op\u00e9rations isra\u00e9liennes rat\u00e9es ?<\/p>\n<p>Les d\u00e9tails entourant l\u2019<a target=\"_blank\" href=\"https:\/\/ssofidelis.substack.com\/p\/%C2%AB\" target=\"_blank\" rel=\"noopener\" title=\"\">enl\u00e8vement<\/a>\u00a0par Isra\u00ebl du capitaine maritime libanais Imad Fadel Amhaz \u00e0 Batroun, une ville c\u00f4ti\u00e8re du nord du Liban, demeurent lacunaires et peu clairs. Tel Aviv\u00a0<a target=\"_blank\" href=\"https:\/\/www.haaretz.com\/israel-news\/2024-11-02\/ty-article\/reports-israeli-naval-troops-arrest-hezbollah-operative-in-northern-lebanon\/00000192-ed74-d8d2-a1fb-ff766c4e0000\" target=\"_blank\" rel=\"noopener\" title=\"\">pr\u00e9tend que <\/a>Amhaz \u00e9tait un agent du Hezbollah, mais le mouvement de r\u00e9sistance libanais a fermement ni\u00e9 tout lien avec ce dernier. La question demeure : qui est exactement Imad Amhaz, et pourquoi a-t-il \u00e9t\u00e9 enlev\u00e9 ?<\/p>\n<p>Au d\u00e9but du mois, un commando de 25 membres de l\u2019unit\u00e9 d\u2019\u00e9lite isra\u00e9lienne\u00a0\u00ab<em>Shayetet 13<\/em>\u00bb\u00a0a effectu\u00e9 un raid maritime, enlevant Imad Amhaz dans un appartement de Batroun. Ses ravisseurs pensent que Amhaz est tr\u00e8s comp\u00e9tent dans son domaine, et qu\u2019il pourrait \u00eatre impliqu\u00e9 dans la guerre de l\u2019information contre les forces d\u2019Isra\u00ebl, en \u00e9tudiant les capacit\u00e9s de l\u2019ennemi sur terre, en mer et dans les airs. Cependant, les autorit\u00e9s libanaises ne sont pas convaincues par ces affirmations, aucune preuve concr\u00e8te ne permettant de le relier \u00e0 de telles activit\u00e9s.<\/p>\n<p>Le chef adjoint du conseil politique du Hezbollah, Mahmoud Qamati, a rejet\u00e9 toute all\u00e9gation d\u2019affiliation d\u2019Amhaz au mouvement de r\u00e9sistance libanais. De m\u00eame, le p\u00e8re d\u2019Amhaz, Fadel Amhaz, insiste sur le fait que son fils est un capitaine maritime civil qui se trouvait \u00e0 Batroun pour suivre des cours de routine \u00e0 l\u2019Institut des sciences de la mer de Mersati.<\/p>\n<h5 class=\"wp-block-heading\">Une vie en danger<\/h5>\n<p>Depuis 2013, Fadel Amhaz y a suivi plusieurs sessions de formation, travaillant \u00e0 bord de navires civils qui transportent g\u00e9n\u00e9ralement du b\u00e9tail ou des voitures, loin de tout engagement politique.<\/p>\n<p>\u00ab<em>Il passe la plupart de son temps en mer, n\u2019est affili\u00e9 \u00e0 aucun parti politique et \u00e9vite tout simplement la politique. Il est mari\u00e9, p\u00e8re de trois enfants, et subvient aux besoins de ses parents<\/em>\u00bb, a d\u00e9clar\u00e9 son p\u00e8re.<\/p>\n<p>L\u2019enqu\u00eate men\u00e9e par les forces de s\u00e9curit\u00e9 libanaises a r\u00e9v\u00e9l\u00e9 que l\u2019arm\u00e9e isra\u00e9lienne a bombard\u00e9 l\u2019immeuble o\u00f9 vivait Amhaz \u00e0\u00a0<a target=\"_blank\" href=\"https:\/\/ssofidelis.substack.com\/p\/%C2%AB\" target=\"_blank\" rel=\"noopener\" title=\"\">Qmatiyeh<\/a>, dans le Mont-Liban. Mais Amhaz ne se consid\u00e9rait pas comme une cible et a rapidement d\u00e9plac\u00e9 sa famille (sa femme et ses trois enfants) dans un appartement du quartier de Jnah, croyant sinc\u00e8rement que l\u2019appartement vis\u00e9 abritait un responsable du Hezbollah \u2013 d\u2019o\u00f9 le bombardement.<\/p>\n<p>Il est \u00e9galement apparu que des appels provenant de num\u00e9ros \u00e9trangers, y compris isra\u00e9liens, ont \u00e9t\u00e9 pass\u00e9s sur le t\u00e9l\u00e9phone d\u2019Amhaz, mais qu\u2019il n\u2019y a pas r\u00e9pondu, les consid\u00e9rant comme des spams. Aucun de ces incidents n\u2019a incit\u00e9 Amhaz \u00e0 se consid\u00e9rer comme une cible potentielle ou \u00e0 prendre des mesures de s\u00e9curit\u00e9, et il a continu\u00e9 \u00e0 vivre dans un appartement lou\u00e9 \u00e0 quelques dizaines de m\u00e8tres de la mer.<\/p>\n<h5 class=\"wp-block-heading\">Les th\u00e9ories du complot<\/h5>\n<p>Les raisons de ce kidnapping par Isra\u00ebl restent myst\u00e9rieuses, tout comme le r\u00f4le \u00e9ventuel d\u2019Amhaz dans ce myst\u00e9rieux jeu d\u2019espionnage. L\u2019enl\u00e8vement a toutefois suscit\u00e9 l\u2019indignation au Liban, beaucoup reprochant au\u00a0<a target=\"_blank\" href=\"https:\/\/www.theweek.in\/news\/world\/2024\/11\/02\/israel-captures-hezbollahs-top-navy-commander-amid-fears-of-iran-retaliation.html\" target=\"_blank\" rel=\"noopener\" title=\"\">contingent allemand<\/a>\u00a0des forces de maintien de la paix des Nations unies (<a target=\"_blank\" href=\"https:\/\/www.theweek.in\/news\/world\/2024\/11\/02\/israel-captures-hezbollahs-top-navy-commander-amid-fears-of-iran-retaliation.html\" target=\"_blank\" rel=\"noopener\" title=\"\">FINUL)<\/a>\u00a0de ne pas avoir surveill\u00e9 les fronti\u00e8res maritimes du pays contre l\u2019infiltration d\u2019un commando \u00e9tranger \u2013 ou pire encore, l\u2019accusation plus grave de se coordonner directement avec les forces isra\u00e9liennes.<\/p>\n<p>Un porte-parole de l\u2019ONU, cit\u00e9 par la cha\u00eene saoudienne\u00a0<em>Asharq News<\/em>, a \u00e9cart\u00e9 cette possibilit\u00e9 :<\/p>\n<p>\u00ab<em>La FINUL n\u2019est pas impliqu\u00e9e dans la facilitation d\u2019un enl\u00e8vement ou de toute autre violation de la souverainet\u00e9 libanaise<\/em>\u00bb.<\/p>\n<p>Le p\u00e8re de Amhaz tient cependant le gouvernement libanais et les forces allemandes pour responsables d\u2019avoir permis l\u2019enl\u00e8vement de son fils. Il demande instamment au Comit\u00e9 international de la Croix-Rouge (CICR) et \u00e0 la FINUL d\u2019intervenir et d\u2019assurer le retour de son fils en toute s\u00e9curit\u00e9.<\/p>\n<p>En l\u2019absence de toute information concluante de la part du Hezbollah ou des autorit\u00e9s libanaises, plusieurs th\u00e9ories circulent. L\u2019une d\u2019entre elles, \u00e9voqu\u00e9e par\u00a0<em>The<\/em>\u00a0<em><a target=\"_blank\" href=\"https:\/\/ssofidelis.substack.com\/p\/%C2%AB\" target=\"_blank\" rel=\"noopener\" title=\"\">Telegraph<\/a><\/em>, quotidien britannique pro-isra\u00e9lien connu pour ses articles mensongers sur le Liban, sugg\u00e8re que Amhaz pourrait \u00eatre un\u00a0\u00ab<em>agent double<\/em>\u00bb\u00a0dont l\u2019enl\u00e8vement serait une tentative dramatique d\u2019Isra\u00ebl pour le prot\u00e9ger.<\/p>\n<h5 class=\"wp-block-heading\">Enl\u00e8vement de \u00abHassan Nasrallah\u00bb et autres b\u00e9vues<\/h5>\n<p>Le recours de Tel-Aviv \u00e0 de tels raids secrets n\u2019est pas nouveau. En avril de cette ann\u00e9e, un escadron de la mort isra\u00e9lien s\u2019est infiltr\u00e9 au Liban pour prendre pour cible un cambiste,\u00a0<a target=\"_blank\" href=\"https:\/\/ssofidelis.substack.com\/p\/%C2%AB\" target=\"_blank\" rel=\"noopener\" title=\"\">Hussein Srour<\/a>, accus\u00e9 de transf\u00e9rer des fonds du Corps des gardiens de la r\u00e9volution islamique d\u2019Iran (CGRI) vers Gaza. Le commando a attir\u00e9 Srour dans une villa du Mont-Liban, Beit Mery, o\u00f9 il l\u2019a kidnapp\u00e9, tortur\u00e9, interrog\u00e9 et finalement ex\u00e9cut\u00e9, tout en enregistrant l\u2019acte macabre pour ses sup\u00e9rieurs en Isra\u00ebl.<\/p>\n<p>En 2006, pendant la guerre d\u2019Isra\u00ebl contre le Liban qui a dur\u00e9 un mois, les forces d\u2019occupation ont fait une incursion \u00e0 Baalbek et pensaient avoir captur\u00e9 le d\u00e9funt secr\u00e9taire g\u00e9n\u00e9ral du Hezbollah, Hassan Nasrallah, avant de d\u00e9couvrir qu\u2019il s\u2019agissait d\u2019une\u00a0<a target=\"_blank\" href=\"https:\/\/www.nytimes.com\/2006\/08\/23\/world\/middleeast\/whats-in-a-name-not-it-seems-a-leader-of-hezbollah-in.html\" target=\"_blank\" rel=\"noopener\" title=\"\">erreur d\u2019identit\u00e9<\/a>. En fait, les Isra\u00e9liens ont d\u00e9couvert qu\u2019ils avaient appr\u00e9hend\u00e9 un pl\u00e2trier portant le m\u00eame nom lors d\u2019une op\u00e9ration rat\u00e9e qui est rapidement devenue un sujet de moquerie. Ils l\u2019ont rel\u00e2ch\u00e9 peu apr\u00e8s.<\/p>\n<p>En septembre 1997, 17 soldats isra\u00e9liens de l\u2019unit\u00e9 Shayetet 13 susmentionn\u00e9e se sont infiltr\u00e9s dans la ville d\u2019Ansariya, dans le sud du Liban, pour kidnapper l\u2019officier sup\u00e9rieur du renseignement du Hezbollah, Hussein Ali Hazimeh, \u00e9galement connu sous le nom de\u00a0\u00ab<em>Hajj Murtada\u00bb.<\/em><\/p>\n<p>Mais le Hezbollah, averti par des images de drones intercept\u00e9s, leur a tendu une\u00a0<a target=\"_blank\" href=\"https:\/\/www.ynetnews.com\/articles\/0,7340,L-4977429,00.html\" target=\"_blank\" rel=\"noopener\" title=\"\">embuscade tr\u00e8s \u00e9labor\u00e9e<\/a>. Lorsque les commandos isra\u00e9liens sont tomb\u00e9s dans le pi\u00e8ge, les r\u00e9sistants libanais ont ouvert le feu, tuant 11 d\u2019entre eux, tandis que les six autres se sont \u00e9chapp\u00e9s de justesse.<\/p>\n<p>Le Mossad isra\u00e9lien a \u00e9galement proc\u00e9d\u00e9 \u00e0 des enl\u00e8vements au-del\u00e0 des fronti\u00e8res du Liban. En octobre 2021, ils ont enlev\u00e9 un officier du CGRI \u00e0 la retraite \u00e0 Damas, alors qu\u2019il se promenait pr\u00e8s de l\u2019ambassade d\u2019Iran dans la capitale syrienne. Transport\u00e9 \u00e0 Tel-Aviv pour y \u00eatre interrog\u00e9, il a ensuite \u00e9t\u00e9 rel\u00e2ch\u00e9 en Afrique du Sud.<\/p>\n<p>\u00c0 l\u2019\u00e9poque, le Mossad recherchait activement des informations sur le pilote isra\u00e9lien disparu Ron Arad, dont l\u2019avion avait \u00e9t\u00e9 abattu au-dessus du Liban en 1986. Le Premier ministre isra\u00e9lien de l\u2019\u00e9poque, Naftali Bennett, a admis par la suite que l\u2019op\u00e9ration d\u2019enl\u00e8vement en Syrie n\u2019avait apport\u00e9 aucune nouvelle information, bien que le g\u00e9n\u00e9ral iranien ait \u00e9t\u00e9 soup\u00e7onn\u00e9 de d\u00e9tenir des informations cruciales.<\/p>\n<p>Dans un autre \u00e9pisode obscur, des agents des renseignements isra\u00e9liens ont enlev\u00e9 un ing\u00e9nieur agronome libanais au Cambodge, le soup\u00e7onnant d\u2019avoir des liens avec le Hezbollah. L\u00e0 encore, apr\u00e8s des interrogatoires intensifs et manifestement infructueux, il a finalement \u00e9t\u00e9 lib\u00e9r\u00e9 en Tha\u00eflande.<\/p>\n<h5 class=\"wp-block-heading\">La strat\u00e9gie navale du Hezbollah sous surveillance<\/h5>\n<p>Quant \u00e0 Imad Ahmaz, le journal isra\u00e9lien\u00a0<em>Maariv<\/em>\u00a0rapporte que le capitaine kidnapp\u00e9 pr\u00e9sente une\u00a0\u00ab<em>grande valeur en termes de renseignements<\/em>\u00bb\u00a0et affirme que sa capture pourrait perturber les activit\u00e9s de l\u2019unit\u00e9 navale du Hezbollah \u2013 un bras militaire strat\u00e9gique qui pourrait menacer les\u00a0<a target=\"_blank\" href=\"https:\/\/ssofidelis.substack.com\/p\/%C2%AB\" target=\"_blank\" rel=\"noopener\" title=\"\">gisements de gaz offshore<\/a>\u00a0d\u2019Isra\u00ebl.<\/p>\n<p>Selon\u00a0<em>Maariv<\/em>, le Hezbollah a identifi\u00e9 les plates-formes comme \u00e9tant des cibles l\u00e9gitimes et a d\u00e9velopp\u00e9 des capacit\u00e9s offensives avanc\u00e9es \u2013 y compris des missiles c\u00f4tiers et des drones \u2013 pour attaquer les principaux actifs \u00e9nerg\u00e9tiques d\u2019Isra\u00ebl. Mais m\u00eame si ces affirmations sont vraies, le r\u00f4le de Amhaz ne serait ni unique ni crucial \u2013 il s\u2019inscrirait simplement dans une lutte plus vaste et permanente pour la d\u00e9fense du Liban.<\/p>\n<p>Compte tenu de sa longue histoire d\u2019enl\u00e8vements rat\u00e9s, comment Isra\u00ebl justifiera-t-il l\u2019enl\u00e8vement d\u2019Amhaz s\u2019il s\u2019av\u00e8re qu\u2019il n\u2019est effectivement pas li\u00e9 au Hezbollah ? Le Mossad d\u00e9posera-t-il Amhaz aux Seychelles ou au Costa Rica lorsqu\u2019il se rendra compte qu\u2019il n\u2019est rien d\u2019autre qu\u2019un capitaine de navire ?<\/p>\n<p>Plus important encore pour le Liban, que feront une FINUL complice et une arm\u00e9e libanaise passive pour faire face aux op\u00e9rations commando \u00e9trang\u00e8res ill\u00e9gales \u00e0 l\u2019avenir, une fois que la v\u00e9rit\u00e9 sur cet enl\u00e8vement aura \u00e9t\u00e9 r\u00e9v\u00e9l\u00e9e et que les responsabilit\u00e9s auront \u00e9t\u00e9 \u00e9tablies ?<\/p>\n<p>source : <a target=\"_blank\" href=\"https:\/\/thecradle.co\/articles\/israels-weird-abduction-of-a-lebanese-sea-captain\" target=\"_blank\" rel=\"noopener\" title=\"The Cradle\">The Cradle<\/a> via <a target=\"_blank\" href=\"https:\/\/ssofidelis.substack.com\/p\/letrange-enlevement-par-israel-dun?publication_id=1083293&amp;post_id=151669693&amp;isFreemail=true&amp;r=i1esp&amp;triedRedirect=true\" target=\"_blank\" rel=\"noopener\" title=\"Spirit of Free Speech\">Spirit of Free Speech<\/a><\/p>\n<div class=\"sharedaddy sd-block sd-like jetpack-likes-widget-wrapper jetpack-likes-widget-unloaded\" id=\"like-post-wrapper-237719536-431386-67375a149e5b9\" data-src=\"https:\/\/widgets.wp.com\/likes\/?ver=14.0#blog_id=237719536&amp;post_id=431386&amp;origin=reseauinternational.net&amp;obj_id=237719536-431386-67375a149e5b9&amp;n=1\" data-name=\"like-post-frame-237719536-431386-67375a149e5b9\" data-title=\"Aimer ou rebloguer\">\n<h3 class=\"sd-title\">J\u2019aime \u00e7a\u00a0:<\/h3>\n<p><span class=\"button\"><span>J\u2019aime<\/span><\/span> <span class=\"loading\">chargement\u2026<\/span><\/p>\n<p><span class=\"sd-text-color\"\/><a target=\"_blank\" class=\"sd-link-color\"\/><\/div>\n<p><meta itemscope=\"\" itemprop=\"mainEntityOfPage\" itemtype=\"https:\/\/schema.org\/WebPage\" itemid=\"https:\/\/reseauinternational.net\/letrange-enlevement-par-israel-dun-capitaine-de-navire-libanais\/\"\/><meta itemprop=\"headline\" content=\"L\u2019\u00e9trange enl\u00e8vement par Isra\u00ebl d\u2019un capitaine de navire libanais\"\/><span style=\"display: none;\" itemprop=\"author\" itemscope=\"\" itemtype=\"https:\/\/schema.org\/Person\"><meta itemprop=\"name\" content=\"R\u00e9seau International\"\/><\/span><span style=\"display: none;\" itemprop=\"image\" itemscope=\"\" itemtype=\"https:\/\/schema.org\/ImageObject\"><meta itemprop=\"url\" content=\"https:\/\/i0.wp.com\/reseauinternational.net\/wp-content\/uploads\/2024\/11\/enlevement-20241115.jpg?fit=800%2C467&amp;ssl=1\"\/><meta itemprop=\"width\" content=\"800\"\/><meta itemprop=\"height\" content=\"467\"\/><\/span><span style=\"display: none;\" itemprop=\"publisher\" itemscope=\"\" itemtype=\"https:\/\/schema.org\/Organization\"><span style=\"display: none;\" itemprop=\"logo\" itemscope=\"\" itemtype=\"https:\/\/schema.org\/ImageObject\"><meta itemprop=\"url\" content=\"https:\/\/reseauinternational.net\/wp-content\/uploads\/2022\/06\/Capture-de\u0301cran-2022-06-14-a\u0300-16.51.07.png\"\/><\/span><meta itemprop=\"name\" content=\"R\u00e9seau International\"\/><\/span><meta itemprop=\"datePublished\" content=\"2024-11-15T15:14:00+00:00\"\/><meta itemprop=\"dateModified\" content=\"2024-11-15T15:14:18+00:00\"\/><\/div>\n<p><br \/>\n<br \/><a href=\"https:\/\/reseauinternational.net\/letrange-enlevement-par-israel-dun-capitaine-de-navire-libanais\/\" target=\"_blank\"\">Source link <\/a><\/p>\n","protected":false},"excerpt":{"rendered":"<p>par The Cradle En 2006, Isra\u00ebl a cru capturer le secr\u00e9taire g\u00e9n\u00e9ral du Hezbollah, Hassan Nasrallah. Mais ils n\u2019ont appr\u00e9hend\u00e9 qu\u2019un pl\u00e2trier du m\u00eame nom lors d\u2019une op\u00e9ration rat\u00e9e vite&hellip; <\/p>\n","protected":false},"author":1,"featured_media":198,"comment_status":"open","ping_status":"open","sticky":false,"template":"","format":"standard","meta":{"footnotes":""},"categories":[1],"tags":[],"class_list":["post-197","post","type-post","status-publish","format-standard","has-post-thumbnail","hentry","category-non-classe"],"_links":{"self":[{"href":"https:\/\/monde25.info\/index.php\/wp-json\/wp\/v2\/posts\/197","targetHints":{"allow":["GET"]}}],"collection":[{"href":"https:\/\/monde25.info\/index.php\/wp-json\/wp\/v2\/posts"}],"about":[{"href":"https:\/\/monde25.info\/index.php\/wp-json\/wp\/v2\/types\/post"}],"author":[{"embeddable":true,"href":"https:\/\/monde25.info\/index.php\/wp-json\/wp\/v2\/users\/1"}],"replies":[{"embeddable":true,"href":"https:\/\/monde25.info\/index.php\/wp-json\/wp\/v2\/comments?post=197"}],"version-history":[{"count":0,"href":"https:\/\/monde25.info\/index.php\/wp-json\/wp\/v2\/posts\/197\/revisions"}],"wp:featuredmedia":[{"embeddable":true,"href":"https:\/\/monde25.info\/index.php\/wp-json\/wp\/v2\/media\/198"}],"wp:attachment":[{"href":"https:\/\/monde25.info\/index.php\/wp-json\/wp\/v2\/media?parent=197"}],"wp:term":[{"taxonomy":"category","embeddable":true,"href":"https:\/\/monde25.info\/index.php\/wp-json\/wp\/v2\/categories?post=197"},{"taxonomy":"post_tag","embeddable":true,"href":"https:\/\/monde25.info\/index.php\/wp-json\/wp\/v2\/tags?post=197"}],"curies":[{"name":"wp","href":"https:\/\/api.w.org\/{rel}","templated":true}]}}