{"id":1970,"date":"2024-12-11T12:49:37","date_gmt":"2024-12-11T11:49:37","guid":{"rendered":"https:\/\/monde25.info\/index.php\/2024\/12\/11\/netanyahou-souhaite-etablir-des-relations-avec-les-nouveaux-maitres-de-damas-rt-en-francais\/"},"modified":"2024-12-11T12:49:37","modified_gmt":"2024-12-11T11:49:37","slug":"netanyahou-souhaite-etablir-des-relations-avec-les-nouveaux-maitres-de-damas-rt-en-francais","status":"publish","type":"post","link":"https:\/\/monde25.info\/index.php\/2024\/12\/11\/netanyahou-souhaite-etablir-des-relations-avec-les-nouveaux-maitres-de-damas-rt-en-francais\/","title":{"rendered":"Netanyahou souhaite \u00e9tablir des relations avec les nouveaux ma\u00eetres de Damas \u2014 RT en fran\u00e7ais"},"content":{"rendered":"<p> <br \/>\n<br \/><img decoding=\"async\" src=\"https:\/\/mf.b37mrtl.ru\/french\/images\/2024.12\/thumbnail\/6759623f6f7ccc0502726198.jpg\" \/><\/p>\n<div>\n<p class=\"text__summary\">\n                                        Benjamin Netanyahou est pr\u00eat \u00e0 \u00e9tablir des relations avec les djihadistes de Damas. N\u00e9anmoins, le Premier ministre isra\u00e9lien a menac\u00e9 le nouveau r\u00e9gime de l&rsquo;attaquer s&rsquo;il permettait \u00e0 l&rsquo;Iran de revenir s&rsquo;installer en Syrie.\n                                    <\/p>\n<p>Apr\u00e8s avoir \u00e9voqu\u00e9 un\u00a0\u00abjour historique\u00bb, le jour du coup d&rsquo;\u00c9tat contre Bachar el-Assad le 8 d\u00e9cembre, et annonc\u00e9 que le Golan appartenait \u00e0 l&rsquo;\u00c9tat h\u00e9breu\u00a0\u00abpour l&rsquo;\u00e9ternit\u00e9\u00bb, le 10 d\u00e9cembre\u00a0Benjamin Netanyahou\u00a0s&rsquo;est adress\u00e9 aux nouveaux ma\u00eetres de Damas.<\/p>\n<p>Selon le quotidien\u00a0isra\u00e9lien <em>Haaretz<\/em>, dont la ligne \u00e9ditoriale est critique sur la gouvernance du Premier ministre isra\u00e9lien, le chef du Likoud souhaiterait <a target=\"_blank\" href=\"https:\/\/x.com\/haaretzcom\/status\/1866529438864683367\" target=\"_blank\" rel=\"noopener noreferrer\">\u00e9tablir<\/a> des relations diplomatiques avec le r\u00e9gime djihadiste de Damas.<\/p>\n<p>Dans <a target=\"_blank\" href=\"https:\/\/x.com\/netanyahu\/status\/1866532021322825779\" target=\"_blank\" rel=\"noopener noreferrer\">une courte vid\u00e9o<\/a>, partag\u00e9e sur les r\u00e9seaux sociaux, le\u00a0Premier ministre a n\u00e9anmoins menac\u00e9 de r\u00e9agir avec force si les nouveaux dirigeants en Syrie autorisaient l&rsquo;Iran, alli\u00e9 du pr\u00e9sident d\u00e9chu Bachar el-Assad, \u00e0 \u00abse r\u00e9implanter\u00bb.\u00a0<\/p>\n<h2>Netanyahou et Katz menacent les nouveaux ma\u00eetres de Damas<\/h2>\n<p>\u00abSi le nouveau r\u00e9gime en Syrie permet \u00e0 l&rsquo;Iran de se r\u00e9implanter ou autorise le transfert d&rsquo;armes au Hezbollah\u00bb, mouvement libanais pro-iranien, \u00abnous r\u00e9agirons avec force et infligerons un lourd tribut\u00bb, a averti Benjamin Netanyahou.<\/p>\n<p>M\u00eame son de cloche du c\u00f4t\u00e9 du nouveau ministre isra\u00e9lien de la D\u00e9fense Isra\u00ebl Katz. Lors d&rsquo;une visite \u00e0 la base navale de Ha\u00effa, il s&rsquo;est \u00e9galement adress\u00e9 aux nouveaux ma\u00eetres de Damas d\u00e9clarant:\u00a0\u00abQuiconque suivra la voie d&rsquo;Assad finira comme Assad: Isra\u00ebl ne permettra pas \u00e0 une entit\u00e9 terroriste islamique extr\u00e9miste de menacer ses fronti\u00e8res et ses citoyens\u00bb.<\/p>\n<p>De surcro\u00eet, Isra\u00ebl Katz a soulign\u00e9 l&rsquo;importance de mettre en place une zone tampon\u00a0\u00abst\u00e9rile\u00bb dans le sud de la Syrie, a rapport\u00e9\u00a0<a target=\"_blank\" href=\"https:\/\/www.i24news.tv\/fr\/actu\/israel\/artc-quiconque-suivra-la-voie-d-assad-finira-comme-assad-israel-katz-ministre-de-la-defense\" target=\"_blank\" rel=\"noopener noreferrer\">le m\u00e9dia<\/a> isra\u00e9lien I24.<\/p>\n<p>Damas et Tel-Aviv n&rsquo;entretiennent pas de relations diplomatiques officielles. Les deux pays se sont affront\u00e9s \u00e0 de nombreuses reprises durant les guerres isra\u00e9lo-arabes en 1948, 1967 et 1973. L&rsquo;arm\u00e9e isra\u00e9lienne occupe ill\u00e9galement le plateau du Golan depuis 1967 et la d\u00e9faite arabe lors de la guerre des Six Jours, et l&rsquo;administre depuis 1981. Les gouvernements isra\u00e9liens ont depuis colonis\u00e9 et militaris\u00e9 <a target=\"_blank\" href=\"https:\/\/www.lorientlejour.com\/article\/1341103\/les-colons-israeliens-desormais-plus-nombreux-que-les-syriens-dans-le-golan.html\" target=\"_blank\" rel=\"noopener noreferrer\">leur pr\u00e9sence<\/a> sur les hauteurs de cette r\u00e9gion.\u00a0<\/p>\n<p>Dans les ann\u00e9es 1990, le pr\u00e9sident Hafez el-Assad a n\u00e9goci\u00e9 la r\u00e9trocession du Golan en contrepartie d&rsquo;une pacification des relations avec l&rsquo;\u00c9tat h\u00e9breu. Mais\u00a0aucun accord n&rsquo;avait \u00e9t\u00e9 sign\u00e9\u00a0en raison des exigences isra\u00e9liennes de l&rsquo;\u00e9poque.\u00a0<\/p>\n<\/div>\n<p><br \/>\n<br \/><a href=\"https:\/\/francais.rt.com\/international\/115278-syrie-netanyahou-souhaite-etablir-relations\" target=\"_blank\"\">Source link <\/a><\/p>\n","protected":false},"excerpt":{"rendered":"<p>Benjamin Netanyahou est pr\u00eat \u00e0 \u00e9tablir des relations avec les djihadistes de Damas. N\u00e9anmoins, le Premier ministre isra\u00e9lien a menac\u00e9 le nouveau r\u00e9gime de l&rsquo;attaquer s&rsquo;il permettait \u00e0 l&rsquo;Iran de&hellip; <\/p>\n","protected":false},"author":1,"featured_media":1971,"comment_status":"open","ping_status":"open","sticky":false,"template":"","format":"standard","meta":{"footnotes":""},"categories":[1],"tags":[],"class_list":["post-1970","post","type-post","status-publish","format-standard","has-post-thumbnail","hentry","category-non-classe"],"_links":{"self":[{"href":"https:\/\/monde25.info\/index.php\/wp-json\/wp\/v2\/posts\/1970","targetHints":{"allow":["GET"]}}],"collection":[{"href":"https:\/\/monde25.info\/index.php\/wp-json\/wp\/v2\/posts"}],"about":[{"href":"https:\/\/monde25.info\/index.php\/wp-json\/wp\/v2\/types\/post"}],"author":[{"embeddable":true,"href":"https:\/\/monde25.info\/index.php\/wp-json\/wp\/v2\/users\/1"}],"replies":[{"embeddable":true,"href":"https:\/\/monde25.info\/index.php\/wp-json\/wp\/v2\/comments?post=1970"}],"version-history":[{"count":0,"href":"https:\/\/monde25.info\/index.php\/wp-json\/wp\/v2\/posts\/1970\/revisions"}],"wp:featuredmedia":[{"embeddable":true,"href":"https:\/\/monde25.info\/index.php\/wp-json\/wp\/v2\/media\/1971"}],"wp:attachment":[{"href":"https:\/\/monde25.info\/index.php\/wp-json\/wp\/v2\/media?parent=1970"}],"wp:term":[{"taxonomy":"category","embeddable":true,"href":"https:\/\/monde25.info\/index.php\/wp-json\/wp\/v2\/categories?post=1970"},{"taxonomy":"post_tag","embeddable":true,"href":"https:\/\/monde25.info\/index.php\/wp-json\/wp\/v2\/tags?post=1970"}],"curies":[{"name":"wp","href":"https:\/\/api.w.org\/{rel}","templated":true}]}}