{"id":19782,"date":"2025-11-21T17:23:34","date_gmt":"2025-11-21T16:23:34","guid":{"rendered":"https:\/\/monde25.info\/index.php\/2025\/11\/21\/viande-de-synthese-quand-lue-recadre-litalie-et-la-hongrie-qui-veulent-linterdire-et-la-france-dans-tout-ca\/"},"modified":"2025-11-21T17:23:34","modified_gmt":"2025-11-21T16:23:34","slug":"viande-de-synthese-quand-lue-recadre-litalie-et-la-hongrie-qui-veulent-linterdire-et-la-france-dans-tout-ca","status":"publish","type":"post","link":"https:\/\/monde25.info\/index.php\/2025\/11\/21\/viande-de-synthese-quand-lue-recadre-litalie-et-la-hongrie-qui-veulent-linterdire-et-la-france-dans-tout-ca\/","title":{"rendered":"Viande de synth\u00e8se : quand l\u2019UE recadre l&rsquo;Italie et la Hongrie qui veulent l\u2019interdire&#8230; et la France dans tout \u00e7a ?"},"content":{"rendered":"<p> <br \/>\n<\/p>\n<div>\n<p><span class=\"cf0\">La Hongrie entre en conflit ouvert avec Bruxelles et adopte une loi qui interdit la production et la vente de viande cultiv\u00e9e, cette \u00ab viande de synth\u00e8se \u00bb produite \u00e0 partir de cellules animales en laboratoire. <\/span><a target=\"_blank\" href=\"https:\/\/hungarytoday.hu\/parliament-passes-law-banning-production-and-sale-of-artificial-meat\/\"><span class=\"cf0\">Le Parlement hongrois a approuv\u00e9 ce texte<\/span><\/a><span class=\"cf0\"> \u00e0 une \u00e9crasante majorit\u00e9 (140 voix pour, 10 contre) en invoquant la d\u00e9fense de la sant\u00e9, de l\u2019environnement, et surtout de \u00ab une tradition rurale \u00bb face \u00e0 un type de technologie \u00ab non traditionnelle \u00bb.<\/span><\/p>\n<p><span class=\"cf0\">Et la Commission europ\u00e9enne a imm\u00e9diatement ripost\u00e9 : selon Bruxelles, cette interdiction viole les principes du march\u00e9 unique qu\u2019elle pr\u00e9tend prot\u00e9ger, notamment la libre circulation des biens, ainsi que la proc\u00e9dure d\u2019autorisation des nouveaux aliments.<\/span><\/p>\n<p><span class=\"cf0\">Un bras de fer cependant qui n\u2019est pas sans pr\u00e9c\u00e9dent : l\u2019Italie avait d\u00e9j\u00e0 tent\u00e9 une telle interdiction, mais s&rsquo;\u00e9tait fait retoquer par Bruxelles, arguant un non-respect des proc\u00e9dures europ\u00e9ennes.<\/span><\/p>\n<p><span class=\"cf0\">Plusieurs pays <\/span><span class=\"cf1\">\u2014<\/span><span class=\"cf0\"> Pays-Bas, Su\u00e8de, Lituanie <\/span><span class=\"cf1\">\u2014<\/span><span class=\"cf0\"> ainsi que des ONG comme ProVeg ou Good Food Institute d\u00e9noncent la loi hongroise. Ils y voient une attaque contre l\u2019innovation, la recherche europ\u00e9enne et surtout une remise en cause de la libert\u00e9 de choix des consommateurs\u2026 Consommateurs que l&rsquo;on pousse petit \u00e0 petit \u00e0 l&rsquo;abandon des traditions ancestrales et des cultures locales.<\/span><\/p>\n<p><span class=\"cf0\">Et la France dans tout \u00e7a ? Ironie du sort, ce pays, encore mondialement reconnu, peut \u00eatre plus pour longtemps, pour sa gastronomie, et l&rsquo;excellence de ses produits, ne se dresse pas franchement en rempart du \u00ab patrimoine culinaire \u00bb face \u00e0 ces nouveaux pseudos aliments : le gouvernement, loin de bloquer la viande de synth\u00e8se, adopte des mesures plus symboliques, comme restreindre l\u2019usage des termes \u00ab steak \u00bb ou \u00ab jambon \u00bb sur des produits v\u00e9g\u00e9taux, sans s\u2019attaquer r\u00e9ellement aux technologies cellulaires.<\/span><\/p>\n<p><span class=\"cf0\">Tant qu\u2019Emmanuel Macron pr\u00e9sidera, l\u2019\u00e9lan \u201ceurop\u00e9iste\u201d l\u2019emportera visiblement sur les vell\u00e9it\u00e9s de d\u00e9fense de la \u00ab\u00a0tradition gastronomique\u00a0\u00bb et du beau : plut\u00f4t que d&rsquo;en prot\u00e9ger les codes, la France semble plus soucieuse d&rsquo;\u00eatre \u00e0 la page sur l\u2019innovation technologique, o\u00f9 d&rsquo;ailleurs elle se trouve \u00e0 la traine.<\/span><\/p>\n<\/div>\n<p><script>(function(d, s, id) {  var js, fjs = d.getElementsByTagName(s)[0];  if (d.getElementById(id)) return;  js = d.createElement(s); js.id = id;  js.src = \"\/\/connect.facebook.net\/fr_FR\/sdk.js#xfbml=1&version=v2.3\";  fjs.parentNode.insertBefore(js, fjs);}(document, \"script\", \"facebook-jssdk\"));<\/script><br \/>\n<br \/><br \/>\n<br \/><a href=\"https:\/\/www.francesoir.fr\/societe-sante\/viande-de-synthese-quand-l-ue-recadre-l-italie-et-la-hongrie-qui-veulent-l-interdire\" target=\"_blank\"\">Source link <\/a><\/p>\n","protected":false},"excerpt":{"rendered":"<p>La Hongrie entre en conflit ouvert avec Bruxelles et adopte une loi qui interdit la production et la vente de viande cultiv\u00e9e, cette \u00ab viande de synth\u00e8se \u00bb produite \u00e0&hellip; <\/p>\n","protected":false},"author":1,"featured_media":19783,"comment_status":"open","ping_status":"open","sticky":false,"template":"","format":"standard","meta":{"footnotes":""},"categories":[1],"tags":[],"class_list":["post-19782","post","type-post","status-publish","format-standard","has-post-thumbnail","hentry","category-non-classe"],"_links":{"self":[{"href":"https:\/\/monde25.info\/index.php\/wp-json\/wp\/v2\/posts\/19782","targetHints":{"allow":["GET"]}}],"collection":[{"href":"https:\/\/monde25.info\/index.php\/wp-json\/wp\/v2\/posts"}],"about":[{"href":"https:\/\/monde25.info\/index.php\/wp-json\/wp\/v2\/types\/post"}],"author":[{"embeddable":true,"href":"https:\/\/monde25.info\/index.php\/wp-json\/wp\/v2\/users\/1"}],"replies":[{"embeddable":true,"href":"https:\/\/monde25.info\/index.php\/wp-json\/wp\/v2\/comments?post=19782"}],"version-history":[{"count":0,"href":"https:\/\/monde25.info\/index.php\/wp-json\/wp\/v2\/posts\/19782\/revisions"}],"wp:featuredmedia":[{"embeddable":true,"href":"https:\/\/monde25.info\/index.php\/wp-json\/wp\/v2\/media\/19783"}],"wp:attachment":[{"href":"https:\/\/monde25.info\/index.php\/wp-json\/wp\/v2\/media?parent=19782"}],"wp:term":[{"taxonomy":"category","embeddable":true,"href":"https:\/\/monde25.info\/index.php\/wp-json\/wp\/v2\/categories?post=19782"},{"taxonomy":"post_tag","embeddable":true,"href":"https:\/\/monde25.info\/index.php\/wp-json\/wp\/v2\/tags?post=19782"}],"curies":[{"name":"wp","href":"https:\/\/api.w.org\/{rel}","templated":true}]}}