{"id":19784,"date":"2025-11-21T17:56:48","date_gmt":"2025-11-21T16:56:48","guid":{"rendered":"https:\/\/monde25.info\/index.php\/2025\/11\/21\/ramaphosa-ne-souhaite-pas-passer-le-relai-du-g20-a-un-charge-daffaires-americain\/"},"modified":"2025-11-21T17:56:48","modified_gmt":"2025-11-21T16:56:48","slug":"ramaphosa-ne-souhaite-pas-passer-le-relai-du-g20-a-un-charge-daffaires-americain","status":"publish","type":"post","link":"https:\/\/monde25.info\/index.php\/2025\/11\/21\/ramaphosa-ne-souhaite-pas-passer-le-relai-du-g20-a-un-charge-daffaires-americain\/","title":{"rendered":"Ramaphosa ne souhaite pas passer le relai du G20 \u00e0 un charg\u00e9 d&rsquo;affaires am\u00e9ricain"},"content":{"rendered":"<p> <br \/>\n<br \/><img decoding=\"async\" src=\"https:\/\/cdn1.img.sputniknews.africa\/img\/07e7\/06\/11\/1059994842_0:0:3132:1762_600x0_80_0_0_3e20c2557f8524dfc7dc09c0344bed78.jpg\" \/><\/p>\n<div>\n<div class=\"article__meta\" itemscope=\"\" itemtype=\"https:\/\/schema.org\/Article\">\n<p>https:\/\/fr.sputniknews.africa\/20251121\/ramaphosa-ne-souhaite-pas-passer-le-relai-du-g20-a-un-charge-daffaires-americain-1080703767.html<\/p>\n<p><a target=\"_blank\" itemprop=\"url\" href=\"https:\/\/fr.sputniknews.africa\/20251121\/ramaphosa-ne-souhaite-pas-passer-le-relai-du-g20-a-un-charge-daffaires-americain-1080703767.html\" title=\"Ramaphosa ne souhaite pas passer le relai du G20 \u00e0 un charg\u00e9 d'affaires am\u00e9ricain\"\/><\/p>\n<p>Ramaphosa ne souhaite pas passer le relai du G20 \u00e0 un charg\u00e9 d&rsquo;affaires am\u00e9ricain<\/p>\n<p>Ramaphosa ne souhaite pas passer le relai du G20 \u00e0 un charg\u00e9 d&rsquo;affaires am\u00e9ricain<\/p>\n<p>Sputnik Afrique<\/p>\n<p>Le Pr\u00e9sident sud-africain refuse de passer la pr\u00e9sidence tournante du G20 \u00e0 un simple charg\u00e9 d&rsquo;affaires am\u00e9ricain, alors que les les \u00c9tats-Unis compte&#8230; 21.11.2025, Sputnik Afrique<\/p>\n<p>2025-11-21T12:04+0100<\/p>\n<p>2025-11-21T12:04+0100<\/p>\n<p>2025-11-21T13:23+0100<\/p>\n<p>afrique du sud<\/p>\n<p>cyril ramaphosa<\/p>\n<p>g20<\/p>\n<p>\u00e9tats-unis<\/p>\n<p>international<\/p>\n<p>https:\/\/cdn1.img.sputniknews.africa\/img\/07e7\/06\/11\/1059994842_0:0:3132:1762_1920x0_80_0_0_de2a81e3dafc4aee9ea3a6f0cfc9dfd4.jpg<\/p>\n<p>Boycottant le sommet, les \u00c9tats-Unis comptait envoyer un simple charg\u00e9 d&rsquo;affaires ad interim pour recevoir la passation de pr\u00e9sidence.  Assum\u00e9e par Pr\u00e9toria en 2025, la pr\u00e9sidence tournante du groupe doit en effet revenir aux \u00c9tats-Unis pour 2026.  L&rsquo;administration Trump avait pr\u00e9c\u00e9demment invoqu\u00e9 des pr\u00e9occupations relatives aux droits de l&rsquo;homme pour justifier son boycott du sommet.  Des m\u00e9dias avaient plus t\u00f4t rapport\u00e9 que les \u00c9tats-Unis avaient mis en garde contre la publication d&rsquo;une d\u00e9claration conjointe \u00e0 l&rsquo;issue du sommet de Johannesburg. Pretoria maintient que tout aura lieu comme pr\u00e9vu, ind\u00e9pendamment de la participation am\u00e9ricaine.<\/p>\n<p>afrique du sud<\/p>\n<p>\u00e9tats-unis<\/p>\n<div itemprop=\"copyrightHolder\" itemscope=\"\" itemtype=\"http:\/\/schema.org\/Organization\">\n<p>Sputnik Afrique<\/p>\n<p><a target=\"_blank\" itemprop=\"url\" href=\"https:\/\/fr.sputniknews.africa\" title=\"Sputnik Afrique\"> <\/a><\/p>\n<p>feedback.fr@sputniknews.com<\/p>\n<p>+74956456601<\/p>\n<p>MIA \u201eRossiya Segodnya\u201c<\/p>\n<p><a target=\"_blank\" itemprop=\"sameAs\" href=\"https:\/\/t.me\/sputnik_afrique\"> <\/a><a target=\"_blank\" itemprop=\"sameAs\" href=\"https:\/\/t.me\/sputnik_africa\"> <\/a><a target=\"_blank\" itemprop=\"sameAs\" href=\"https:\/\/t.me\/sputnik_ethiopia\"> <\/a><a target=\"_blank\" itemprop=\"sameAs\" href=\"https:\/\/x.com\/sputnik_afrique\"> <\/a><a target=\"_blank\" itemprop=\"sameAs\" href=\"https:\/\/x.com\/sputnik_africa\"> <\/a><a target=\"_blank\" itemprop=\"sameAs\" href=\"https:\/\/x.com\/sputnik_ethio\"> <\/a><a target=\"_blank\" itemprop=\"sameAs\" href=\"https:\/\/x.com\/sputnik_swahili\"> <\/a><\/div>\n<p>2025<\/p>\n<div itemprop=\"creator\" itemscope=\"\" itemtype=\"http:\/\/schema.org\/Organization\">\n<p>Sputnik Afrique<\/p>\n<p><a target=\"_blank\" itemprop=\"url\" href=\"https:\/\/fr.sputniknews.africa\" title=\"Sputnik Afrique\"> <\/a><\/p>\n<p>feedback.fr@sputniknews.com<\/p>\n<p>+74956456601<\/p>\n<p>MIA \u201eRossiya Segodnya\u201c<\/p>\n<p><a target=\"_blank\" itemprop=\"sameAs\" href=\"https:\/\/t.me\/sputnik_afrique\"> <\/a><a target=\"_blank\" itemprop=\"sameAs\" href=\"https:\/\/t.me\/sputnik_africa\"> <\/a><a target=\"_blank\" itemprop=\"sameAs\" href=\"https:\/\/t.me\/sputnik_ethiopia\"> <\/a><a target=\"_blank\" itemprop=\"sameAs\" href=\"https:\/\/x.com\/sputnik_afrique\"> <\/a><a target=\"_blank\" itemprop=\"sameAs\" href=\"https:\/\/x.com\/sputnik_africa\"> <\/a><a target=\"_blank\" itemprop=\"sameAs\" href=\"https:\/\/x.com\/sputnik_ethio\"> <\/a><a target=\"_blank\" itemprop=\"sameAs\" href=\"https:\/\/x.com\/sputnik_swahili\"> <\/a><\/div>\n<p>Actus<\/p>\n<p>fr_FR<\/p>\n<div itemprop=\"sourceOrganization\" itemscope=\"\" itemtype=\"http:\/\/schema.org\/Organization\">\n<p>Sputnik Afrique<\/p>\n<p><a target=\"_blank\" itemprop=\"url\" href=\"https:\/\/fr.sputniknews.africa\" title=\"Sputnik Afrique\"> <\/a><\/p>\n<p>feedback.fr@sputniknews.com<\/p>\n<p>+74956456601<\/p>\n<p>MIA \u201eRossiya Segodnya\u201c<\/p>\n<p><a target=\"_blank\" itemprop=\"sameAs\" href=\"https:\/\/t.me\/sputnik_afrique\"> <\/a><a target=\"_blank\" itemprop=\"sameAs\" href=\"https:\/\/t.me\/sputnik_africa\"> <\/a><a target=\"_blank\" itemprop=\"sameAs\" href=\"https:\/\/t.me\/sputnik_ethiopia\"> <\/a><a target=\"_blank\" itemprop=\"sameAs\" href=\"https:\/\/x.com\/sputnik_afrique\"> <\/a><a target=\"_blank\" itemprop=\"sameAs\" href=\"https:\/\/x.com\/sputnik_africa\"> <\/a><a target=\"_blank\" itemprop=\"sameAs\" href=\"https:\/\/x.com\/sputnik_ethio\"> <\/a><a target=\"_blank\" itemprop=\"sameAs\" href=\"https:\/\/x.com\/sputnik_swahili\"> <\/a><\/div>\n<p><a target=\"_blank\" itemprop=\"thumbnailUrl\" href=\"https:\/\/cdn1.img.sputniknews.africa\/img\/07e7\/06\/11\/1059994842_0:0:3132:1762_1920x0_80_0_0_de2a81e3dafc4aee9ea3a6f0cfc9dfd4.jpg\"\/><a target=\"_blank\" itemprop=\"thumbnailUrl\" href=\"https:\/\/cdn1.img.sputniknews.africa\/img\/07e7\/06\/11\/1059994842_126:0:2857:2048_1920x0_80_0_0_8e15bcfd02823158c57b18a025c5da6e.jpg\">https:\/\/cdn1.img.sputniknews.africa\/img\/07e7\/06\/11\/1059994842_126:0:2857:2048_1920x0_80_0_0_8e15bcfd02823158c57b18a025c5da6e.jpg<\/a><a target=\"_blank\" itemprop=\"thumbnailUrl\" href=\"https:\/\/cdn1.img.sputniknews.africa\/img\/07e7\/06\/11\/1059994842_467:0:2515:2048_1920x0_80_0_0_f74e7a94cca365e3eafcbee1c8037d8e.jpg\" title=\"Le Pr\u00e9sident sud-africain Cyril Ramaphosa lors des entretiens avec Vladimir Poutine \u00e0 Saint-P\u00e9tersbourg\"\/><\/p>\n<div itemprop=\"publisher\" itemscope=\"\" itemtype=\"http:\/\/schema.org\/Organization\">\n<p>Sputnik Afrique<\/p>\n<p><a target=\"_blank\" itemprop=\"url\" href=\"https:\/\/fr.sputniknews.africa\" title=\"Sputnik Afrique\"> <\/a><\/p>\n<p>feedback.fr@sputniknews.com<\/p>\n<p>+74956456601<\/p>\n<p>MIA \u201eRossiya Segodnya\u201c<\/p>\n<p><a target=\"_blank\" itemprop=\"sameAs\" href=\"https:\/\/t.me\/sputnik_afrique\"> <\/a><a target=\"_blank\" itemprop=\"sameAs\" href=\"https:\/\/t.me\/sputnik_africa\"> <\/a><a target=\"_blank\" itemprop=\"sameAs\" href=\"https:\/\/t.me\/sputnik_ethiopia\"> <\/a><a target=\"_blank\" itemprop=\"sameAs\" href=\"https:\/\/x.com\/sputnik_afrique\"> <\/a><a target=\"_blank\" itemprop=\"sameAs\" href=\"https:\/\/x.com\/sputnik_africa\"> <\/a><a target=\"_blank\" itemprop=\"sameAs\" href=\"https:\/\/x.com\/sputnik_ethio\"> <\/a><a target=\"_blank\" itemprop=\"sameAs\" href=\"https:\/\/x.com\/sputnik_swahili\"> <\/a><\/div>\n<p>afrique du sud, cyril ramaphosa, g20, \u00e9tats-unis, international<\/p>\n<div itemprop=\"about\" itemscope=\"\" itemtype=\"https:\/\/schema.org\/Thing\">\n<p>afrique du sud, cyril ramaphosa, g20, \u00e9tats-unis, international<\/p>\n<\/div>\n<\/div>\n<div class=\"article__header\">\n<div class=\"article__info \" data-nosnippet=\"\">\n<div class=\"article__info-date\"><a target=\"_blank\" href=\"https:\/\/fr.sputniknews.africa\/20251121\/\" class=\"\" title=\"Archives des actus\" data-unixtime=\"1763723073\">12:04 21.11.2025<\/a> <span class=\"article__info-date-modified \" data-unixtime=\"1763727780\"> (Mis \u00e0 jour: <span class=\"date\">13:23 21.11.2025<\/span>)<\/span><\/div>\n<\/div>\n<p>Le Pr\u00e9sident sud-africain refuse de passer la pr\u00e9sidence tournante du G20 \u00e0 un simple charg\u00e9 d&rsquo;affaires am\u00e9ricain, alors que les les \u00c9tats-Unis compte boycotter le sommet de Johannesburg.<\/p>\n<\/div>\n<div class=\"article__body\">\n<div class=\"article__block\" data-type=\"quote\">\n<div class=\"article__quote\">\n<p>\u00ab\u00a0Le Pr\u00e9sident ne confiera pas la pr\u00e9sidence \u00e0 un charg\u00e9 d&rsquo;affaires\u00a0\u00bb, a \u00e9crit sur X Vincent Magwenya, porte-parole de la pr\u00e9sidence sud-africaine.  <\/p>\n<\/div>\n<\/div>\n<div class=\"article__block\" data-type=\"text\">\n<p>Boycottant le sommet, les \u00c9tats-Unis comptait envoyer un simple <em>charg\u00e9 d&rsquo;affaires ad interim <\/em>pour recevoir la passation de pr\u00e9sidence.  <\/p>\n<\/div>\n<div class=\"article__block\" data-type=\"text\">\n<p>Assum\u00e9e par Pr\u00e9toria en 2025, la pr\u00e9sidence tournante du groupe doit en effet revenir aux \u00c9tats-Unis pour 2026.  <\/p>\n<\/div>\n<div class=\"article__block\" data-type=\"text\">\n<p>L&rsquo;administration Trump avait pr\u00e9c\u00e9demment invoqu\u00e9 des pr\u00e9occupations relatives aux droits de l&rsquo;homme pour justifier son boycott du sommet.  <\/p>\n<\/div>\n<div class=\"article__block\" data-type=\"text\">\n<p>Des m\u00e9dias avaient plus t\u00f4t rapport\u00e9 que les \u00c9tats-Unis avaient mis en garde contre la publication d&rsquo;une d\u00e9claration conjointe \u00e0 l&rsquo;issue du sommet de Johannesburg. Pretoria maintient que tout aura lieu comme pr\u00e9vu, ind\u00e9pendamment de la participation am\u00e9ricaine.<\/p>\n<\/div>\n<\/div>\n<\/div>\n<p><script async=\"async\" type=\"text\/plain\" class=\"_iub_cs_activate\" data-iub-purposes=\"3\" data-suppressedsrc=\"https:\/\/connect.facebook.net\/en_US\/sdk.js#xfbml=1&amp;version=v3.2\"><\/script><br \/>\n<br \/><br \/>\n<br \/><a href=\"https:\/\/fr.sputniknews.africa\/20251121\/ramaphosa-ne-souhaite-pas-passer-le-relai-du-g20-a-un-charge-daffaires-americain-1080703767.html\" target=\"_blank\"\">Source link <\/a><\/p>\n","protected":false},"excerpt":{"rendered":"<p>https:\/\/fr.sputniknews.africa\/20251121\/ramaphosa-ne-souhaite-pas-passer-le-relai-du-g20-a-un-charge-daffaires-americain-1080703767.html Ramaphosa ne souhaite pas passer le relai du G20 \u00e0 un charg\u00e9 d&rsquo;affaires am\u00e9ricain Ramaphosa ne souhaite pas passer le relai du G20 \u00e0 un charg\u00e9 d&rsquo;affaires am\u00e9ricain Sputnik&hellip; <\/p>\n","protected":false},"author":1,"featured_media":19785,"comment_status":"open","ping_status":"open","sticky":false,"template":"","format":"standard","meta":{"footnotes":""},"categories":[1],"tags":[],"class_list":["post-19784","post","type-post","status-publish","format-standard","has-post-thumbnail","hentry","category-non-classe"],"_links":{"self":[{"href":"https:\/\/monde25.info\/index.php\/wp-json\/wp\/v2\/posts\/19784","targetHints":{"allow":["GET"]}}],"collection":[{"href":"https:\/\/monde25.info\/index.php\/wp-json\/wp\/v2\/posts"}],"about":[{"href":"https:\/\/monde25.info\/index.php\/wp-json\/wp\/v2\/types\/post"}],"author":[{"embeddable":true,"href":"https:\/\/monde25.info\/index.php\/wp-json\/wp\/v2\/users\/1"}],"replies":[{"embeddable":true,"href":"https:\/\/monde25.info\/index.php\/wp-json\/wp\/v2\/comments?post=19784"}],"version-history":[{"count":0,"href":"https:\/\/monde25.info\/index.php\/wp-json\/wp\/v2\/posts\/19784\/revisions"}],"wp:featuredmedia":[{"embeddable":true,"href":"https:\/\/monde25.info\/index.php\/wp-json\/wp\/v2\/media\/19785"}],"wp:attachment":[{"href":"https:\/\/monde25.info\/index.php\/wp-json\/wp\/v2\/media?parent=19784"}],"wp:term":[{"taxonomy":"category","embeddable":true,"href":"https:\/\/monde25.info\/index.php\/wp-json\/wp\/v2\/categories?post=19784"},{"taxonomy":"post_tag","embeddable":true,"href":"https:\/\/monde25.info\/index.php\/wp-json\/wp\/v2\/tags?post=19784"}],"curies":[{"name":"wp","href":"https:\/\/api.w.org\/{rel}","templated":true}]}}