{"id":19786,"date":"2025-11-21T18:29:34","date_gmt":"2025-11-21T17:29:34","guid":{"rendered":"https:\/\/monde25.info\/index.php\/2025\/11\/21\/les-pays-africains-unissent-leurs-efforts-contre-les-enfants-soldats-rt-en-francais\/"},"modified":"2025-11-21T18:29:34","modified_gmt":"2025-11-21T17:29:34","slug":"les-pays-africains-unissent-leurs-efforts-contre-les-enfants-soldats-rt-en-francais","status":"publish","type":"post","link":"https:\/\/monde25.info\/index.php\/2025\/11\/21\/les-pays-africains-unissent-leurs-efforts-contre-les-enfants-soldats-rt-en-francais\/","title":{"rendered":"les pays africains unissent leurs efforts contre les enfants soldats \u2014 RT en fran\u00e7ais"},"content":{"rendered":"<p> <br \/>\n<br \/><img decoding=\"async\" src=\"https:\/\/mf.b37mrtl.ru\/french\/images\/2025.11\/thumbnail\/692091476f7ccc22c2033783.jpg\" \/><\/p>\n<div>\n<p class=\"text__summary\">\n                                        Les ministres africains, r\u00e9unis le 20 novembre \u00e0 Rabat, ont adopt\u00e9 la D\u00e9claration de Rabat, un texte visant \u00e0 pr\u00e9venir l\u2019enr\u00f4lement des enfants dans les conflits arm\u00e9s et \u00e0 renforcer leur protection et leur r\u00e9int\u00e9gration. Cette initiative marque une \u00e9tape majeure dans la lutte continentale contre l\u2019exploitation des mineurs.\n                                    <\/p>\n<p>\u00c0 l\u2019issue de la Conf\u00e9rence minist\u00e9rielle africaine sur le d\u00e9sarmement, la d\u00e9mobilisation et la r\u00e9int\u00e9gration (DDR), les pays africains ont approuv\u00e9 le 20 novembre la D\u00e9claration de Rabat, qualifiant l\u2019utilisation d\u2019enfants soldats de \u00ab\u00a0violation grave du droit international\u00a0\u00bb et d\u00e9finissant les lignes directrices d\u2019une strat\u00e9gie continentale renouvel\u00e9e.<\/p>\n<p data-start=\"845\" data-end=\"1258\">Les d\u00e9l\u00e9gations ont soulign\u00e9 l\u2019urgence de la lutte contre les violations touchant les enfants\u00a0: enr\u00f4lement forc\u00e9, violences sexuelles, enl\u00e8vements, privation d\u2019\u00e9ducation et entrave \u00e0 l\u2019aide humanitaire. Les conflits pass\u00e9s et actuels, de la Sierra Leone au Liberia, en passant par la R\u00e9publique centrafricaine et l\u2019Est de la R\u00e9publique d\u00e9mocratique du Congo, illustrent les cons\u00e9quences d\u00e9vastatrices de ce fl\u00e9au.<\/p>\n<h2 data-start=\"845\" data-end=\"1258\">La r\u00e9int\u00e9gration\u00a0des enfants d\u00e9mobilis\u00e9s<\/h2>\n<p data-start=\"1260\" data-end=\"1676\">La d\u00e9claration insiste sur la pr\u00e9vention, en renfor\u00e7ant la r\u00e9silience des communaut\u00e9s, les dispositifs d\u2019alerte pr\u00e9coce et les programmes \u00e9ducatifs favorisant une culture de paix. Elle accorde \u00e9galement la priorit\u00e9 \u00e0 la r\u00e9int\u00e9gration des enfants d\u00e9mobilis\u00e9s \u00e0 travers un accompagnement psychosocial, la r\u00e9unification familiale, le retour \u00e0 l\u2019\u00e9cole ou l\u2019acc\u00e8s \u00e0 la formation professionnelle et \u00e0 l\u2019\u00e9conomie locale.<\/p>\n<p data-start=\"1678\" data-end=\"1951\">Les ministres ont \u00e9galement rappel\u00e9 le r\u00f4le cl\u00e9 des organisations africaines, des communaut\u00e9s locales et de la soci\u00e9t\u00e9 civile dans la protection des mineurs, et soulign\u00e9 l\u2019importance d\u2019int\u00e9grer ces enjeux dans les n\u00e9gociations de paix et les processus de sortie de crise.<\/p>\n<p data-start=\"1953\" data-end=\"2229\">Parmi les mesures annonc\u00e9es figure l\u2019\u00e9laboration d\u2019un instrument juridique continental d\u00e9di\u00e9 \u00e0 la pr\u00e9vention du recrutement des enfants et la cr\u00e9ation d\u2019un \u00ab\u00a0Groupe des Amis sur le DDR ax\u00e9 sur les enfants\u00a0\u00bb pour coordonner les actions et soutenir les \u00c9tats les plus expos\u00e9s.<\/p>\n<\/div>\n<p><br \/>\n<br \/><a href=\"https:\/\/francais.rt.com\/afrique\/127597-maroc-pays-africains-unissent-leurs-efforts-contre-enfants-soldats\" target=\"_blank\"\">Source link <\/a><\/p>\n","protected":false},"excerpt":{"rendered":"<p>Les ministres africains, r\u00e9unis le 20 novembre \u00e0 Rabat, ont adopt\u00e9 la D\u00e9claration de Rabat, un texte visant \u00e0 pr\u00e9venir l\u2019enr\u00f4lement des enfants dans les conflits arm\u00e9s et \u00e0 renforcer&hellip; <\/p>\n","protected":false},"author":1,"featured_media":19787,"comment_status":"open","ping_status":"open","sticky":false,"template":"","format":"standard","meta":{"footnotes":""},"categories":[1],"tags":[],"class_list":["post-19786","post","type-post","status-publish","format-standard","has-post-thumbnail","hentry","category-non-classe"],"_links":{"self":[{"href":"https:\/\/monde25.info\/index.php\/wp-json\/wp\/v2\/posts\/19786","targetHints":{"allow":["GET"]}}],"collection":[{"href":"https:\/\/monde25.info\/index.php\/wp-json\/wp\/v2\/posts"}],"about":[{"href":"https:\/\/monde25.info\/index.php\/wp-json\/wp\/v2\/types\/post"}],"author":[{"embeddable":true,"href":"https:\/\/monde25.info\/index.php\/wp-json\/wp\/v2\/users\/1"}],"replies":[{"embeddable":true,"href":"https:\/\/monde25.info\/index.php\/wp-json\/wp\/v2\/comments?post=19786"}],"version-history":[{"count":0,"href":"https:\/\/monde25.info\/index.php\/wp-json\/wp\/v2\/posts\/19786\/revisions"}],"wp:featuredmedia":[{"embeddable":true,"href":"https:\/\/monde25.info\/index.php\/wp-json\/wp\/v2\/media\/19787"}],"wp:attachment":[{"href":"https:\/\/monde25.info\/index.php\/wp-json\/wp\/v2\/media?parent=19786"}],"wp:term":[{"taxonomy":"category","embeddable":true,"href":"https:\/\/monde25.info\/index.php\/wp-json\/wp\/v2\/categories?post=19786"},{"taxonomy":"post_tag","embeddable":true,"href":"https:\/\/monde25.info\/index.php\/wp-json\/wp\/v2\/tags?post=19786"}],"curies":[{"name":"wp","href":"https:\/\/api.w.org\/{rel}","templated":true}]}}