{"id":19789,"date":"2025-11-21T21:14:37","date_gmt":"2025-11-21T20:14:37","guid":{"rendered":"https:\/\/monde25.info\/index.php\/2025\/11\/21\/surpeche-le-navire-de-lenfer-de-retour-en-mer-avec-laide-de-la-france\/"},"modified":"2025-11-21T21:14:37","modified_gmt":"2025-11-21T20:14:37","slug":"surpeche-le-navire-de-lenfer-de-retour-en-mer-avec-laide-de-la-france","status":"publish","type":"post","link":"https:\/\/monde25.info\/index.php\/2025\/11\/21\/surpeche-le-navire-de-lenfer-de-retour-en-mer-avec-laide-de-la-france\/","title":{"rendered":"Surp\u00eache\u00a0: le \u00ab\u00a0navire de l&#039;enfer\u00a0\u00bb de retour en mer avec l&#039;aide de la France"},"content":{"rendered":"<p> <br \/>\n<br \/><img loading=\"lazy\" decoding=\"async\" src=\"https:\/\/reporterre.net\/local\/cache-vignettes\/L700xH467\/afp__20240215__34je6p4__v1__highres__francefishingenvironmentoceandemo_resized-329fa.jpg?1763741775\" class=\"spip_logo\" width=\"700\" height=\"467\" alt=\"\" \/><\/p>\n<p>L'\u00a0\u00bbAnnelies Ilena\u00a0\u00bb, le chalutier-cong\u00e9lateur, est de retour en mer \u00e0 la faveur d&rsquo;un nouvel accord d&rsquo;\u00e9changes de quotas de poissons entre la France et la Pologne. Cet accord, particuli\u00e8rement opaque, est d\u00e9nonc\u00e9 par les <span class=\"caps\">ONG<\/span>. <br class=\"autobr\" \/> Surnomm\u00e9 le \u00ab<small class=\"fine d-inline\">\u00a0<\/small>navire de l&rsquo;enfer<small class=\"fine d-inline\">\u00a0<\/small>\u00bb par les p\u00eacheurs mauritaniens qui ont crois\u00e9 sa route, l&rsquo;Annelies Ilena est reparti pour un tour dans l&rsquo;Atlantique. Apr\u00e8s un \u00e9t\u00e9 dans le Pacifique, ce chalutier-cong\u00e9lateur de 135\u00a0m\u00e8tres de long, op\u00e9rant pour le compte de la Compagnie\u00a0(\u2026)<\/p>\n<p>                    <a target=\"_blank\" href=\"https:\/\/reporterre.net\/Surpeche-le-navire-de-l-enfer-de-retour-en-mer-avec-l-aide-de-la-France?utm_source=RSS&amp;utm_medium=RSS\">Lire la suite<\/a><\/p>\n<p>                    &#8211;<br \/>\n                        <a target=\"_blank\" href=\"https:\/\/reporterre.net\/Autres-infos\" rel=\"directory\">Info<\/a><\/p>\n<p>                    \/<br \/>\n                        <a target=\"_blank\" href=\"https:\/\/reporterre.net\/Peche\" rel=\"tag\">P\u00eache<\/a><br \/>\n<br \/><br \/>\n<br \/><a href=\"https:\/\/reporterre.net\/Surpeche-le-navire-de-l-enfer-de-retour-en-mer-avec-l-aide-de-la-France\" target=\"_blank\"\">Source link <\/a><\/p>\n","protected":false},"excerpt":{"rendered":"<p>L&rsquo;\u00a0\u00bbAnnelies Ilena\u00a0\u00bb, le chalutier-cong\u00e9lateur, est de retour en mer \u00e0 la faveur d&rsquo;un nouvel accord d&rsquo;\u00e9changes de quotas de poissons entre la France et la Pologne. Cet accord, particuli\u00e8rement opaque,&hellip; <\/p>\n","protected":false},"author":1,"featured_media":0,"comment_status":"open","ping_status":"open","sticky":false,"template":"","format":"standard","meta":{"footnotes":""},"categories":[1],"tags":[],"class_list":["post-19789","post","type-post","status-publish","format-standard","hentry","category-non-classe"],"_links":{"self":[{"href":"https:\/\/monde25.info\/index.php\/wp-json\/wp\/v2\/posts\/19789","targetHints":{"allow":["GET"]}}],"collection":[{"href":"https:\/\/monde25.info\/index.php\/wp-json\/wp\/v2\/posts"}],"about":[{"href":"https:\/\/monde25.info\/index.php\/wp-json\/wp\/v2\/types\/post"}],"author":[{"embeddable":true,"href":"https:\/\/monde25.info\/index.php\/wp-json\/wp\/v2\/users\/1"}],"replies":[{"embeddable":true,"href":"https:\/\/monde25.info\/index.php\/wp-json\/wp\/v2\/comments?post=19789"}],"version-history":[{"count":0,"href":"https:\/\/monde25.info\/index.php\/wp-json\/wp\/v2\/posts\/19789\/revisions"}],"wp:attachment":[{"href":"https:\/\/monde25.info\/index.php\/wp-json\/wp\/v2\/media?parent=19789"}],"wp:term":[{"taxonomy":"category","embeddable":true,"href":"https:\/\/monde25.info\/index.php\/wp-json\/wp\/v2\/categories?post=19789"},{"taxonomy":"post_tag","embeddable":true,"href":"https:\/\/monde25.info\/index.php\/wp-json\/wp\/v2\/tags?post=19789"}],"curies":[{"name":"wp","href":"https:\/\/api.w.org\/{rel}","templated":true}]}}