{"id":19790,"date":"2025-11-21T21:47:36","date_gmt":"2025-11-21T20:47:36","guid":{"rendered":"https:\/\/monde25.info\/index.php\/2025\/11\/21\/voici-les-10-actus-a-ne-pas-manquer-cette-semaine\/"},"modified":"2025-11-21T21:47:36","modified_gmt":"2025-11-21T20:47:36","slug":"voici-les-10-actus-a-ne-pas-manquer-cette-semaine","status":"publish","type":"post","link":"https:\/\/monde25.info\/index.php\/2025\/11\/21\/voici-les-10-actus-a-ne-pas-manquer-cette-semaine\/","title":{"rendered":"voici les 10 actus \u00e0 ne pas manquer cette semaine"},"content":{"rendered":"<p> <br \/>\n<\/p>\n<div>\n<h4><strong>Vous n\u2019avez pas eu le temps de lire l\u2019actu ? Voici les 10 infos \u00e0 ne surtout pas manquer cette semaine.\u00a0<\/strong><\/h4>\n<h2><strong>1. Un selfie qui alimente le trafic<\/strong><\/h2>\n<p><span style=\"font-weight: 400;\"><strong>En Am\u00e9rique centrale, <\/strong>la popularit\u00e9 des<strong> selfies avec des paresseux alimente un trafic ill\u00e9gal florissant.<\/strong> Captur\u00e9s pour <strong>r\u00e9pondre \u00e0 la demande touristique, ces animaux vuln\u00e9rables sont exploit\u00e9s au m\u00e9pris de leur bien-\u00eatre,<\/strong> poussant plusieurs pays \u00e0 r\u00e9clamer un renforcement urgent de leur protection internationale. (<a target=\"_blank\" href=\"https:\/\/news.mongabay.com\/2025\/11\/sloth-selfies-are-feeding-a-booming-wildlife-trafficking-trade\/\">Mongabay<\/a>)<\/span><\/p>\n<p><iframe loading=\"lazy\" title=\"Comment nos selfies menacent les animaux sauvages\" width=\"1110\" height=\"624\" src=\"https:\/\/www.youtube.com\/embed\/3JeTO_iSUHA?feature=oembed\" frameborder=\"0\" allow=\"accelerometer; autoplay; clipboard-write; encrypted-media; gyroscope; picture-in-picture; web-share\" referrerpolicy=\"strict-origin-when-cross-origin\" allowfullscreen><\/iframe><\/p>\n<h2><strong>2. Dommages climatiques dans le conflit Ukraine-Russie<\/strong><\/h2>\n<p><span style=\"font-weight: 400;\">\u00c0 la COP30, <strong>l\u2019Ukraine d\u00e9pose une demande in\u00e9dite de 43 milliards de dollars contre la Russie pour les dommages climatiques li\u00e9s \u00e0 la guerre.<\/strong> Kiev chiffre les \u00e9missions et destructions environnementales du conflit \u00e0 l\u2019\u00e9quivalent de l\u2019empreinte carbone annuelle d\u2019un pays comme la Colombie, et veut inscrire ce pr\u00e9judice dans le cadre de la justice climatique. (<a target=\"_blank\" href=\"https:\/\/vert.eco\/articles\/la-russie-mene-une-guerre-sale-lukraine-annonce-la-premiere-demande-de-reparations-climatiques-liees-a-un-conflit-arme\">vert<\/a>)<\/span><\/p>\n<h2><strong>3. 3000 vaches en souffrance extr\u00eame<\/strong><\/h2>\n<p><span style=\"font-weight: 400;\"><strong>Un cargo v\u00e9tuste transportant pr\u00e8s de 3 000 vaches uruguayennes a \u00e9t\u00e9 immobilis\u00e9 pendant plusieurs semaines au large de la Turquie, faute de documents conformes.<\/strong> \u00c0 bord, les animaux survivent dans des conditions effroyables, avec plus de 58 morts et 140 mises bas. Il est depuis reparti vers l\u2019Uruguay. (<a target=\"_blank\" href=\"https:\/\/lareleveetlapeste.fr\/des-dizaines-de-morts-et-3-mois-en-mer-le-cargo-de-lenfer-pour-3-000-vaches\/\">La Rel\u00e8ve et la Peste<\/a>)<\/span><\/p>\n<h2><strong>4. Des militants \u00e9cologistes encore poursuivis\u00a0<\/strong><\/h2>\n<p><span style=\"font-weight: 400;\">Trois militantes \u00e9cologistes sont poursuivies<strong> pour avoir prot\u00e9g\u00e9 un ch\u00eane multis\u00e9culaire menac\u00e9 par la future LGV Bordeaux\u2013Toulouse. Elles risquent une interdiction de s\u00e9jour en Haute-Garonne.<\/strong>\u00a0 (<a target=\"_blank\" href=\"https:\/\/lareleveetlapeste.fr\/lgv-gpso-elles-risquent-detre-bannies-de-haute-garonne-pour-avoir-protege-un-chene-multicentenaire\/\">La Rel\u00e8ve et la Peste<\/a>)<\/span><\/p>\n<h2><strong>5. Le pr\u00e9sident de la Coordination rurale en guerre\u00a0<\/strong><\/h2>\n<p><span style=\"font-weight: 400;\">\u00c0 peine \u00e9lu, <strong>le nouveau pr\u00e9sident de la Coordination rurale, Bertrand Venteau, adopte une ligne offensive contre les \u00e9cologistes.<\/strong> Il d\u00e9nonce un \u00ab <em>carcan<\/em> \u00bb de normes environnementales jug\u00e9es hostiles aux agriculteurs et annonce vouloir peser pour un virage plus productiviste du syndicat. (<a target=\"_blank\" href=\"https:\/\/reporterre.net\/A-peine-elu-le-president-de-la-Coordination-rurale-veut-faire-la-peau-aux-ecolos\">Reporterre<\/a>)<\/span><\/p>\n<h2><strong>6. La paix des Sahraouis contre des tomates cerises<\/strong><\/h2>\n<p><span style=\"font-weight: 400;\"><strong>L\u2019accord agricole UE\u2013Maroc sign\u00e9 en octobre, qui permet l\u2019exportation de tomates cerises cultiv\u00e9es au Sahara occidental, est une violation du droit international, car, entre autres, sans consultation des Sahraouis.<\/strong> Sur place, conditions de travail et exploitation des ressources sont d\u00e9nonc\u00e9es, tandis que l\u2019Europe alimente un commerce contest\u00e9. (<a target=\"_blank\" href=\"https:\/\/reporterre.net\/Le-Maroc-pietine-les-droits-des-Sahraouis-pour-nous-fournir-en-tomates-cerises\">Reporterre<\/a>)<\/span><\/p>\n<h2><strong>7. Plaintes pour de l\u2019amiante dans les \u00e9coles\u00a0<\/strong><\/h2>\n<p><span style=\"font-weight: 400;\"><strong>\u00c0 Marseille, plus de cinquante personnes \u2013 parents, enseignants et agents municipaux \u2013 portent plainte pour exposition \u00e0 l\u2019amiante dans plusieurs \u00e9coles.<\/strong> Elles accusent les autorit\u00e9s d\u2019avoir laiss\u00e9 perdurer un risque sanitaire connu, et visent notamment des faits de \u00ab <em>mise en danger de la vie d\u2019autrui<\/em> \u00bb. (<a target=\"_blank\" href=\"https:\/\/reporterre.net\/Amiante-dans-les-ecoles-plus-de-50-personnes-portent-plainte-a-Marseille\">Reporterre<\/a>)<\/span><\/p>\n<h2><strong>8. Pour ou contre les sanctions contre l\u2019Iran ?<\/strong><\/h2>\n<p><span style=\"font-weight: 400;\">L<strong>a Russie s\u2019oppose au r\u00e9tablissement des sanctions occidentales contre l\u2019Iran via le m\u00e9canisme de \u00ab <em>snap-back<\/em> \u00bb, qu\u2019elle juge ill\u00e9gitime et contraire au droit international.<\/strong> Moscou annonce dans la foul\u00e9e vouloir approfondir sa coop\u00e9ration avec T\u00e9h\u00e9ran, renfor\u00e7ant encore leur rapprochement strat\u00e9gique. (<a target=\"_blank\" href=\"https:\/\/www.les-crises.fr\/la-russie-s-oppose-au-retablissement-des-sanctions-contre-l-iran-denoncant-une-acte-juridique-illegitime\/\">Les-crises<\/a>)<\/span><\/p>\n<h2><strong>9. Duralex sans plafond de verre<\/strong><\/h2>\n<p><span style=\"font-weight: 400;\"><strong>La verrerie Duralex, relanc\u00e9e par ses salari\u00e9s, d\u00e9passe largement ses objectifs lors d\u2019une lev\u00e9e de fonds citoyenne qui rassemble plus de 22 000 contributeurs.<\/strong> Le succ\u00e8s confirme l\u2019attachement du public \u00e0 cette marque embl\u00e9matique et donne un nouvel \u00e9lan \u00e0 sa production \u00ab<em> made in France<\/em> \u00bb. (<a target=\"_blank\" href=\"https:\/\/www.alternatives-economiques.fr\/levant-millions-aupres-francais-duralex-brise-plafond-de-verre\/00116951\">Alternatives \u00e9conomiques<\/a>)<\/span><\/p>\n<h2><strong>10. La transition \u00e9cologique est-elle coloniale ? oui.<\/strong><\/h2>\n<p><span style=\"font-weight: 400;\">\u00c0 la COP30 de Bel\u00e9m, militants et ONG d\u00e9noncent <a target=\"_blank\" href=\"https:\/\/mrmondialisation.org\/des-peuples-autochtones-sont-expulses-au-nom-de-lecologie\/\">une transition \u00e9nerg\u00e9tique qui reconduit des logiques n\u00e9ocoloniales.<\/a> <strong>L\u2019extraction massive de minerais n\u00e9cessaires aux technologies \u00ab <em>vertes<\/em> \u00bb p\u00e8se sur les peuples autochtones et les \u00e9cosyst\u00e8mes<\/strong>, r\u00e9v\u00e9lant les contradictions des strat\u00e9gies climatiques internationales. (<a target=\"_blank\" href=\"https:\/\/www.mediapart.fr\/journal\/ecologie\/191125\/cop30-la-transition-energetique-vehicule-de-nouvelles-formes-de-colonialisme\">M\u00e9diapart<\/a>)<\/span><\/p>\n<p style=\"text-align: right;\"><em>\u2013 Mauricette Baelen\u00a0<\/em><\/p>\n<div class=\"td-a-rec td-a-rec-id-content_inline  tdi_1 td_block_template_1\">\n<center><a target=\"_blank\" href=\"https:\/\/fr.tipeee.com\/mr-mondialisation\" class=\"tipeee-project-small\">Je m&rsquo;abonne \u00e0 Mr Mondialisation<\/a>&#13;<br \/>\n<\/center>&amp;nbsp<\/div>\n<div class=\"td-a-rec td-a-rec-id-content_bottom  tdi_2 td_block_template_1\">\n<span class=\"td-adspot-title\">&#8211; Cet article gratuit, ind\u00e9pendant et sans IA existe gr\u00e2ce aux abonn\u00e9s &#8211;<\/span><\/p>\n<div class=\"td-all-devices\">\n    <a target=\"_blank\" href=\"https:\/\/mrmondialisation.org\/donation\/\" title=\"Faire_un_don\"><img decoding=\"async\" class=\"donationArticle\" src=\"https:\/\/mrmondialisation.org\/wp-content\/uploads\/2022\/12\/220405-flikalicious-final.jpg\" alt=\"Donation\"\/><\/a>\n<\/div>\n<\/div><\/div>\n<p><br \/>\n<br \/><a href=\"https:\/\/mrmondialisation.org\/paresseux-cop30-et-vaches-en-detresse-voici-les-10-actus-a-ne-pas-manquer-cette-semaine\/\" target=\"_blank\"\">Source link <\/a><\/p>\n","protected":false},"excerpt":{"rendered":"<p>Vous n\u2019avez pas eu le temps de lire l\u2019actu ? Voici les 10 infos \u00e0 ne surtout pas manquer cette semaine.\u00a0 1. Un selfie qui alimente le trafic En Am\u00e9rique&hellip; <\/p>\n","protected":false},"author":1,"featured_media":19791,"comment_status":"open","ping_status":"open","sticky":false,"template":"","format":"standard","meta":{"footnotes":""},"categories":[1],"tags":[],"class_list":["post-19790","post","type-post","status-publish","format-standard","has-post-thumbnail","hentry","category-non-classe"],"_links":{"self":[{"href":"https:\/\/monde25.info\/index.php\/wp-json\/wp\/v2\/posts\/19790","targetHints":{"allow":["GET"]}}],"collection":[{"href":"https:\/\/monde25.info\/index.php\/wp-json\/wp\/v2\/posts"}],"about":[{"href":"https:\/\/monde25.info\/index.php\/wp-json\/wp\/v2\/types\/post"}],"author":[{"embeddable":true,"href":"https:\/\/monde25.info\/index.php\/wp-json\/wp\/v2\/users\/1"}],"replies":[{"embeddable":true,"href":"https:\/\/monde25.info\/index.php\/wp-json\/wp\/v2\/comments?post=19790"}],"version-history":[{"count":0,"href":"https:\/\/monde25.info\/index.php\/wp-json\/wp\/v2\/posts\/19790\/revisions"}],"wp:featuredmedia":[{"embeddable":true,"href":"https:\/\/monde25.info\/index.php\/wp-json\/wp\/v2\/media\/19791"}],"wp:attachment":[{"href":"https:\/\/monde25.info\/index.php\/wp-json\/wp\/v2\/media?parent=19790"}],"wp:term":[{"taxonomy":"category","embeddable":true,"href":"https:\/\/monde25.info\/index.php\/wp-json\/wp\/v2\/categories?post=19790"},{"taxonomy":"post_tag","embeddable":true,"href":"https:\/\/monde25.info\/index.php\/wp-json\/wp\/v2\/tags?post=19790"}],"curies":[{"name":"wp","href":"https:\/\/api.w.org\/{rel}","templated":true}]}}