{"id":19800,"date":"2025-11-22T02:44:41","date_gmt":"2025-11-22T01:44:41","guid":{"rendered":"https:\/\/monde25.info\/index.php\/2025\/11\/22\/coordination-rurale-des-deputes-demandent-une-enquete-apres-les-menaces-du-nouveau-president\/"},"modified":"2025-11-22T02:44:41","modified_gmt":"2025-11-22T01:44:41","slug":"coordination-rurale-des-deputes-demandent-une-enquete-apres-les-menaces-du-nouveau-president","status":"publish","type":"post","link":"https:\/\/monde25.info\/index.php\/2025\/11\/22\/coordination-rurale-des-deputes-demandent-une-enquete-apres-les-menaces-du-nouveau-president\/","title":{"rendered":"Coordination rurale\u00a0: des d\u00e9put\u00e9s demandent une enqu\u00eate apr\u00e8s les menaces du nouveau pr\u00e9sident"},"content":{"rendered":"<p> <br \/>\n<br \/><img loading=\"lazy\" decoding=\"async\" src=\"https:\/\/reporterre.net\/local\/cache-vignettes\/L700xH394\/capture_d_ecran_du_2025-11-21_15-09-19_resized-e6cbf.png?1763734447\" class=\"spip_logo\" width=\"700\" height=\"394\" alt=\"\" \/><\/p>\n<p>\u00ab<small class=\"fine d-inline\">\u00a0<\/small>Les \u00e9colos, nous devons leur faire la peau.<small class=\"fine d-inline\">\u00a0<\/small>\u00bb Deux\u00a0jours apr\u00e8s les propos mena\u00e7ants de Bertrand Venteau, nouveau pr\u00e9sident du syndicat agricole Coordination rurale, les r\u00e9actions se multiplient. <br class=\"autobr\" \/><br \/>\nAuditionn\u00e9e au S\u00e9nat mercredi 19\u00a0novembre, la ministre de l&rsquo;Agriculture Annie Genevard a jug\u00e9 \u00ab<small class=\"fine d-inline\">\u00a0<\/small>pr\u00e9occupantes<small class=\"fine d-inline\">\u00a0<\/small>\u00bb ces d\u00e9clarations\u00a0: \u00ab<small class=\"fine d-inline\">\u00a0<\/small>Je condamne fortement des propos mena\u00e7ants qui ont \u00e9t\u00e9 tenus et qui, en plus, opposent des modes d&rsquo;agriculture [\u2026]. C&rsquo;est une erreur profonde.<small class=\"fine d-inline\">\u00a0<\/small>\u00bb <br class=\"autobr\" \/><br \/>\nMercredi, 17\u00a0(\u2026)<\/p>\n<p>                    <a target=\"_blank\" href=\"https:\/\/reporterre.net\/Coordination-rurale-des-deputes-demandent-une-enquete-apres-les-menaces-du-nouveau?utm_source=RSS&amp;utm_medium=RSS\">Lire la suite<\/a><\/p>\n<p>                    &#8211;<br \/>\n                        <a target=\"_blank\" href=\"https:\/\/reporterre.net\/Breves-20\" rel=\"directory\">En bref<\/a><\/p>\n<p>                    \/<br \/>\n                        <a target=\"_blank\" href=\"https:\/\/reporterre.net\/Agriculture\" rel=\"tag\">Agriculture<\/a><br \/>\n                    ,<br \/>\n                        <a target=\"_blank\" href=\"https:\/\/reporterre.net\/Politique\" rel=\"tag\">Politique<\/a><br \/>\n<br \/><br \/>\n<br \/><a href=\"https:\/\/reporterre.net\/Coordination-rurale-des-deputes-demandent-une-enquete-apres-les-menaces-du-nouveau\" target=\"_blank\"\">Source link <\/a><\/p>\n","protected":false},"excerpt":{"rendered":"<p>\u00ab\u00a0Les \u00e9colos, nous devons leur faire la peau.\u00a0\u00bb Deux\u00a0jours apr\u00e8s les propos mena\u00e7ants de Bertrand Venteau, nouveau pr\u00e9sident du syndicat agricole Coordination rurale, les r\u00e9actions se multiplient. Auditionn\u00e9e au S\u00e9nat&hellip; <\/p>\n","protected":false},"author":1,"featured_media":0,"comment_status":"open","ping_status":"open","sticky":false,"template":"","format":"standard","meta":{"footnotes":""},"categories":[1],"tags":[],"class_list":["post-19800","post","type-post","status-publish","format-standard","hentry","category-non-classe"],"_links":{"self":[{"href":"https:\/\/monde25.info\/index.php\/wp-json\/wp\/v2\/posts\/19800","targetHints":{"allow":["GET"]}}],"collection":[{"href":"https:\/\/monde25.info\/index.php\/wp-json\/wp\/v2\/posts"}],"about":[{"href":"https:\/\/monde25.info\/index.php\/wp-json\/wp\/v2\/types\/post"}],"author":[{"embeddable":true,"href":"https:\/\/monde25.info\/index.php\/wp-json\/wp\/v2\/users\/1"}],"replies":[{"embeddable":true,"href":"https:\/\/monde25.info\/index.php\/wp-json\/wp\/v2\/comments?post=19800"}],"version-history":[{"count":0,"href":"https:\/\/monde25.info\/index.php\/wp-json\/wp\/v2\/posts\/19800\/revisions"}],"wp:attachment":[{"href":"https:\/\/monde25.info\/index.php\/wp-json\/wp\/v2\/media?parent=19800"}],"wp:term":[{"taxonomy":"category","embeddable":true,"href":"https:\/\/monde25.info\/index.php\/wp-json\/wp\/v2\/categories?post=19800"},{"taxonomy":"post_tag","embeddable":true,"href":"https:\/\/monde25.info\/index.php\/wp-json\/wp\/v2\/tags?post=19800"}],"curies":[{"name":"wp","href":"https:\/\/api.w.org\/{rel}","templated":true}]}}