{"id":19803,"date":"2025-11-22T03:50:34","date_gmt":"2025-11-22T02:50:34","guid":{"rendered":"https:\/\/monde25.info\/index.php\/2025\/11\/22\/une-nouvelle-serie-detudes-met-en-cause-les-aliments-ultra-transformes\/"},"modified":"2025-11-22T03:50:34","modified_gmt":"2025-11-22T02:50:34","slug":"une-nouvelle-serie-detudes-met-en-cause-les-aliments-ultra-transformes","status":"publish","type":"post","link":"https:\/\/monde25.info\/index.php\/2025\/11\/22\/une-nouvelle-serie-detudes-met-en-cause-les-aliments-ultra-transformes\/","title":{"rendered":"Une nouvelle s\u00e9rie d&rsquo;\u00e9tudes met en cause les aliments ultra transform\u00e9s"},"content":{"rendered":"<p> <br \/>\n<\/p>\n<div>\n<p><strong>Le 19 novembre, dans <\/strong><em><strong>The Lancet<\/strong><\/em><strong>, quarante-trois experts internationaux ont d\u00e9voil\u00e9 trois \u00e9tudes qui interrogent frontalement ce que nous mettons dans nos assiettes, quand et comment. En France comme ailleurs, ces travaux men\u00e9s notamment par des \u00e9quipes de l\u2019Inserm et d\u2019INRAE d\u00e9crivent une consommation d\u2019aliments ultra transform\u00e9s en hausse et des risques sanitaires d\u00e9j\u00e0 bien document\u00e9s.<\/strong><\/p>\n<p>Les paniers de courses ont bien chang\u00e9 depuis quelques dizaines d&rsquo;ann\u00e9es. Une avalanche de produits formul\u00e9s \u00e0 grand renfort de proc\u00e9d\u00e9s chimiques ou m\u00e9caniques p\u00e8se d\u00e9sormais pr\u00e8s d\u2019un tiers des apports caloriques fran\u00e7ais, et parfois presque deux fois plus aux Etats-Unis, selon <a target=\"_blank\" href=\"https:\/\/presse.inserm.fr\/aliments-ultra-transformes-des-impacts-negatifs-sur-la-sante-documentes-et-des-propositions-concretes-pour-limiter-lexposition-des-populations\/71444\/\">l\u2019Inserm<\/a>. Comme le rapporte <em>Le Monde<\/em>, \u00ab\u00a0entre 2009 et 2023, le march\u00e9 a cr\u00fb, \u00e0 l\u2019\u00e9chelle mondiale, de 1 500 milliards \u00e0 1 900 milliards de dollars\u00a0\u00bb.<\/p>\n<p>Les chercheurs rappellent que ces r\u00e9gimes s\u2019accompagnent d\u2019un cocktail de sucres, graisses d\u00e9grad\u00e9es et additifs potentiellement probl\u00e9matiques. En plus des trois articles publi\u00e9s dans <a target=\"_blank\" href=\"https:\/\/www.thelancet.com\/journals\/lancet\/article\/PIIS0140-6736(25)01565-X\/abstract?dgcid=tl.com_carousel1_lancetupf25\"><em>The Lancet<\/em><\/a>, une revue g\u00e9n\u00e9rale et syst\u00e9matique incluant cent quatre \u00e9tudes montre que quatre vingt douze d\u2019entre elles \u00e9tablissent un lien avec diverses maladies chroniques, dont ob\u00e9sit\u00e9, diab\u00e8te ou d\u00e9pression.\u00a0<\/p>\n<p>En r\u00e9action, les chercheurs pr\u00f4nent un syst\u00e8me alimentaire repens\u00e9 en profondeur, des \u00e9tiquetages clarifi\u00e9s, des restrictions de publicit\u00e9 envers les enfants et l\u2019\u00e9viction des aliments ultra transform\u00e9s dans les \u00e9coles ou h\u00f4pitaux. Certains pays testent d\u00e9j\u00e0 ces orientations de bon sens.<\/p>\n<p>Mais il y a, sans surprise, des strat\u00e9gies industrielles qui freinent la r\u00e9gulation au profit d&rsquo;un mod\u00e8le \u00e9conomique fond\u00e9 sur des ingr\u00e9dients bon march\u00e9 et un marketing massif. Les auteurs r\u00e9clament une mobilisation internationale capable de reprendre la main sur un syst\u00e8me qui s\u2019est emball\u00e9.<\/p>\n<\/div>\n<p><script>(function(d, s, id) {  var js, fjs = d.getElementsByTagName(s)[0];  if (d.getElementById(id)) return;  js = d.createElement(s); js.id = id;  js.src = \"\/\/connect.facebook.net\/fr_FR\/sdk.js#xfbml=1&version=v2.3\";  fjs.parentNode.insertBefore(js, fjs);}(document, \"script\", \"facebook-jssdk\"));<\/script><br \/>\n<br \/><br \/>\n<br \/><a href=\"https:\/\/www.francesoir.fr\/societe-sante\/une-nouvelle-serie-d-etudes-met-en-cause-les-aliments-ultra-transformes\" target=\"_blank\"\">Source link <\/a><\/p>\n","protected":false},"excerpt":{"rendered":"<p>Le 19 novembre, dans The Lancet, quarante-trois experts internationaux ont d\u00e9voil\u00e9 trois \u00e9tudes qui interrogent frontalement ce que nous mettons dans nos assiettes, quand et comment. En France comme ailleurs,&hellip; <\/p>\n","protected":false},"author":1,"featured_media":19804,"comment_status":"open","ping_status":"open","sticky":false,"template":"","format":"standard","meta":{"footnotes":""},"categories":[1],"tags":[],"class_list":["post-19803","post","type-post","status-publish","format-standard","has-post-thumbnail","hentry","category-non-classe"],"_links":{"self":[{"href":"https:\/\/monde25.info\/index.php\/wp-json\/wp\/v2\/posts\/19803","targetHints":{"allow":["GET"]}}],"collection":[{"href":"https:\/\/monde25.info\/index.php\/wp-json\/wp\/v2\/posts"}],"about":[{"href":"https:\/\/monde25.info\/index.php\/wp-json\/wp\/v2\/types\/post"}],"author":[{"embeddable":true,"href":"https:\/\/monde25.info\/index.php\/wp-json\/wp\/v2\/users\/1"}],"replies":[{"embeddable":true,"href":"https:\/\/monde25.info\/index.php\/wp-json\/wp\/v2\/comments?post=19803"}],"version-history":[{"count":0,"href":"https:\/\/monde25.info\/index.php\/wp-json\/wp\/v2\/posts\/19803\/revisions"}],"wp:featuredmedia":[{"embeddable":true,"href":"https:\/\/monde25.info\/index.php\/wp-json\/wp\/v2\/media\/19804"}],"wp:attachment":[{"href":"https:\/\/monde25.info\/index.php\/wp-json\/wp\/v2\/media?parent=19803"}],"wp:term":[{"taxonomy":"category","embeddable":true,"href":"https:\/\/monde25.info\/index.php\/wp-json\/wp\/v2\/categories?post=19803"},{"taxonomy":"post_tag","embeddable":true,"href":"https:\/\/monde25.info\/index.php\/wp-json\/wp\/v2\/tags?post=19803"}],"curies":[{"name":"wp","href":"https:\/\/api.w.org\/{rel}","templated":true}]}}