{"id":19814,"date":"2025-11-22T09:20:35","date_gmt":"2025-11-22T08:20:35","guid":{"rendered":"https:\/\/monde25.info\/index.php\/2025\/11\/22\/inquiet-pour-ses-vaches-un-nouvel-eleveur-se-plaint-de-la-proximite-des-eoliennes\/"},"modified":"2025-11-22T09:20:35","modified_gmt":"2025-11-22T08:20:35","slug":"inquiet-pour-ses-vaches-un-nouvel-eleveur-se-plaint-de-la-proximite-des-eoliennes","status":"publish","type":"post","link":"https:\/\/monde25.info\/index.php\/2025\/11\/22\/inquiet-pour-ses-vaches-un-nouvel-eleveur-se-plaint-de-la-proximite-des-eoliennes\/","title":{"rendered":"Inquiet pour ses vaches, un nouvel \u00e9leveur se plaint de la proximit\u00e9 des \u00e9oliennes"},"content":{"rendered":"<p> <br \/>\n<\/p>\n<div>\n<p><strong>Un \u00e9leveur de Loire Atlantique affirme depuis deux ans que six \u00e9oliennes construites pr\u00e8s de son exploitation bouleversent la sant\u00e9 et le comportement de ses vaches. Il s\u2019inqui\u00e8te de baisses de production, de mortalit\u00e9s et de comportements erratiques, sans pouvoir en \u00e9tablir la cause avec certitude. Le ph\u00e9nom\u00e8ne intrigue son v\u00e9t\u00e9rinaire, tandis que l\u2019exploitant du parc conteste tout lien.<\/strong><\/p>\n<p>\u00c0 en croire l\u2019\u00e9leveur, tout allait bien avant que le chantier ne d\u00e9marre. Il raconte avoir d\u2019abord suspect\u00e9 l\u2019alimentation, puis d\u00e9couvert que ses b\u00eates rechignaient soudain \u00e0 entrer dans la machine \u00e0 traire. \u00ab Je pensais \u00e0 un probl\u00e8me d\u2019alimentation chez nous, donc on a refait des diagnostics avec mon nutritionniste, qui m\u2019a dit qu\u2019il n\u2019y avait rien de sp\u00e9cial. Ce qui a commenc\u00e9 \u00e0 me mettre la puce \u00e0 l\u2019oreille, c\u2019est qu\u2019elles ne voulaient plus rentrer dans le robot \u00bb, explique-t-il \u00e0 <a target=\"_blank\" href=\"https:\/\/france3-regions.franceinfo.fr\/pays-de-la-loire\/loire-atlantique\/les-vaches-souffrent-elles-de-la-proximite-des-eoliennes-3250438.html\"><em>France 3 r\u00e9gions<\/em><\/a>. Son v\u00e9t\u00e9rinaire atteste d\u2019une situation jamais vue et relativise toutefois l\u2019id\u00e9e d\u2019une preuve scientifique.<\/p>\n<p>L\u2019industriel energieTEAM, mis en cause, renvoie vers d\u2019autres pistes. Installations \u00e9lectriques internes, perturbations du r\u00e9seau, courants parasites, tout est envisageable selon lui. Il recommande une expertise du GPSE, organisme mandat\u00e9 par les minist\u00e8res, mais l\u2019\u00e9leveur s\u2019y oppose, doutant de sa neutralit\u00e9. \u00ab Jusqu\u2019\u00e0 pr\u00e9sent, il n\u2019y a jamais eu de lien av\u00e9r\u00e9 de causalit\u00e9 entre notre parc et les probl\u00e9matiques que monsieur Pineau rencontre de temps \u00e0 autre sur son \u00e9levage \u00bb, affirme J\u00e9r\u00f4me Douat, directeur g\u00e9n\u00e9ral.<\/p>\n<p>Le d\u00e9bat d\u00e9passe pourtant cette ferme. Un rapport du CGAAER de 2023 recense plus de 300 t\u00e9moignages de perturbations \u00e9manant d\u2019\u00e9leveurs, tout en jugeant les preuves insuffisantes. Les bovins \u00e9tant particuli\u00e8rement sensibles aux courants \u00e9lectriques, c&rsquo;est tout de m\u00eame entendable. Mais entre les \u00e9leveurs et les industriels, c&rsquo;est un affrontement in\u00e9gal&#8230;<\/p>\n<\/div>\n<p><script>(function(d, s, id) {  var js, fjs = d.getElementsByTagName(s)[0];  if (d.getElementById(id)) return;  js = d.createElement(s); js.id = id;  js.src = \"\/\/connect.facebook.net\/fr_FR\/sdk.js#xfbml=1&version=v2.3\";  fjs.parentNode.insertBefore(js, fjs);}(document, \"script\", \"facebook-jssdk\"));<\/script><br \/>\n<br \/><br \/>\n<br \/><a href=\"https:\/\/www.francesoir.fr\/societe-environnement\/inquiet-pour-ses-vaches-un-nouvel-eleveur-se-plaint-de-la-proximite-des\" target=\"_blank\"\">Source link <\/a><\/p>\n","protected":false},"excerpt":{"rendered":"<p>Un \u00e9leveur de Loire Atlantique affirme depuis deux ans que six \u00e9oliennes construites pr\u00e8s de son exploitation bouleversent la sant\u00e9 et le comportement de ses vaches. Il s\u2019inqui\u00e8te de baisses&hellip; <\/p>\n","protected":false},"author":1,"featured_media":19815,"comment_status":"open","ping_status":"open","sticky":false,"template":"","format":"standard","meta":{"footnotes":""},"categories":[1],"tags":[],"class_list":["post-19814","post","type-post","status-publish","format-standard","has-post-thumbnail","hentry","category-non-classe"],"_links":{"self":[{"href":"https:\/\/monde25.info\/index.php\/wp-json\/wp\/v2\/posts\/19814","targetHints":{"allow":["GET"]}}],"collection":[{"href":"https:\/\/monde25.info\/index.php\/wp-json\/wp\/v2\/posts"}],"about":[{"href":"https:\/\/monde25.info\/index.php\/wp-json\/wp\/v2\/types\/post"}],"author":[{"embeddable":true,"href":"https:\/\/monde25.info\/index.php\/wp-json\/wp\/v2\/users\/1"}],"replies":[{"embeddable":true,"href":"https:\/\/monde25.info\/index.php\/wp-json\/wp\/v2\/comments?post=19814"}],"version-history":[{"count":0,"href":"https:\/\/monde25.info\/index.php\/wp-json\/wp\/v2\/posts\/19814\/revisions"}],"wp:featuredmedia":[{"embeddable":true,"href":"https:\/\/monde25.info\/index.php\/wp-json\/wp\/v2\/media\/19815"}],"wp:attachment":[{"href":"https:\/\/monde25.info\/index.php\/wp-json\/wp\/v2\/media?parent=19814"}],"wp:term":[{"taxonomy":"category","embeddable":true,"href":"https:\/\/monde25.info\/index.php\/wp-json\/wp\/v2\/categories?post=19814"},{"taxonomy":"post_tag","embeddable":true,"href":"https:\/\/monde25.info\/index.php\/wp-json\/wp\/v2\/tags?post=19814"}],"curies":[{"name":"wp","href":"https:\/\/api.w.org\/{rel}","templated":true}]}}