{"id":1982,"date":"2024-12-11T18:19:15","date_gmt":"2024-12-11T17:19:15","guid":{"rendered":"https:\/\/monde25.info\/index.php\/2024\/12\/11\/la-paysannerie-europeenne-sebroue-des-dizaines-de-tracteurs-devant-westminster-en-france-la16-fermee-dijon-envahi\/"},"modified":"2024-12-11T18:19:15","modified_gmt":"2024-12-11T17:19:15","slug":"la-paysannerie-europeenne-sebroue-des-dizaines-de-tracteurs-devant-westminster-en-france-la16-fermee-dijon-envahi","status":"publish","type":"post","link":"https:\/\/monde25.info\/index.php\/2024\/12\/11\/la-paysannerie-europeenne-sebroue-des-dizaines-de-tracteurs-devant-westminster-en-france-la16-fermee-dijon-envahi\/","title":{"rendered":"La paysannerie europ\u00e9enne s\u2019\u00e9broue : des dizaines de tracteurs devant Westminster, en France l\u2019A16 ferm\u00e9e , Dijon envahi"},"content":{"rendered":"<p> <br \/>\n<\/p>\n<div>\n<p><span data-contrast=\"none\">Des agriculteurs britanniques manifestent ce mercredi avec leurs tracteurs devant le Parlement, dans le centre de Londres, pour protester contre une taxe controvers\u00e9e sur la succession visant certaines exploitations, annonc\u00e9e r\u00e9cemment par le gouvernement travailliste.<\/span><span data-ccp-props=\"{&quot;134233117&quot;:false,&quot;134233118&quot;:false,&quot;335559738&quot;:300,&quot;335559739&quot;:300}\">\u00a0<\/span><\/p>\n<p><span data-contrast=\"none\">Les sacrifi\u00e9s de l\u2019Europe se r\u00e9veillent petit \u00e0 petit, pays par pays.<\/span><span data-ccp-props=\"{&quot;134233117&quot;:false,&quot;134233118&quot;:false,&quot;335559738&quot;:300,&quot;335559739&quot;:300}\">\u00a0<\/span><\/p>\n<p><span data-contrast=\"none\">\u00ab\u00a0Ne mordez pas la main qui vous nourrit\u00a0\u00bb, pouvait-on lire parmi les pancartes des manifestants, au milieu de dizaines tracteurs &#8211;dont beaucoup orn\u00e9s de drapeaux britanniques&#8211; gar\u00e9s \u00e0 deux pas du palais de Westminster.<\/span><span data-ccp-props=\"{&quot;134233117&quot;:false,&quot;134233118&quot;:false,&quot;335559738&quot;:300,&quot;335559739&quot;:300}\">\u00a0<\/span><\/p>\n<p><span data-contrast=\"none\">\u00ab\u00a0L&rsquo;imp\u00f4t sur la succession est la goutte d&rsquo;eau qui fait d\u00e9border le vase\u00a0\u00bb, raconte, entre coups de klaxons et musique \u00e0 fond, William Pickering, 44 ans, qui poss\u00e8de une exploitation majoritairement laiti\u00e8re \u00e0 Tunbridge, dans le Kent.<\/span><span data-ccp-props=\"{&quot;134233117&quot;:false,&quot;134233118&quot;:false,&quot;335559738&quot;:300,&quot;335559739&quot;:300}\">\u00a0<\/span><\/p>\n<p><span data-contrast=\"none\">\u00ab\u00a0Nous attendons que (le gouvernement) r\u00e9alise qu&rsquo;il a fait une \u00e9norme erreur et qu&rsquo;il la supprime\u00a0\u00bb, ajoute-t-il, se disant pr\u00eat \u00e0 revenir manifester tant qu&rsquo;il le faudra.<\/span><span data-ccp-props=\"{&quot;134233117&quot;:false,&quot;134233118&quot;:false,&quot;335559738&quot;:300,&quot;335559739&quot;:300}\">\u00a0<\/span><\/p>\n<p><span data-contrast=\"none\">Pr\u00e8s de 10.000 personnes s&rsquo;\u00e9taient d\u00e9j\u00e0 rassembl\u00e9es le 19 novembre contre ce projet.<\/span><span data-ccp-props=\"{&quot;134233117&quot;:false,&quot;134233118&quot;:false,&quot;335559738&quot;:300,&quot;335559739&quot;:300}\">\u00a0<\/span><\/p>\n<p><span data-contrast=\"none\">A ses c\u00f4t\u00e9s, sa fille Grace, 16 ans, craint de ne pouvoir reprendre l&rsquo;exploitation familiale : \u00ab\u00a0Nous devrions vendre des champs (pour payer la taxe, ndlr) et la ferme ne serait plus viable, car il n&rsquo;y aurait plus assez de terres \u00e0 cultiver.\u00a0\u00bb<\/span><span data-ccp-props=\"{&quot;134233117&quot;:false,&quot;134233118&quot;:false,&quot;335559738&quot;:300,&quot;335559739&quot;:300}\">\u00a0<\/span><\/p>\n<p><span data-contrast=\"none\">Jusqu&rsquo;\u00e0 pr\u00e9sent, les exploitations agricoles britanniques pouvaient b\u00e9n\u00e9ficier d&rsquo;une exon\u00e9ration des droits de succession sur leurs biens et propri\u00e9t\u00e9s, une mesure cens\u00e9e faciliter \u00e0 juste titre la reprise des fermes.<\/span><span data-ccp-props=\"{&quot;134233117&quot;:false,&quot;134233118&quot;:false,&quot;335559738&quot;:300,&quot;335559739&quot;:300}\">\u00a0<\/span><\/p>\n<p><span data-contrast=\"none\">Mais le gouvernement a annonc\u00e9 le 30 octobre, lors de la pr\u00e9sentation de son budget, que cette exon\u00e9ration ne s&rsquo;appliquerait plus aux exploitations de plus d&rsquo;un million de livres (1,20 million d&rsquo;euros), \u00e0 partir d&rsquo;avril 2026.<\/span><span data-ccp-props=\"{&quot;134233117&quot;:false,&quot;134233118&quot;:false,&quot;335559738&quot;:300,&quot;335559739&quot;:300}\">\u00a0<\/span><\/p>\n<p><span data-contrast=\"none\">Elles seront d\u00e9sormais soumises \u00e0 une imposition de 20%, la moiti\u00e9 du taux habituel des droits de succession.<\/span><span data-ccp-props=\"{&quot;134233117&quot;:false,&quot;134233118&quot;:false,&quot;335559738&quot;:300,&quot;335559739&quot;:300}\">\u00a0<\/span><\/p>\n<p><span data-contrast=\"none\">L&rsquo;ex\u00e9cutif estime cependant que le seuil r\u00e9el \u00e0 partir duquel ces droits de succession seraient pay\u00e9s pourrait s&rsquo;\u00e9lever \u00e0 3 millions de livres (3,6 millions d&rsquo;euros), en raison des abattements pr\u00e9vus quand un couple souhaite transmettre son exploitation \u00e0 un enfant.<\/span><span data-ccp-props=\"{&quot;134233117&quot;:false,&quot;134233118&quot;:false,&quot;335559738&quot;:300,&quot;335559739&quot;:300}\">\u00a0<\/span><\/p>\n<p><span data-contrast=\"none\">\u00ab\u00a0La grande majorit\u00e9 des exploitations familiales ne seront pas touch\u00e9es. Nous nous attendons \u00e0 ce qu&rsquo;environ 500 d&rsquo;entre elles seulement le soient\u00a0\u00bb, a estim\u00e9 mercredi Shabana Mahmood, ministre de la Justice, sur Sky News. Ce qui ne servirait donc \u00e0 rien budg\u00e9tairement parlant, et deviendrait finalement une r\u00e9forme impopulaire.<\/span><span data-ccp-props=\"{&quot;134233117&quot;:false,&quot;134233118&quot;:false,&quot;335559738&quot;:300,&quot;335559739&quot;:300}\">\u00a0<\/span><\/p>\n<p><span data-contrast=\"none\">Les agriculteurs, eux, s&rsquo;appuient pour leur part sur un chiffre du minist\u00e8re des Affaires rurales selon lequel 66% des entreprises agricoles valent plus d&rsquo;un million de livres, ce qui n\u2019est plus pareil.<\/span><span data-ccp-props=\"{&quot;134233117&quot;:false,&quot;134233118&quot;:false,&quot;335559738&quot;:300,&quot;335559739&quot;:300}\">\u00a0<\/span><\/p>\n<p><span data-contrast=\"none\">Exclus de la politique agricole commune europ\u00e9enne (PAC), depuis le Brexit, les agriculteurs britanniques souffrent de p\u00e9nuries de main-d\u2019\u0153uvre et d&rsquo;un d\u00e9ficit de financement.<\/span><span data-ccp-props=\"{&quot;134233117&quot;:false,&quot;134233118&quot;:false,&quot;335559738&quot;:300,&quot;335559739&quot;:300}\">\u00a0<\/span><\/p>\n<p><span data-contrast=\"none\">Pendant ce temps de l\u2019autre c\u00f4t\u00e9 de la manche, une centaine de tracteurs bloquaient ce mercredi l&rsquo;autoroute A16 dans le sens Boulogne-Dunkerque \u00e0 Coquelles, pr\u00e8s du tunnel sous la Manche, pour protester contre l&rsquo;accord de libre-\u00e9change UE-Mercosur, a constat\u00e9 un correspondant de l&rsquo;AFP.<\/span><span data-ccp-props=\"{&quot;134233117&quot;:false,&quot;134233118&quot;:false,&quot;335559738&quot;:300,&quot;335559739&quot;:300}\">\u00a0<\/span><\/p>\n<p><span data-contrast=\"none\">Cette action n&rsquo;avait cependant \u00ab\u00a0aucun impact sur les plateformes transmanches\u00a0\u00bb, c&rsquo;est-\u00e0-dire le tunnel et le port de Calais, selon la pr\u00e9fecture du Pas-de-Calais interrog\u00e9e par l&rsquo;AFP. Des d\u00e9viations ont \u00e9t\u00e9 mises en place, a-t-elle pr\u00e9cis\u00e9.<\/span><span data-ccp-props=\"{&quot;134233117&quot;:false,&quot;134233118&quot;:false,&quot;335559738&quot;:300,&quot;335559739&quot;:300}\">\u00a0<\/span><\/p>\n<p><span data-contrast=\"none\">\u00ab\u00a0On bloque l&rsquo;A16 pour montrer le m\u00e9contentement des agriculteurs, des \u00e9leveurs en particulier, suite aux annonces sur le Mercosur\u00a0\u00bb, a expliqu\u00e9 Antoine Peenaert, pr\u00e9sident de la FDSEA du Calaisis. Il a d\u00e9plor\u00e9 qu&rsquo;Ursula von der Leyen, la pr\u00e9sidente de la Commission europ\u00e9enne, soit \u00ab\u00a0d\u00e9j\u00e0 partie signer quelque chose en Uruguay sans vraiment l&rsquo;accord de l&rsquo;Europe\u00a0\u00bb.<\/span><span data-ccp-props=\"{&quot;134233117&quot;:false,&quot;134233118&quot;:false,&quot;335559738&quot;:300,&quot;335559739&quot;:300}\">\u00a0<\/span><\/p>\n<p><span data-contrast=\"none\">L&rsquo;annonce vendredi \u00e0 Montevideo, en pr\u00e9sence de Mme von der Leyen, de la finalisation de l&rsquo;accord de libre-\u00e9change entre l&rsquo;Union europ\u00e9enne et quatre pays du Mercosur (Argentine, Br\u00e9sil, Paraguay et Uruguay) a relanc\u00e9 une vague de protestations dans le monde agricole fran\u00e7ais et europ\u00e9en. Il redoute d&rsquo;\u00eatre confront\u00e9 \u00e0 une concurrence sud-am\u00e9ricaine \u00e0 prix cass\u00e9s, notamment sur le march\u00e9 de la viande.<\/span><span data-ccp-props=\"{&quot;134233117&quot;:false,&quot;134233118&quot;:false,&quot;335559738&quot;:300,&quot;335559739&quot;:300}\">\u00a0<\/span><\/p>\n<p><span data-contrast=\"none\">Cette action symbolique pr\u00e8s du grand centre commercial Cit\u00e9 Europe de Coquelles, qui a d\u00e9marr\u00e9 en fin de matin\u00e9e, doit durer \u00ab\u00a0jusqu&rsquo;\u00e0 16H00, pour montrer notre d\u00e9termination\u00a0\u00bb et la capacit\u00e9 des agriculteurs de \u00ab\u00a0bloquer\u00a0\u00bb davantage l&rsquo;\u00e9conomie fran\u00e7aise et europ\u00e9enne \u00ab\u00a0s&rsquo;il le faut\u00a0\u00bb, a ajout\u00e9 M. Peenaert.<\/span><span data-ccp-props=\"{&quot;134233117&quot;:false,&quot;134233118&quot;:false,&quot;335559738&quot;:300,&quot;335559739&quot;:300}\">\u00a0<\/span><\/p>\n<p><span data-contrast=\"none\">La France est la cheffe de file de pays europ\u00e9ens oppos\u00e9s \u00e0 cet accord, qui pour entrer en vigueur doit \u00eatre ratifi\u00e9 par au moins 15 des 27 Etats membres de l&rsquo;UE, repr\u00e9sentant au moins 65% de sa population.<\/span><span data-ccp-props=\"{&quot;134233117&quot;:false,&quot;134233118&quot;:false,&quot;335559738&quot;:300,&quot;335559739&quot;:300}\">\u00a0<\/span><\/p>\n<p><span data-contrast=\"none\">A Dijon des dizaines de tracteurs ont bloqu\u00e9 ce mercredi le centre-ville, d\u00e9versant fumier et pneus usag\u00e9s en signe de protestation contre l&rsquo;accord entre l&rsquo;UE et le Mercosur et la censure du gouvernement.<\/span><span data-ccp-props=\"{&quot;134233117&quot;:false,&quot;134233118&quot;:false,&quot;335559738&quot;:300,&quot;335559739&quot;:300}\">\u00a0<\/span><\/p>\n<p><span data-contrast=\"none\">\u00ab\u00a0Paysans sans bl\u00e9\u00a0\u00bb, \u00ab\u00a0N&rsquo;importons pas ce que l&rsquo;on a interdit en France\u00a0\u00bb, \u00e9tait-il inscrit sur des panneaux accroch\u00e9s \u00e0 la calandre des tracteurs stationn\u00e9s face au Conseil r\u00e9gional de Bourgogne-Franche-Comt\u00e9, \u00e0 la Maison de l&rsquo;Europe et pr\u00e8s de la pr\u00e9fecture.<\/span><span data-ccp-props=\"{&quot;134233117&quot;:false,&quot;134233118&quot;:false,&quot;335559738&quot;:300,&quot;335559739&quot;:300}\">\u00a0<\/span><\/p>\n<p><span data-contrast=\"none\">Des bennes charg\u00e9es de vieux pneus, paille et lisier, ont \u00e9t\u00e9 d\u00e9vers\u00e9es devant la Maison de l&rsquo;Europe. Un important dispositif policier les a emp\u00each\u00e9 de faire de m\u00eame devant la pr\u00e9fecture, sans trop de troubles.<\/span><span data-ccp-props=\"{&quot;134233117&quot;:false,&quot;134233118&quot;:false,&quot;335559738&quot;:300,&quot;335559739&quot;:300}\">\u00a0<\/span><\/p>\n<p><span data-contrast=\"none\">\u00ab\u00a0Plus d&rsquo;une centaine\u00a0\u00bb de tracteurs \u00e9taient pr\u00e9sents, selon les organisateurs, qui d\u00e9noncent encore \u00ab\u00a0l&rsquo;accord honteux\u00a0\u00bb entre l&rsquo;Union europ\u00e9enne et le Mercosur et la censure du gouvernement Barnier. La pr\u00e9fecture en a d\u00e9nombr\u00e9 73.<\/span><span data-ccp-props=\"{&quot;134233117&quot;:false,&quot;134233118&quot;:false,&quot;335559738&quot;:300,&quot;335559739&quot;:300}\">\u00a0<\/span><\/p>\n<p><span data-contrast=\"none\">\u00ab\u00a0On r\u00e9clame que le prochain gouvernement reprenne int\u00e9gralement ce qui \u00e9tait dans le projet de loi agricole qui devait \u00eatre valid\u00e9 d\u00e9but janvier\u00a0\u00bb.<\/span><span data-ccp-props=\"{&quot;134233117&quot;:false,&quot;134233118&quot;:false,&quot;335559738&quot;:300,&quot;335559739&quot;:300}\">\u00a0<\/span><\/p>\n<p><span data-contrast=\"none\">\u00ab\u00a0On continuera \u00e0 avoir des actions fortes et massives\u00a0\u00bb, a-t-il ajout\u00e9 sous les coups de klaxon des engins agricoles.<\/span><span data-ccp-props=\"{&quot;134233117&quot;:false,&quot;134233118&quot;:false,&quot;335559738&quot;:300,&quot;335559739&quot;:300}\">\u00a0<\/span><\/p>\n<p><span data-contrast=\"none\">\u00ab\u00a0On veut un gouvernement qui prenne conscience des probl\u00e9matiques agricoles encore plus que ce qu&rsquo;on connaissait auparavant\u00a0\u00bb, a rench\u00e9ri Yannick Salomon, secr\u00e9taire g\u00e9n\u00e9rale des JA de C\u00f4te-d&rsquo;Or.<\/span><span data-ccp-props=\"{&quot;134233117&quot;:false,&quot;134233118&quot;:false,&quot;335559738&quot;:300,&quot;335559739&quot;:300}\">\u00a0<\/span><\/p>\n<p><span data-contrast=\"none\">Lundi soir, la permanence de trois d\u00e9put\u00e9s NFP et un RN de la r\u00e9gion, qui ont vot\u00e9 la censure, a \u00e9t\u00e9 emmur\u00e9e par des manifestants, comme de nombreuses autres dans le reste du pays.<\/span><span data-ccp-props=\"{&quot;134233117&quot;:false,&quot;134233118&quot;:false,&quot;335559738&quot;:300,&quot;335559739&quot;:300}\">\u00a0<\/span><\/p>\n<p><span data-contrast=\"none\">L&rsquo;une des d\u00e9put\u00e9es vis\u00e9es, l\u2019\u00e9cologiste Catherine Hervieu, a \u00e9t\u00e9 touch\u00e9e par un jet de peinture alors qu&rsquo;elle discutait avec des agriculteurs qui muraient sa permanence. Elle a cependant d\u00e9cid\u00e9 de ne pas porter plainte.<\/span><span data-ccp-props=\"{&quot;134233117&quot;:false,&quot;134233118&quot;:false,&quot;335559738&quot;:300,&quot;335559739&quot;:300}\">\u00a0<\/span><\/p>\n<\/div>\n<p><script>(function(d, s, id) {  var js, fjs = d.getElementsByTagName(s)[0];  if (d.getElementById(id)) return;  js = d.createElement(s); js.id = id;  js.src = \"\/\/connect.facebook.net\/fr_FR\/sdk.js#xfbml=1&version=v2.3\";  fjs.parentNode.insertBefore(js, fjs);}(document, \"script\", \"facebook-jssdk\"));<\/script><br \/>\n<br \/><br \/>\n<br \/><a href=\"https:\/\/www.francesoir.fr\/politique-monde\/la-paysannerie-europeenne-s-ebroue-des-dizaines-de-tracteurs-devant-westminster-en\" target=\"_blank\"\">Source link <\/a><\/p>\n","protected":false},"excerpt":{"rendered":"<p>Des agriculteurs britanniques manifestent ce mercredi avec leurs tracteurs devant le Parlement, dans le centre de Londres, pour protester contre une taxe controvers\u00e9e sur la succession visant certaines exploitations, annonc\u00e9e&hellip; <\/p>\n","protected":false},"author":1,"featured_media":1983,"comment_status":"open","ping_status":"open","sticky":false,"template":"","format":"standard","meta":{"footnotes":""},"categories":[1],"tags":[],"class_list":["post-1982","post","type-post","status-publish","format-standard","has-post-thumbnail","hentry","category-non-classe"],"_links":{"self":[{"href":"https:\/\/monde25.info\/index.php\/wp-json\/wp\/v2\/posts\/1982","targetHints":{"allow":["GET"]}}],"collection":[{"href":"https:\/\/monde25.info\/index.php\/wp-json\/wp\/v2\/posts"}],"about":[{"href":"https:\/\/monde25.info\/index.php\/wp-json\/wp\/v2\/types\/post"}],"author":[{"embeddable":true,"href":"https:\/\/monde25.info\/index.php\/wp-json\/wp\/v2\/users\/1"}],"replies":[{"embeddable":true,"href":"https:\/\/monde25.info\/index.php\/wp-json\/wp\/v2\/comments?post=1982"}],"version-history":[{"count":0,"href":"https:\/\/monde25.info\/index.php\/wp-json\/wp\/v2\/posts\/1982\/revisions"}],"wp:featuredmedia":[{"embeddable":true,"href":"https:\/\/monde25.info\/index.php\/wp-json\/wp\/v2\/media\/1983"}],"wp:attachment":[{"href":"https:\/\/monde25.info\/index.php\/wp-json\/wp\/v2\/media?parent=1982"}],"wp:term":[{"taxonomy":"category","embeddable":true,"href":"https:\/\/monde25.info\/index.php\/wp-json\/wp\/v2\/categories?post=1982"},{"taxonomy":"post_tag","embeddable":true,"href":"https:\/\/monde25.info\/index.php\/wp-json\/wp\/v2\/tags?post=1982"}],"curies":[{"name":"wp","href":"https:\/\/api.w.org\/{rel}","templated":true}]}}