{"id":19820,"date":"2025-11-22T13:11:34","date_gmt":"2025-11-22T12:11:34","guid":{"rendered":"https:\/\/monde25.info\/index.php\/2025\/11\/22\/la-cop30-vire-au-fiasco-et-pourrait-sachever-sans-le-moindre-accord\/"},"modified":"2025-11-22T13:11:34","modified_gmt":"2025-11-22T12:11:34","slug":"la-cop30-vire-au-fiasco-et-pourrait-sachever-sans-le-moindre-accord","status":"publish","type":"post","link":"https:\/\/monde25.info\/index.php\/2025\/11\/22\/la-cop30-vire-au-fiasco-et-pourrait-sachever-sans-le-moindre-accord\/","title":{"rendered":"La COP30 vire au fiasco et pourrait s&#039;achever sans le moindre accord"},"content":{"rendered":"<p> <br \/>\n<br \/><img loading=\"lazy\" decoding=\"async\" src=\"https:\/\/reporterre.net\/local\/cache-vignettes\/L700xH467\/afp__20251121__84rg8fn__v1__highres__brazilclimatecop30un_1_-47fa3.jpg?1763804796\" class=\"spip_logo\" width=\"700\" height=\"467\" alt=\"\" \/><\/p>\n<p>Ministre en col\u00e8re, observateurs \u00e9puis\u00e9s, texte \u00ab<small class=\"fine d-inline\">\u00a0<\/small>inacceptable<small class=\"fine d-inline\">\u00a0<\/small>\u00bb&#8230; C&rsquo;est la douche froide \u00e0 la <span class=\"caps\">COP30<\/span>. Alors qu&rsquo;elle se termine au Br\u00e9sil, l&rsquo;espoir d&rsquo;un accord sur la sortie des \u00e9nergies fossiles s&rsquo;\u00e9loigne. <br class=\"autobr\" \/><br \/>\nBel\u00e9m (Br\u00e9sil), correspondance <br class=\"autobr\" \/><br \/>\n\u00c0 chaque <span class=\"caps\">COP<\/span>, la m\u00eame rengaine. Le 21\u00a0novembre, jour officiel de cl\u00f4ture de la 30<sup class=\"typo_exposants\">e<\/sup> conf\u00e9rence onusienne sur le climat, militants, observateurs et journalistes ont camp\u00e9 jusqu&rsquo;au c\u0153ur de la nuit devant les bureaux de la pr\u00e9sidence. \u00c0 l&rsquo;int\u00e9rieur, les\u00a0(\u2026)<\/p>\n<p>                    <a target=\"_blank\" href=\"https:\/\/reporterre.net\/La-COP30-vire-au-fiasco-et-pourrait-s-achever-sans-le-moindre-accord?utm_source=RSS&amp;utm_medium=RSS\">Lire la suite<\/a><\/p>\n<p>                    &#8211;<br \/>\n                        <a target=\"_blank\" href=\"https:\/\/reporterre.net\/Autres-infos\" rel=\"directory\">Info<\/a><\/p>\n<p>                    \/<br \/>\n                        <a target=\"_blank\" href=\"https:\/\/reporterre.net\/COP30\" rel=\"tag\"><span class=\"caps\">COP30<\/span><\/a><br \/>\n<br \/><br \/>\n<br \/><a href=\"https:\/\/reporterre.net\/La-COP30-vire-au-fiasco-et-pourrait-s-achever-sans-le-moindre-accord\" target=\"_blank\"\">Source link <\/a><\/p>\n","protected":false},"excerpt":{"rendered":"<p>Ministre en col\u00e8re, observateurs \u00e9puis\u00e9s, texte \u00ab\u00a0inacceptable\u00a0\u00bb&#8230; C&rsquo;est la douche froide \u00e0 la COP30. Alors qu&rsquo;elle se termine au Br\u00e9sil, l&rsquo;espoir d&rsquo;un accord sur la sortie des \u00e9nergies fossiles s&rsquo;\u00e9loigne.&hellip; <\/p>\n","protected":false},"author":1,"featured_media":0,"comment_status":"open","ping_status":"open","sticky":false,"template":"","format":"standard","meta":{"footnotes":""},"categories":[1],"tags":[],"class_list":["post-19820","post","type-post","status-publish","format-standard","hentry","category-non-classe"],"_links":{"self":[{"href":"https:\/\/monde25.info\/index.php\/wp-json\/wp\/v2\/posts\/19820","targetHints":{"allow":["GET"]}}],"collection":[{"href":"https:\/\/monde25.info\/index.php\/wp-json\/wp\/v2\/posts"}],"about":[{"href":"https:\/\/monde25.info\/index.php\/wp-json\/wp\/v2\/types\/post"}],"author":[{"embeddable":true,"href":"https:\/\/monde25.info\/index.php\/wp-json\/wp\/v2\/users\/1"}],"replies":[{"embeddable":true,"href":"https:\/\/monde25.info\/index.php\/wp-json\/wp\/v2\/comments?post=19820"}],"version-history":[{"count":0,"href":"https:\/\/monde25.info\/index.php\/wp-json\/wp\/v2\/posts\/19820\/revisions"}],"wp:attachment":[{"href":"https:\/\/monde25.info\/index.php\/wp-json\/wp\/v2\/media?parent=19820"}],"wp:term":[{"taxonomy":"category","embeddable":true,"href":"https:\/\/monde25.info\/index.php\/wp-json\/wp\/v2\/categories?post=19820"},{"taxonomy":"post_tag","embeddable":true,"href":"https:\/\/monde25.info\/index.php\/wp-json\/wp\/v2\/tags?post=19820"}],"curies":[{"name":"wp","href":"https:\/\/api.w.org\/{rel}","templated":true}]}}