{"id":19827,"date":"2025-11-22T15:23:38","date_gmt":"2025-11-22T14:23:38","guid":{"rendered":"https:\/\/monde25.info\/index.php\/2025\/11\/22\/ousmane-sonko-plaide-pour-un-ciel-africain-plus-integre-lors-de-la-reunion-de-lasecna-rt-en-francais\/"},"modified":"2025-11-22T15:23:38","modified_gmt":"2025-11-22T14:23:38","slug":"ousmane-sonko-plaide-pour-un-ciel-africain-plus-integre-lors-de-la-reunion-de-lasecna-rt-en-francais","status":"publish","type":"post","link":"https:\/\/monde25.info\/index.php\/2025\/11\/22\/ousmane-sonko-plaide-pour-un-ciel-africain-plus-integre-lors-de-la-reunion-de-lasecna-rt-en-francais\/","title":{"rendered":"Ousmane Sonko plaide pour un ciel africain plus int\u00e9gr\u00e9 lors de la r\u00e9union de l\u2019ASECNA \u2014 RT en fran\u00e7ais"},"content":{"rendered":"<p> <br \/>\n<br \/><img decoding=\"async\" src=\"https:\/\/mf.b37mrtl.ru\/french\/images\/2025.11\/thumbnail\/6921b6a66f7ccc23624ee2f8.jpg\" \/><\/p>\n<div>\n<p class=\"text__summary\">\n                                        Le Premier ministre s\u00e9n\u00e9galais Ousmane Sonko a ouvert le 21 novembre \u00e0 Dakar la 76e r\u00e9union du Comit\u00e9 des ministres de l\u2019ASECNA, en session extraordinaire. Il a r\u00e9affirm\u00e9 l\u2019engagement du S\u00e9n\u00e9gal \u00e0 soutenir le d\u00e9veloppement de la navigation a\u00e9rienne en Afrique et \u00e0 accompagner l\u2019agence dans sa mission strat\u00e9gique.\n                                    <\/p>\n<p>\u00c0 Dakar, le Premier ministre Ousmane Sonko a pr\u00e9sid\u00e9 le 21 novembre l\u2019ouverture des travaux de la 76e r\u00e9union du Comit\u00e9 des ministres de l\u2019ASECNA, l&rsquo;Agence pour la s\u00e9curit\u00e9 de la navigation a\u00e9rienne en Afrique et \u00e0 Madagascar. Dans son discours, il a rappel\u00e9 l\u2019importance pour l\u2019Afrique de ma\u00eetriser ses infrastructures critiques et a soulign\u00e9 le r\u00f4le strat\u00e9gique du transport a\u00e9rien pour le d\u00e9veloppement \u00e9conomique et la coop\u00e9ration r\u00e9gionale.<\/p>\n<p>Ousmane Sonko a mis en avant la n\u00e9cessit\u00e9 d\u2019une planification strat\u00e9gique adapt\u00e9e aux d\u00e9fis technologiques, environnementaux et s\u00e9curitaires croissants. Il a \u00e9galement r\u00e9affirm\u00e9 que le S\u00e9n\u00e9gal, en tant que pays h\u00f4te, resterait un partenaire loyal et engag\u00e9, pr\u00eat \u00e0 soutenir l\u2019ASECNA dans l\u2019atteinte de ses objectifs.<\/p>\n<h2>Doter l&rsquo;ASECNA d&rsquo;un directeur g\u00e9n\u00e9ral comp\u00e9tent<\/h2>\n<p>Le Premier ministre a \u00e9voqu\u00e9 la disparition d\u2019Air Afrique comme un exemple des enjeux li\u00e9s \u00e0 la coop\u00e9ration a\u00e9ronautique panafricaine et a soulign\u00e9 la pertinence d\u2019\u00e9largir l\u2019agence \u00e0 de nouveaux \u00c9tats membres pour renforcer la s\u00e9curit\u00e9 du trafic et l\u2019int\u00e9gration r\u00e9gionale. La r\u00e9union a permis de rappeler l\u2019importance de nommer un Directeur g\u00e9n\u00e9ral comp\u00e9tent et visionnaire pour guider l\u2019agence dans les ann\u00e9es \u00e0 venir.<\/p>\n<p>Pour rappel, l\u2019ASECNA est une organisation intergouvernementale cr\u00e9\u00e9e en 1959, charg\u00e9e de la gestion de la s\u00e9curit\u00e9 a\u00e9rienne, du contr\u00f4le du trafic et de la navigation dans l\u2019espace a\u00e9rien de ses \u00c9tats membres. Elle regroupe actuellement 19 pays africains et joue un r\u00f4le cl\u00e9 dans la coordination et le d\u00e9veloppement des infrastructures a\u00e9ronautiques sur le continent.<\/p>\n<\/div>\n<p><br \/>\n<br \/><a href=\"https:\/\/francais.rt.com\/afrique\/127617-senegal-ousmane-sonko-plaide-asecna\" target=\"_blank\"\">Source link <\/a><\/p>\n","protected":false},"excerpt":{"rendered":"<p>Le Premier ministre s\u00e9n\u00e9galais Ousmane Sonko a ouvert le 21 novembre \u00e0 Dakar la 76e r\u00e9union du Comit\u00e9 des ministres de l\u2019ASECNA, en session extraordinaire. Il a r\u00e9affirm\u00e9 l\u2019engagement du&hellip; <\/p>\n","protected":false},"author":1,"featured_media":19828,"comment_status":"open","ping_status":"open","sticky":false,"template":"","format":"standard","meta":{"footnotes":""},"categories":[1],"tags":[],"class_list":["post-19827","post","type-post","status-publish","format-standard","has-post-thumbnail","hentry","category-non-classe"],"_links":{"self":[{"href":"https:\/\/monde25.info\/index.php\/wp-json\/wp\/v2\/posts\/19827","targetHints":{"allow":["GET"]}}],"collection":[{"href":"https:\/\/monde25.info\/index.php\/wp-json\/wp\/v2\/posts"}],"about":[{"href":"https:\/\/monde25.info\/index.php\/wp-json\/wp\/v2\/types\/post"}],"author":[{"embeddable":true,"href":"https:\/\/monde25.info\/index.php\/wp-json\/wp\/v2\/users\/1"}],"replies":[{"embeddable":true,"href":"https:\/\/monde25.info\/index.php\/wp-json\/wp\/v2\/comments?post=19827"}],"version-history":[{"count":0,"href":"https:\/\/monde25.info\/index.php\/wp-json\/wp\/v2\/posts\/19827\/revisions"}],"wp:featuredmedia":[{"embeddable":true,"href":"https:\/\/monde25.info\/index.php\/wp-json\/wp\/v2\/media\/19828"}],"wp:attachment":[{"href":"https:\/\/monde25.info\/index.php\/wp-json\/wp\/v2\/media?parent=19827"}],"wp:term":[{"taxonomy":"category","embeddable":true,"href":"https:\/\/monde25.info\/index.php\/wp-json\/wp\/v2\/categories?post=19827"},{"taxonomy":"post_tag","embeddable":true,"href":"https:\/\/monde25.info\/index.php\/wp-json\/wp\/v2\/tags?post=19827"}],"curies":[{"name":"wp","href":"https:\/\/api.w.org\/{rel}","templated":true}]}}