{"id":19829,"date":"2025-11-22T15:56:39","date_gmt":"2025-11-22T14:56:39","guid":{"rendered":"https:\/\/monde25.info\/index.php\/2025\/11\/22\/plutot-le-pen\/"},"modified":"2025-11-22T15:56:39","modified_gmt":"2025-11-22T14:56:39","slug":"plutot-le-pen","status":"publish","type":"post","link":"https:\/\/monde25.info\/index.php\/2025\/11\/22\/plutot-le-pen\/","title":{"rendered":"\u00ab Plut\u00f4t Le Pen&#8230; \u00bb"},"content":{"rendered":"<p> <br \/>\n<\/p>\n<div id=\"\">\n<p>Le\u00a021 septembre 1996, il a \u00e9pous\u00e9\u00a0Justine L\u00e9vy, fille de\u00a0Bernard-Henri L\u00e9vy\u00a0(l\u2019un des meilleurs amis de son p\u00e8re,\u00a0Jean-Paul Enthoven). Puis, il a s\u00e9duit Carla Bruni, la compagne de son p\u00e8re et il a partag\u00e9 quelques ann\u00e9es sa vie avec elle.<\/p>\n<p>En\u00a02017, il a d\u00e9nonc\u00e9 les\u00a0abstentionnistes\u00a0comme des<i>\u00a0\u00ab\u00a0fain\u00e9ants et des ingrats\u00a0\u00bb.<\/i><br class=\"autobr\"\/><br \/>\nMais en juin 2021, il a dit pr\u00e9f\u00e9rer\u00a0Marine Le Pen\u00a0en cas de duel avec\u00a0Jean-Luc M\u00e9lenchon\u00a0au second tour de la\u00a0pr\u00e9sidentielle\u00a02022. Puis, il a d\u00fb rectifier prudemment le tir une semaine plus tard\u00a0en se pronon\u00e7ant plut\u00f4t pour l\u2019abstention.<\/p>\n<p>En 2021 il a reproch\u00e9  \u00e0 Jean-Luc M\u00e9lenchon d\u2019avoir pr\u00e9fac\u00e9 <i>\u00ab\u00a0le livre d\u2019un n\u00e9gationniste du g\u00e9nocide ou\u00efghour, Maxime Vivas\u00a0\u00bb<\/i>. C\u2019\u00e9tait un livre de citations\u00a0\u00e9crit avec Viktor Deda et paru en&#8230; 2011, \u00e0 une \u00e9poque o\u00f9 les \u00c9tats-Unis n\u2019avaient pas d\u00e9cid\u00e9 qu\u2019il fallait parler du Xinjiang, r\u00e9gion inconnue dont Bernard Kouchner, ministre socialo-sarkozyste, croyait qu\u2019elle \u00e9tait peupl\u00e9e de\u2026 <i>Yoghourts<\/i>.<\/p>\n<p>Le 4 avril 2022, sur Europe 1, Enthoven a avou\u00e9 (sur le ton satisfait de celui qui se vante d\u2019un glorieux fait d\u2019armes) ce que  fut sa basse besogne au PS entre 2003 et 2004\u00a0:<i> \u00ab\u00a0Mon travail \u00e0 l\u2019\u00e9poque \u00e9tait de dire du mal de Jean-Luc M\u00e9lenchon\u2026 On m\u2019avait demand\u00e9 \u00e7a au Parti socialiste, c\u2019\u00e9tait explicitement mon cahier des charges, ce dont je m\u2019acquittais avec grand plaisir, avec sinc\u00e9rit\u00e9\u00a0.\u00a0\u00bb <\/i><\/p>\n<p>En 2024, en soutien du carnage  militaire isra\u00e9lien, il a affirm\u00e9\u00a0:\u00a0<i>\u00ab\u00a0il n\u2019y a  pas de\u00a0g\u00e9nocide \u00e0 Gaza\u00a0\u00bb<\/i>. <br class=\"autobr\"\/><br \/>\nEgalement, il a ni\u00e9 l\u2019existence de\u00a0frappes massives et d\u00e9lib\u00e9r\u00e9es sur les populations civiles.<\/p>\n<p>En  2025, r\u00e9agissant aux\u00a0plus de\u00a0200 assassinats\u00a0cibl\u00e9s de journalistes gazaouis par Isra\u00ebl il a affirm\u00e9\u00a0:<i>\u00a0\u00ab\u00a0Il n\u2019y a AUCUN journaliste \u00e0 Gaza. Uniquement des tueurs, des combattants ou des preneurs d\u2019otages avec une carte de presse\u00a0\u00bb.<\/i><\/p>\n<p>Sa pr\u00e9sence au  salon du livre de Besan\u00e7on ayant de ce fait soulev\u00e9 un toll\u00e9, il a effectu\u00e9 une autre marche arri\u00e8re en d\u00e9clarant  regretter ses propos et consid\u00e9rer qu\u2019il n\u2019aurait pas d\u00fb \u00e9crire cette phrase.<\/p>\n<p>Le\u00a01er\u00a0mai 2024, \u00e0 l\u2019approche des\u00a0\u00e9lections europ\u00e9ennes, Rapha\u00ebl Enthoven avait qualifi\u00e9\u00a0La France Insoumise\u00a0de mouvement<i>\u00a0\u00ab\u00a0d\u00e9testable, violent,\u00a0complotiste\u00a0et passionn\u00e9ment\u00a0antis\u00e9mite\u00a0\u00bb<\/i>\u00a0et de\u00a0<i>\u00ab\u00a0club de d\u00e9ficients\u00a0\u00bb<\/i>. Il a aussi  accus\u00e9  les d\u00e9put\u00e9s LFI d\u2019avoir des <i>\u00ab\u00a0comportements totalitaires\u00a0\u00bb et de reprendre \u00ab\u00a0\u00e0 la lettre le narratif du Hamas et de Poutine\u00a0\u00bb.<\/i><\/p>\n<p>LFI a alors port\u00e9 plainte.<\/p>\n<p>Deux jours avant l\u2019audience, le professeur de philosophie Enthoven  a d\u00e9clar\u00e9\u00a0que LFI est <br class=\"autobr\"\/><br \/>\n<i>\u00ab\u00a0le premier parti antis\u00e9mite de France\u00a0\u00bb.<\/i><\/p>\n<p>Le 6 novembre 2025, la Justice l\u2019a relax\u00e9.<\/p>\n<p>  Le jugement note qu\u2019il  <i>\u00ab\u00a0convient d\u2019observer que le message de Rapha\u00ebl Enthoven ne renferme l\u2019imputation d\u2019aucun fait pr\u00e9cis susceptible de faire l\u2019objet, sans difficult\u00e9, d\u2019une preuve [\u2026] les faits \u00e9num\u00e9r\u00e9s restant tr\u00e8s g\u00e9n\u00e9raux, aucunement circonstanci\u00e9s et sans explication de leurs tenants et aboutissants&#8230;.\u00a0\u00bb  <\/i><\/p>\n<p>Cependant, les juges ont estim\u00e9 que<i>\u00a0\u00ab\u00a0les limites de la libert\u00e9 d\u2019expression\u00a0\u00bb\u00a0n\u2019ont pas \u00e9t\u00e9 outrepass\u00e9es, et que ces propos\u00a0\u00ab\u00a0rel\u00e8vent de fa\u00e7on manifeste du domaine de la pol\u00e9mique politique\u00a0\u00bb.<\/i><\/p>\n<p>Aussit\u00f4t,  et avec la mauvaise foi qui  le caract\u00e9rise, le pol\u00e9miste  p\u00e9rore\u00a0: <i>\u00ab\u00a0Les cadres de LFI nous expliquent qu\u2019ils ne sont \u00ab\u00a0pas antis\u00e9mites\u00a0\u00bb puisqu\u2019ils n\u2019ont \u00ab\u00a0pas \u00e9t\u00e9 condamn\u00e9s pour \u00e7a\u00a0\u00bb. Tout \u00e0 l\u2019heure, j\u2019ai \u00e9t\u00e9 relax\u00e9 pour avoir notamment dit qu\u2019ils \u00e9taient passionn\u00e9ment antis\u00e9mites\u00a0\u00bb\u00a0.<\/i><\/p>\n<p>LFI a d\u00e9cid\u00e9 de ne pas faire appel afin de ne pas cantonner  le d\u00e9bat politique  dans le marigot pi\u00e9geux du <strong>\u00ab\u00a0reductio ad Hitlerum\u00a0\u00bb<\/strong>, proc\u00e9d\u00e9 d\u00e9nonc\u00e9 pour la premi\u00e8re fois  en 1951 par Leo Strauss (oui,  un philosophe un vrai). L\u2019expression d\u00e9signe, sous forme de locution latine, le proc\u00e9d\u00e9 rh\u00e9torique consistant \u00e0 disqualifier les arguments d\u2019un adversaire en les associant, en les r\u00e9duisant, \u00e0 ceux d\u2019Adolf Hitler.<\/p>\n<p>Dans les ann\u00e9es 1990, le romancier Didier Daenincks avait entrepris une croisade contre les<i> \u00ab\u00a0rouges-bruns\u00a0\u00bb <\/i> en politique et en litt\u00e9rature. Il s\u2019agissait de d\u00e9busquer les nazis (chemises brunes) d\u00e9guis\u00e9s en bolch\u00e9viks. En ratissant large, la m\u00e9thode permit  \u00e0 certains d\u2019englober les administrateurs du Grand Soir.<\/p>\n<p>A l\u2019approche des \u00e9lections pr\u00e9sidentielles de 2027, les adversaires les moins scrupuleux de LFI, sans renoncer \u00e0 l\u2019accusation d\u2019islamo-gauchisme, resserrent  le tir sur  celle d\u2019antis\u00e9mitisme.<\/p>\n<p>Quand les arguments politiques font d\u00e9faut, il reste le collage de cette infamante \u00e9tiquette qui  devient cr\u00e9dible par sa r\u00e9p\u00e9titivit\u00e9.<\/p>\n<p>Les organisations, militants, journalistes qui protestent contre le g\u00e9nocide isra\u00e9lien et contre le vol des terres palestiniennes ont int\u00e9r\u00eat \u00e0  redoubler de prudence. Qu\u2019ils se souviennent de ce mot attribu\u00e9 \u00e0 Richelieu\u00a0: <i>\u00a0\u00ab\u00a0Qu\u2019on me donne six lignes \u00e9crites de la main du plus honn\u00eate homme, j\u2019y trouverai de quoi le faire pendre.\u00a0\u00bb <\/i><\/p>\n<p><strong>Maxime VIVAS<\/strong><\/p>\n<\/div>\n<p><br \/>\n<br \/><a href=\"https:\/\/www.legrandsoir.info\/raphael-enthoven-plutot-le-pen.html\" target=\"_blank\"\">Source link <\/a><\/p>\n","protected":false},"excerpt":{"rendered":"<p>Le\u00a021 septembre 1996, il a \u00e9pous\u00e9\u00a0Justine L\u00e9vy, fille de\u00a0Bernard-Henri L\u00e9vy\u00a0(l\u2019un des meilleurs amis de son p\u00e8re,\u00a0Jean-Paul Enthoven). Puis, il a s\u00e9duit Carla Bruni, la compagne de son p\u00e8re et il&hellip; <\/p>\n","protected":false},"author":1,"featured_media":19830,"comment_status":"open","ping_status":"open","sticky":false,"template":"","format":"standard","meta":{"footnotes":""},"categories":[1],"tags":[],"class_list":["post-19829","post","type-post","status-publish","format-standard","has-post-thumbnail","hentry","category-non-classe"],"_links":{"self":[{"href":"https:\/\/monde25.info\/index.php\/wp-json\/wp\/v2\/posts\/19829","targetHints":{"allow":["GET"]}}],"collection":[{"href":"https:\/\/monde25.info\/index.php\/wp-json\/wp\/v2\/posts"}],"about":[{"href":"https:\/\/monde25.info\/index.php\/wp-json\/wp\/v2\/types\/post"}],"author":[{"embeddable":true,"href":"https:\/\/monde25.info\/index.php\/wp-json\/wp\/v2\/users\/1"}],"replies":[{"embeddable":true,"href":"https:\/\/monde25.info\/index.php\/wp-json\/wp\/v2\/comments?post=19829"}],"version-history":[{"count":0,"href":"https:\/\/monde25.info\/index.php\/wp-json\/wp\/v2\/posts\/19829\/revisions"}],"wp:featuredmedia":[{"embeddable":true,"href":"https:\/\/monde25.info\/index.php\/wp-json\/wp\/v2\/media\/19830"}],"wp:attachment":[{"href":"https:\/\/monde25.info\/index.php\/wp-json\/wp\/v2\/media?parent=19829"}],"wp:term":[{"taxonomy":"category","embeddable":true,"href":"https:\/\/monde25.info\/index.php\/wp-json\/wp\/v2\/categories?post=19829"},{"taxonomy":"post_tag","embeddable":true,"href":"https:\/\/monde25.info\/index.php\/wp-json\/wp\/v2\/tags?post=19829"}],"curies":[{"name":"wp","href":"https:\/\/api.w.org\/{rel}","templated":true}]}}