{"id":19831,"date":"2025-11-22T17:02:42","date_gmt":"2025-11-22T16:02:42","guid":{"rendered":"https:\/\/monde25.info\/index.php\/2025\/11\/22\/amine-kessaci-debout-contre-le-narcotrafic-et-pour-une-ecologie-populaire\/"},"modified":"2025-11-22T17:02:42","modified_gmt":"2025-11-22T16:02:42","slug":"amine-kessaci-debout-contre-le-narcotrafic-et-pour-une-ecologie-populaire","status":"publish","type":"post","link":"https:\/\/monde25.info\/index.php\/2025\/11\/22\/amine-kessaci-debout-contre-le-narcotrafic-et-pour-une-ecologie-populaire\/","title":{"rendered":"Amine Kessaci, \u00ab\u00a0debout\u00a0\u00bb contre le narcotrafic et pour une \u00e9cologie populaire"},"content":{"rendered":"<p> <br \/>\n<br \/><img loading=\"lazy\" decoding=\"async\" src=\"https:\/\/reporterre.net\/local\/cache-vignettes\/L700xH467\/hl_llumineau_aminekessaci006_1__resized-2578f.jpg?1763793900\" class=\"spip_logo\" width=\"700\" height=\"467\" alt=\"\" \/><\/p>\n<p>Militant \u00e9cologiste engag\u00e9 contre le narcotrafic, Amine Kessaci vient d&rsquo;enterrer son fr\u00e8re, assassin\u00e9 \u00e0 Marseille. Face \u00e0 ce crime, il appelle \u00e0 une mobilisation massive, et \u00e0 apporter des r\u00e9ponses sociales et de sant\u00e9 publique. <br class=\"autobr\" \/> \u00ab<small class=\"fine d-inline\">\u00a0<\/small>Mon petit fr\u00e8re est dans son cercueil \u00e0 ma place.<small class=\"fine d-inline\">\u00a0<\/small>\u00bb Le c\u0153ur gros, Amine Kessaci encha\u00eene les plateaux de m\u00e9dias depuis les obs\u00e8ques de son fr\u00e8re, Mehdi Kessaci, le 18\u00a0novembre. Ce dernier a \u00e9t\u00e9 tu\u00e9 par balles le 13\u00a0novembre \u00e0 Marseille. Il avait 20\u00a0ans. <br class=\"autobr\" \/><br \/>\nAmine\u00a0(\u2026)<\/p>\n<p>                    <a target=\"_blank\" href=\"https:\/\/reporterre.net\/Amine-Kessaci-debout-contre-le-narcotrafic-et-pour-une-ecologie-populaire?utm_source=RSS&amp;utm_medium=RSS\">Lire la suite<\/a><\/p>\n<p>                    &#8211;<br \/>\n                        <a target=\"_blank\" href=\"https:\/\/reporterre.net\/Autres-infos\" rel=\"directory\">Info<\/a><\/p>\n<p>                    \/<br \/>\n                        <a target=\"_blank\" href=\"https:\/\/reporterre.net\/Politique\" rel=\"tag\">Politique<\/a><br \/>\n                    ,<br \/>\n                        <a target=\"_blank\" href=\"https:\/\/reporterre.net\/Ecologie-et-quartiers-populaires\" rel=\"tag\">\u00c9cologies populaires<\/a><br \/>\n                    ,<br \/>\n                        <a target=\"_blank\" href=\"https:\/\/reporterre.net\/Social\" rel=\"tag\">Social<\/a><br \/>\n<br \/><br \/>\n<br \/><a href=\"https:\/\/reporterre.net\/Amine-Kessaci-debout-contre-le-narcotrafic-et-pour-une-ecologie-populaire\" target=\"_blank\"\">Source link <\/a><\/p>\n","protected":false},"excerpt":{"rendered":"<p>Militant \u00e9cologiste engag\u00e9 contre le narcotrafic, Amine Kessaci vient d&rsquo;enterrer son fr\u00e8re, assassin\u00e9 \u00e0 Marseille. Face \u00e0 ce crime, il appelle \u00e0 une mobilisation massive, et \u00e0 apporter des r\u00e9ponses&hellip; <\/p>\n","protected":false},"author":1,"featured_media":0,"comment_status":"open","ping_status":"open","sticky":false,"template":"","format":"standard","meta":{"footnotes":""},"categories":[1],"tags":[],"class_list":["post-19831","post","type-post","status-publish","format-standard","hentry","category-non-classe"],"_links":{"self":[{"href":"https:\/\/monde25.info\/index.php\/wp-json\/wp\/v2\/posts\/19831","targetHints":{"allow":["GET"]}}],"collection":[{"href":"https:\/\/monde25.info\/index.php\/wp-json\/wp\/v2\/posts"}],"about":[{"href":"https:\/\/monde25.info\/index.php\/wp-json\/wp\/v2\/types\/post"}],"author":[{"embeddable":true,"href":"https:\/\/monde25.info\/index.php\/wp-json\/wp\/v2\/users\/1"}],"replies":[{"embeddable":true,"href":"https:\/\/monde25.info\/index.php\/wp-json\/wp\/v2\/comments?post=19831"}],"version-history":[{"count":0,"href":"https:\/\/monde25.info\/index.php\/wp-json\/wp\/v2\/posts\/19831\/revisions"}],"wp:attachment":[{"href":"https:\/\/monde25.info\/index.php\/wp-json\/wp\/v2\/media?parent=19831"}],"wp:term":[{"taxonomy":"category","embeddable":true,"href":"https:\/\/monde25.info\/index.php\/wp-json\/wp\/v2\/categories?post=19831"},{"taxonomy":"post_tag","embeddable":true,"href":"https:\/\/monde25.info\/index.php\/wp-json\/wp\/v2\/tags?post=19831"}],"curies":[{"name":"wp","href":"https:\/\/api.w.org\/{rel}","templated":true}]}}