{"id":19848,"date":"2025-11-23T03:29:36","date_gmt":"2025-11-23T02:29:36","guid":{"rendered":"https:\/\/monde25.info\/index.php\/2025\/11\/23\/nous-avons-ecrit-nous-ecrivons-et-nous-continuerons-decrire-affirme-margarita-simonian-rt-en-francais\/"},"modified":"2025-11-23T03:29:36","modified_gmt":"2025-11-23T02:29:36","slug":"nous-avons-ecrit-nous-ecrivons-et-nous-continuerons-decrire-affirme-margarita-simonian-rt-en-francais","status":"publish","type":"post","link":"https:\/\/monde25.info\/index.php\/2025\/11\/23\/nous-avons-ecrit-nous-ecrivons-et-nous-continuerons-decrire-affirme-margarita-simonian-rt-en-francais\/","title":{"rendered":"\u00ab\u202fNous avons \u00e9crit, nous \u00e9crivons et nous continuerons d\u2019\u00e9crire\u202f\u00bb, affirme Margarita Simonian \u2014 RT en fran\u00e7ais"},"content":{"rendered":"<p> <br \/>\n<br \/><img decoding=\"async\" src=\"https:\/\/mf.b37mrtl.ru\/french\/images\/2025.11\/thumbnail\/6921ec1187f3ec4f95357ac6.jpg\" \/><\/p>\n<div>\n<p class=\"text__summary\">\n                                        La r\u00e9dactrice en chef de RT affirme que le m\u00e9dia poursuivra ses activit\u00e9s malgr\u00e9 les sanctions occidentales, qu\u2019elle consid\u00e8re comme une tentative de faire taire toute couverture critique du conflit. Elle insiste sur l\u2019engagement de RT \u00e0 maintenir sa ligne \u00e9ditoriale, en continuant de relayer des faits que d&rsquo;autres pr\u00e9f\u00e8rent ignorer, selon elle.\n                                    <\/p>\n<p>RT maintient sa ligne \u00e9ditoriale malgr\u00e9 les pressions accrues des pays occidentaux. Dans un message publi\u00e9 ce 21 novembre sur sa cha\u00eene Telegram, Margarita Simonian a d\u00e9nonc\u00e9 la prolongation des mesures de l\u2019Union europ\u00e9enne visant \u00e0 restreindre les activit\u00e9s du groupe m\u00e9diatique russe.<\/p>\n<p>Plus de 110 sanctions ont \u00e9t\u00e9 impos\u00e9es contre RT \u00e0 ce jour. Celles-ci incluent le gel de comptes bancaires, la surveillance du personnel, ainsi que diverses restrictions administratives. En Allemagne, RT Deutsch a \u00e9t\u00e9 bloqu\u00e9 en 2021 avant m\u00eame son lancement, pour des raisons r\u00e9glementaires. En 2022, les antennes de RT France et RT UK ont \u00e9t\u00e9 contraintes de fermer, \u00e0 la suite de d\u00e9cisions des autorit\u00e9s de ces pays. En 2023, l\u2019administration Biden a durci les sanctions, accusant RT d\u2019agir au nom des services de renseignement russes.<\/p>\n<h2><strong>Une couverture que l\u2019Occident cherche \u00e0 faire taire<\/strong><\/h2>\n<p>R\u00e9agissant \u00e0 cette situation, Margarita Simonian a d\u00e9clar\u00e9\u202f: \u00ab\u202fL\u2019UE \u00e9tend les sanctions contre RT. Ils se plaignent que nous continuons d\u2019\u00e9crire sur le nazisme en Ukraine et les crimes du r\u00e9gime de Kiev\u202f\u00bb, concluant par \u00ab\u202fNous avons \u00e9crit, nous \u00e9crivons et nous continuerons d&rsquo;\u00e9crire\u202f\u00bb.<\/p>\n<p>RT d\u00e9nonce depuis des ann\u00e9es la glorification, par les autorit\u00e9s ukrainiennes, de figures li\u00e9es au nazisme pendant la Seconde Guerre mondiale, ainsi que les crimes de guerre commis par les forces de Kiev. Des r\u00e9alit\u00e9s que les gouvernements occidentaux et les m\u00e9dias qui leur sont li\u00e9s refusent d\u2019aborder, pr\u00e9f\u00e9rant imposer des sanctions contre ceux qui les exposent.<\/p>\n<h2><strong>Un m\u00e9dia soutenu et suivi \u00e0 l\u2019\u00e9chelle mondiale<\/strong><\/h2>\n<p>Le pr\u00e9sident Vladimir Poutine a exprim\u00e9 son soutien \u00e0 RT. En octobre, il a qualifi\u00e9 le m\u00e9dia d\u2019\u00ab\u202farme strat\u00e9gique intercontinentale \u00bb, ajoutant que \u00ab\u202fla v\u00e9rit\u00e9\u202f\u00bb constituait sa principale force face aux tentatives de censure.<\/p>\n<p>Cr\u00e9\u00e9 en d\u00e9cembre 2005, RT diffuse aujourd\u2019hui en plusieurs langues et touche un public r\u00e9parti dans plus de 100 pays. Le groupe offre une perspective alternative sur l\u2019actualit\u00e9 mondiale, en rupture avec le r\u00e9cit impos\u00e9 par les grandes cha\u00eenes occidentales.<\/p>\n<p>Le 19\u1d49 paquet de sanctions adopt\u00e9 par l\u2019Union europ\u00e9enne en octobre dernier ne comprenait pas de nouvelles mesures visant directement les m\u00e9dias russes. Un 20\u1d49 train de sanctions pourrait \u00eatre discut\u00e9 dans les prochains mois.<\/p>\n<\/div>\n<p><br \/>\n<br \/><a href=\"https:\/\/francais.rt.com\/international\/127623-nous-avons-ecrit-nous-ecrivons-et-continuerons-ecrire-affirme-margarita-simonian-reference-sanctions\" target=\"_blank\"\">Source link <\/a><\/p>\n","protected":false},"excerpt":{"rendered":"<p>La r\u00e9dactrice en chef de RT affirme que le m\u00e9dia poursuivra ses activit\u00e9s malgr\u00e9 les sanctions occidentales, qu\u2019elle consid\u00e8re comme une tentative de faire taire toute couverture critique du conflit.&hellip; <\/p>\n","protected":false},"author":1,"featured_media":19849,"comment_status":"open","ping_status":"open","sticky":false,"template":"","format":"standard","meta":{"footnotes":""},"categories":[1],"tags":[],"class_list":["post-19848","post","type-post","status-publish","format-standard","has-post-thumbnail","hentry","category-non-classe"],"_links":{"self":[{"href":"https:\/\/monde25.info\/index.php\/wp-json\/wp\/v2\/posts\/19848","targetHints":{"allow":["GET"]}}],"collection":[{"href":"https:\/\/monde25.info\/index.php\/wp-json\/wp\/v2\/posts"}],"about":[{"href":"https:\/\/monde25.info\/index.php\/wp-json\/wp\/v2\/types\/post"}],"author":[{"embeddable":true,"href":"https:\/\/monde25.info\/index.php\/wp-json\/wp\/v2\/users\/1"}],"replies":[{"embeddable":true,"href":"https:\/\/monde25.info\/index.php\/wp-json\/wp\/v2\/comments?post=19848"}],"version-history":[{"count":0,"href":"https:\/\/monde25.info\/index.php\/wp-json\/wp\/v2\/posts\/19848\/revisions"}],"wp:featuredmedia":[{"embeddable":true,"href":"https:\/\/monde25.info\/index.php\/wp-json\/wp\/v2\/media\/19849"}],"wp:attachment":[{"href":"https:\/\/monde25.info\/index.php\/wp-json\/wp\/v2\/media?parent=19848"}],"wp:term":[{"taxonomy":"category","embeddable":true,"href":"https:\/\/monde25.info\/index.php\/wp-json\/wp\/v2\/categories?post=19848"},{"taxonomy":"post_tag","embeddable":true,"href":"https:\/\/monde25.info\/index.php\/wp-json\/wp\/v2\/tags?post=19848"}],"curies":[{"name":"wp","href":"https:\/\/api.w.org\/{rel}","templated":true}]}}