{"id":19853,"date":"2025-11-23T07:20:46","date_gmt":"2025-11-23T06:20:46","guid":{"rendered":"https:\/\/monde25.info\/index.php\/2025\/11\/23\/le-mot-qui-tue-la-verite-polemique\/"},"modified":"2025-11-23T07:20:46","modified_gmt":"2025-11-23T06:20:46","slug":"le-mot-qui-tue-la-verite-polemique","status":"publish","type":"post","link":"https:\/\/monde25.info\/index.php\/2025\/11\/23\/le-mot-qui-tue-la-verite-polemique\/","title":{"rendered":"Le mot qui tue la v\u00e9rit\u00e9 : \u00ab pol\u00e9mique \u00bb"},"content":{"rendered":"<p> <br \/>\n<\/p>\n<div>\n<p>Commen\u00e7ons par le commencement, comme le voulait Descartes, en posant les d\u00e9finitions pour ne pas nous \u00e9garer dans le brouillard s\u00e9mantique que nos \u00e9lites affectionnent tant.<\/p>\n<p>Le mot \u00ab pol\u00e9mique \u00bb vient du grec <em>polemikos<\/em>, qui signifie \u00ab <em>relatif \u00e0 la guerre<\/em> \u00bb. En fran\u00e7ais courant, une pol\u00e9mique d\u00e9signe une controverse vive, souvent passionn\u00e9e, o\u00f9 deux camps s\u2019affrontent sur des interpr\u00e9tations divergentes d\u2019un m\u00eame fait. Elle implique donc un d\u00e9bat, une ambigu\u00eft\u00e9 possible, une zone grise o\u00f9 l\u2019on peut l\u00e9gitimement discuter du sens, de l\u2019intention, du contexte. Une pol\u00e9mique, c\u2019est ce qui surgit quand les mots sont flous, maladroits ou sujets \u00e0 caution. Ce n\u2019est pas ce qui surgit quand les mots sont limpides, brutaux, et qu\u2019ils frappent l\u2019auditeur en pleine face comme une gifle.<\/p>\n<p>Or, quand le g\u00e9n\u00e9ral Fabien Mandon, chef d\u2019\u00e9tat-major des arm\u00e9es, <a target=\"_blank\" href=\"https:\/\/www.youtube.com\/watch?v=4eA4js-Tcw4\" target=\"_blank\">d\u00e9clare devant le salon des maires qu\u2019il faut restaurer la \u00ab <em>force d\u2019\u00e2me<\/em> \u00bb des Fran\u00e7ais pour \u00eatre pr\u00eats \u00e0 \u00ab <em>accepter de perdre nos enfants<\/em> \u00bb dans une guerre \u00e0 venir<\/a>, <strong>il n\u2019y a aucune ambigu\u00eft\u00e9<\/strong>. <strong>Aucun flou artistique<\/strong>. Aucune zone d\u2019ombre o\u00f9 l\u2019interpr\u00e9tation pourrait danser. Les mots veulent dire exactement ce qu\u2019ils disent : <strong>pr\u00e9parez-vous \u00e0 sacrifier vos fils et vos filles<\/strong>. Point. Ce n\u2019est pas une maladresse rh\u00e9torique, c\u2019est une mise en garde crue, militaire, presque clausewitzienne dans sa franchise.\u00a0<\/p>\n<blockquote>\n<p>Ce n\u2019est pas une \u00ab <em>pol\u00e9mique<\/em> \u00bb. C\u2019est un scandale. Un choc. Une d\u00e9claration politique lourde de cons\u00e9quences qui m\u00e9rite indignation, d\u00e9bat de fond, voire sanction d\u00e9mocratique ou d\u00e9mission de l\u2019int\u00e9ress\u00e9 \u2013 mais pas la r\u00e9duction infantilisante \u00e0 une simple \u00ab pol\u00e9mique \u00bb.<\/p>\n<\/blockquote>\n<p>Ce qui aurait \u00e9t\u00e9 appropri\u00e9 ? Des mots honn\u00eates : \u00ab <em>maladresse<\/em> \u00bb, \u00ab <em>erreur de communication<\/em> \u00bb, \u00ab <em>propos inopportuns<\/em> \u00bb, ou plus courageusement encore : \u00ab <em>d\u00e9rapage irresponsable<\/em> \u00bb. Ou, soyons fous, une simple reconnaissance : \u00ab <em>Ces mots sont graves et refl\u00e8tent une vision que nous assumons<\/em>. \u00bb Mais non. Catherine Vautrin, d\u00e9p\u00each\u00e9e en urgence sur les plateaux comme un pompier de service, <a target=\"_blank\" href=\"https:\/\/x.com\/BFMTV\/status\/1991555972582506993\">choisit \u00ab <em>pol\u00e9mique<\/em> \u00bb<\/a> parce que <strong>ce mot est une arme de neutralisation massive<\/strong>. Il transforme une claque en petite querelle de salon. Il sugg\u00e8re que ceux qui s\u2019indignent exag\u00e8rent, politisent, instrumentalisent. Bref, <strong>il inverse la charge <\/strong>: ce ne sont plus les mots du g\u00e9n\u00e9ral qui posent probl\u00e8me, ce sont ceux qui les entendent tels qu\u2019ils sont prononc\u00e9s.<\/p>\n<blockquote class=\"twitter-tweet\">\n<p lang=\"fr\" dir=\"ltr\">\u00ab\u00a0Perdre nos enfants\u00a0\u00bb: \u00ab\u00a0Il n&rsquo;y a pas de place pour la pol\u00e9mique\u00a0\u00bb, assure Catherine Vautrin apr\u00e8s les propos du chef d&rsquo;\u00e9tat-major des Arm\u00e9es <a target=\"_blank\" href=\"https:\/\/t.co\/6NvAn7zHvq\">pic.twitter.com\/6NvAn7zHvq<\/a><\/p>\n<p>\u2014 BFMTV (@BFMTV) <a target=\"_blank\" href=\"https:\/\/twitter.com\/BFMTV\/status\/1991555972582506993?ref_src=twsrc%5Etfw\">November 20, 2025<\/a><\/p>\n<\/blockquote>\n<p>On comprend la m\u00e9canique. Le g\u00e9n\u00e9ral Mandon, ancien chef d\u2019\u00e9tat-major particulier d\u2019Emmanuel Macron, reste un proche du pr\u00e9sident. Le d\u00e9savouer ouvertement serait admettre que le sommet de l\u2019\u00c9tat a valid\u00e9, en sous-main, un discours va-t-en-guerre devant des maires m\u00e9dus\u00e9s. Alors on envoie la ministre des Arm\u00e9es \u2013 assurance tous risques du macronisme \u2013 pour <strong>\u00e9teindre l\u2019incendie sans mouiller le costume du chef<\/strong>. Elle parle de \u00ab <em>propos sortis de leur contexte<\/em> \u00bb (comme si le contexte changeait le sens des mots \u00ab perdre nos enfants \u00bb), de \u00ab <em>langage militaire<\/em> \u00bb (comme si les militaires avaient licence de terroriser la population civile), et surtout, elle r\u00e9p\u00e8te en boucle : \u00ab <em>Il n\u2019y a pas de place pour la pol\u00e9mique<\/em>. \u00bb M\u00eame si cela parait une habitude de lancer les pol\u00e9miques ! &lsquo;Et cela semble une habitude pour Catherine Vautrin. Alors ministre du Travail, de la Sant\u00e9, et des Solidarit\u00e9s, elle s&rsquo;\u00e9tait faite huer au congr\u00e8s de la Soci\u00e9t\u00e9 fran\u00e7aise des soins palliatifs en d\u00e9clarant\u00a0: \u00ab\u2026\u00a0je<em> sais que si le diable avait un visage, peut-\u00eatre serait-ce le mien \u00bb,<\/em> alors qu&rsquo;elle s&rsquo;exprimait la justification de l&rsquo;aide \u00e0 mourir.)<br \/>\u00a0<\/p>\n<p>Philosophiquement, c\u2019est fascinant. Nous assistons \u00e0 ce que Orwell appelait la <em>novlangue<\/em> : un mot est brandi non pour d\u00e9crire la r\u00e9alit\u00e9, mais pour la dissoudre. \u00ab <em>Pol\u00e9mique<\/em> \u00bb devient l\u2019\u00e9quivalent moderne de \u00ab <em>circulez, il n\u2019y a rien \u00e0 voir<\/em> \u00bb. <strong>Il nie la capacit\u00e9 du peuple \u00e0 comprendre ce qu\u2019il entend<\/strong>. Il postule que les Fran\u00e7ais sont soit trop b\u00eates pour saisir la port\u00e9e litt\u00e9rale d\u2019une phrase, soit trop manipul\u00e9s par les r\u00e9seaux sociaux pour en saisir la \u00ab <em>vraie<\/em> \u00bb profondeur.\u00a0<\/p>\n<blockquote>\n<p>Dans les deux cas, c\u2019est une insulte. Une insulte aristocratique, presque platonicienne : les gardiens de la Cit\u00e9 savent, le peuple doit se taire et ob\u00e9ir.<\/p>\n<\/blockquote>\n<p>Le g\u00e9n\u00e9ral s\u2019est tromp\u00e9 d\u2019audience, c\u2019est \u00e9vident. Devant des soldats, ces mots auraient pu passer pour une mise en garde virile. Devant des maires, \u00e9lus de proximit\u00e9 qui enterrent les morts et consolent les familles, c\u2019est une bombe. Il a cru parler \u00e0 des strat\u00e8ges ; il a parl\u00e9 \u00e0 des parents. Et dans quelle optique ? <strong>Celle d\u2019une guerre que personne n\u2019a vot\u00e9e, que personne n\u2019a d\u00e9battue au Parlement<\/strong>, que l\u2019on nous pr\u00e9sente comme in\u00e9luctable parce que Moscou \u00ab se pr\u00e9pare d\u2019ici 2030 \u00bb. Mais o\u00f9 sont les preuves, hormis dans les \u00e9lucubrations des cerveaux qui paraissent de plus en plus d\u00e9rang\u00e9s, non pas par la r\u00e9alit\u00e9 et la v\u00e9rit\u00e9, mais par la perte du pouvoir. Ce serait une guerre par procuration en Ukraine qui pourrait devenir directe, non par n\u00e9cessit\u00e9 vitale, mais par alignement atlantiste et par hubris pr\u00e9sidentiel.<\/p>\n<p>Alors oui, les politiques nous prennent pour des idiots. Ou pire : pour des enfants qu\u2019on endort avec des mots doux pendant qu\u2019on pr\u00e9pare les cercueils.\u00a0<\/p>\n<blockquote>\n<p>Alors dire \u00ab <em>pol\u00e9mique<\/em> \u00bb au lieu de \u00ab <em>scandale<\/em> \u00bb, <strong>c\u2019est refuser le d\u00e9bat d\u00e9mocratique sur la guerre et la paix<\/strong>. C\u2019est traiter le langage comme un rideau de fum\u00e9e et utiliser des mots extincteurs alors qu&rsquo;ils mettent le feu \u00e0 des for\u00eats. C\u2019est, en un mot, m\u00e9priser la souverainet\u00e9 du peuple sur le sens des mots \u2013 et donc sur son destin.<\/p>\n<\/blockquote>\n<p>Il est temps de rendre aux mots leur sens et leur tranchant. Et aux citoyens leur dignit\u00e9.\u00a0<br \/>\u00a0<\/p>\n<\/div>\n<p><script async src=\"\/\/platform.twitter.com\/widgets.js\" charset=\"utf-8\"><\/script><script>(function(d, s, id) {  var js, fjs = d.getElementsByTagName(s)[0];  if (d.getElementById(id)) return;  js = d.createElement(s); js.id = id;  js.src = \"\/\/connect.facebook.net\/fr_FR\/sdk.js#xfbml=1&version=v2.3\";  fjs.parentNode.insertBefore(js, fjs);}(document, \"script\", \"facebook-jssdk\"));<\/script><br \/>\n<br \/><br \/>\n<br \/><a href=\"https:\/\/www.francesoir.fr\/opinions-editos\/le-mot-qui-tue-la-verite-polemique\" target=\"_blank\"\">Source link <\/a><\/p>\n","protected":false},"excerpt":{"rendered":"<p>Commen\u00e7ons par le commencement, comme le voulait Descartes, en posant les d\u00e9finitions pour ne pas nous \u00e9garer dans le brouillard s\u00e9mantique que nos \u00e9lites affectionnent tant. Le mot \u00ab pol\u00e9mique&hellip; <\/p>\n","protected":false},"author":1,"featured_media":19854,"comment_status":"open","ping_status":"open","sticky":false,"template":"","format":"standard","meta":{"footnotes":""},"categories":[1],"tags":[],"class_list":["post-19853","post","type-post","status-publish","format-standard","has-post-thumbnail","hentry","category-non-classe"],"_links":{"self":[{"href":"https:\/\/monde25.info\/index.php\/wp-json\/wp\/v2\/posts\/19853","targetHints":{"allow":["GET"]}}],"collection":[{"href":"https:\/\/monde25.info\/index.php\/wp-json\/wp\/v2\/posts"}],"about":[{"href":"https:\/\/monde25.info\/index.php\/wp-json\/wp\/v2\/types\/post"}],"author":[{"embeddable":true,"href":"https:\/\/monde25.info\/index.php\/wp-json\/wp\/v2\/users\/1"}],"replies":[{"embeddable":true,"href":"https:\/\/monde25.info\/index.php\/wp-json\/wp\/v2\/comments?post=19853"}],"version-history":[{"count":0,"href":"https:\/\/monde25.info\/index.php\/wp-json\/wp\/v2\/posts\/19853\/revisions"}],"wp:featuredmedia":[{"embeddable":true,"href":"https:\/\/monde25.info\/index.php\/wp-json\/wp\/v2\/media\/19854"}],"wp:attachment":[{"href":"https:\/\/monde25.info\/index.php\/wp-json\/wp\/v2\/media?parent=19853"}],"wp:term":[{"taxonomy":"category","embeddable":true,"href":"https:\/\/monde25.info\/index.php\/wp-json\/wp\/v2\/categories?post=19853"},{"taxonomy":"post_tag","embeddable":true,"href":"https:\/\/monde25.info\/index.php\/wp-json\/wp\/v2\/tags?post=19853"}],"curies":[{"name":"wp","href":"https:\/\/api.w.org\/{rel}","templated":true}]}}