{"id":19862,"date":"2025-11-23T12:17:51","date_gmt":"2025-11-23T11:17:51","guid":{"rendered":"https:\/\/monde25.info\/index.php\/2025\/11\/23\/sommet-du-g20-lafrique-se-felicite-de-la-declaration-adoptee-responsable-de-la-zlecaf\/"},"modified":"2025-11-23T12:17:51","modified_gmt":"2025-11-23T11:17:51","slug":"sommet-du-g20-lafrique-se-felicite-de-la-declaration-adoptee-responsable-de-la-zlecaf","status":"publish","type":"post","link":"https:\/\/monde25.info\/index.php\/2025\/11\/23\/sommet-du-g20-lafrique-se-felicite-de-la-declaration-adoptee-responsable-de-la-zlecaf\/","title":{"rendered":"Sommet du G20: L&rsquo;Afrique se f\u00e9licite de la D\u00e9claration adopt\u00e9e \u2013 responsable de la ZLECAf"},"content":{"rendered":"<p> <br \/>\n<\/p>\n<div>\n<div class=\"article__meta\" itemscope=\"\" itemtype=\"https:\/\/schema.org\/Article\">\n<p>https:\/\/fr.sputniknews.africa\/20251123\/sommet-du-g20-lafrique-se-felicite-de-la-declaration-adoptee&#8211;responsable-de-la-zlecaf&#8212;1080761463.html<\/p>\n<p><a target=\"_blank\" itemprop=\"url\" href=\"https:\/\/fr.sputniknews.africa\/20251123\/sommet-du-g20-lafrique-se-felicite-de-la-declaration-adoptee--responsable-de-la-zlecaf---1080761463.html\" title=\"Sommet du G20: L'Afrique se f\u00e9licite de la D\u00e9claration adopt\u00e9e \u2013 responsable de la ZLECAf  \"\/><\/p>\n<p>Sommet du G20: L&rsquo;Afrique se f\u00e9licite de la D\u00e9claration adopt\u00e9e \u2013 responsable de la ZLECAf  <\/p>\n<p>Sommet du G20: L&rsquo;Afrique se f\u00e9licite de la D\u00e9claration adopt\u00e9e \u2013 responsable de la ZLECAf  <\/p>\n<p>Sputnik Afrique<\/p>\n<p>Ce document \u00ab\u00a0est important car il met en avant l&rsquo;importance du commerce multilat\u00e9ral et du syst\u00e8me commercial fond\u00e9 sur des r\u00e8gles, qui doivent \u00eatre&#8230; 23.11.2025, Sputnik Afrique<\/p>\n<p>2025-11-23T06:57+0100<\/p>\n<p>2025-11-23T06:57+0100<\/p>\n<p>2025-11-23T06:57+0100<\/p>\n<p>g20<\/p>\n<p>afrique<\/p>\n<p>zone de libre-\u00e9change continentale africaine (zlecaf)<\/p>\n<p>https:\/\/cdn1.img.sputniknews.africa\/img\/07e9\/0b\/16\/1080746609_0:0:800:450_1920x0_80_0_0_fdf158521b663fca0afa6b0d91adb395.jpg<\/p>\n<p>\u00ab\u00a0\u00c0 cet \u00e9gard, nous disposons d&rsquo;une excellente d\u00e9claration\u00a0\u00bb, a-t-il indiqu\u00e9.  Dans cette derni\u00e8re, ax\u00e9e sur l&rsquo;Afrique, les dirigeants ont appel\u00e9 \u00e0 une r\u00e9forme de l&rsquo;Organisation mondiale du commerce (OMC) afin de mieux r\u00e9pondre aux besoins des \u00c9tats membres et ont soulign\u00e9 que les groupements r\u00e9gionaux, dont la ZLECAf, sont essentiels \u00e0 la croissance \u00e9conomique.  Y figure \u00e9galement un appel \u00e0 \u00e9largir le Conseil de s\u00e9curit\u00e9 de l&rsquo;ONU afin d&rsquo;y inclure des pays d&rsquo;Afrique, de la r\u00e9gion Asie-Pacifique et d&rsquo;Am\u00e9rique latine.  La Zone de libre-\u00e9change continentale africaine est le deuxi\u00e8me bloc commercial mondial apr\u00e8s l&rsquo;OMC. Elle regroupe 54 pays et repr\u00e9sente une population d&rsquo;environ 1,3 milliard d&rsquo;habitants.  Le sommet se tient \u00e0 Johannesburg, en Afrique du Sud, les 22 et 23 novembre.<\/p>\n<p>afrique<\/p>\n<div itemprop=\"copyrightHolder\" itemscope=\"\" itemtype=\"http:\/\/schema.org\/Organization\">\n<p>Sputnik Afrique<\/p>\n<p><a target=\"_blank\" itemprop=\"url\" href=\"https:\/\/fr.sputniknews.africa\" title=\"Sputnik Afrique\"> <\/a><\/p>\n<p>feedback.fr@sputniknews.com<\/p>\n<p>+74956456601<\/p>\n<p>MIA \u201eRossiya Segodnya\u201c<\/p>\n<p><a target=\"_blank\" itemprop=\"sameAs\" href=\"https:\/\/t.me\/sputnik_afrique\"> <\/a><a target=\"_blank\" itemprop=\"sameAs\" href=\"https:\/\/t.me\/sputnik_africa\"> <\/a><a target=\"_blank\" itemprop=\"sameAs\" href=\"https:\/\/t.me\/sputnik_ethiopia\"> <\/a><a target=\"_blank\" itemprop=\"sameAs\" href=\"https:\/\/x.com\/sputnik_afrique\"> <\/a><a target=\"_blank\" itemprop=\"sameAs\" href=\"https:\/\/x.com\/sputnik_africa\"> <\/a><a target=\"_blank\" itemprop=\"sameAs\" href=\"https:\/\/x.com\/sputnik_ethio\"> <\/a><a target=\"_blank\" itemprop=\"sameAs\" href=\"https:\/\/x.com\/sputnik_swahili\"> <\/a><\/div>\n<p>2025<\/p>\n<div itemprop=\"creator\" itemscope=\"\" itemtype=\"http:\/\/schema.org\/Organization\">\n<p>Sputnik Afrique<\/p>\n<p><a target=\"_blank\" itemprop=\"url\" href=\"https:\/\/fr.sputniknews.africa\" title=\"Sputnik Afrique\"> <\/a><\/p>\n<p>feedback.fr@sputniknews.com<\/p>\n<p>+74956456601<\/p>\n<p>MIA \u201eRossiya Segodnya\u201c<\/p>\n<p><a target=\"_blank\" itemprop=\"sameAs\" href=\"https:\/\/t.me\/sputnik_afrique\"> <\/a><a target=\"_blank\" itemprop=\"sameAs\" href=\"https:\/\/t.me\/sputnik_africa\"> <\/a><a target=\"_blank\" itemprop=\"sameAs\" href=\"https:\/\/t.me\/sputnik_ethiopia\"> <\/a><a target=\"_blank\" itemprop=\"sameAs\" href=\"https:\/\/x.com\/sputnik_afrique\"> <\/a><a target=\"_blank\" itemprop=\"sameAs\" href=\"https:\/\/x.com\/sputnik_africa\"> <\/a><a target=\"_blank\" itemprop=\"sameAs\" href=\"https:\/\/x.com\/sputnik_ethio\"> <\/a><a target=\"_blank\" itemprop=\"sameAs\" href=\"https:\/\/x.com\/sputnik_swahili\"> <\/a><\/div>\n<p>Actus<\/p>\n<p>fr_FR<\/p>\n<div itemprop=\"sourceOrganization\" itemscope=\"\" itemtype=\"http:\/\/schema.org\/Organization\">\n<p>Sputnik Afrique<\/p>\n<p><a target=\"_blank\" itemprop=\"url\" href=\"https:\/\/fr.sputniknews.africa\" title=\"Sputnik Afrique\"> <\/a><\/p>\n<p>feedback.fr@sputniknews.com<\/p>\n<p>+74956456601<\/p>\n<p>MIA \u201eRossiya Segodnya\u201c<\/p>\n<p><a target=\"_blank\" itemprop=\"sameAs\" href=\"https:\/\/t.me\/sputnik_afrique\"> <\/a><a target=\"_blank\" itemprop=\"sameAs\" href=\"https:\/\/t.me\/sputnik_africa\"> <\/a><a target=\"_blank\" itemprop=\"sameAs\" href=\"https:\/\/t.me\/sputnik_ethiopia\"> <\/a><a target=\"_blank\" itemprop=\"sameAs\" href=\"https:\/\/x.com\/sputnik_afrique\"> <\/a><a target=\"_blank\" itemprop=\"sameAs\" href=\"https:\/\/x.com\/sputnik_africa\"> <\/a><a target=\"_blank\" itemprop=\"sameAs\" href=\"https:\/\/x.com\/sputnik_ethio\"> <\/a><a target=\"_blank\" itemprop=\"sameAs\" href=\"https:\/\/x.com\/sputnik_swahili\"> <\/a><\/div>\n<p><a target=\"_blank\" itemprop=\"thumbnailUrl\" href=\"https:\/\/cdn1.img.sputniknews.africa\/img\/07e9\/0b\/16\/1080746609_0:0:800:450_1920x0_80_0_0_fdf158521b663fca0afa6b0d91adb395.jpg\"\/><a target=\"_blank\" itemprop=\"thumbnailUrl\" href=\"https:\/\/cdn1.img.sputniknews.africa\/img\/07e9\/0b\/16\/1080746609_100:0:700:450_1920x0_80_0_0_beea87ebdf8b71c1763f93d4358bea01.jpg\">https:\/\/cdn1.img.sputniknews.africa\/img\/07e9\/0b\/16\/1080746609_100:0:700:450_1920x0_80_0_0_beea87ebdf8b71c1763f93d4358bea01.jpg<\/a><a target=\"_blank\" itemprop=\"thumbnailUrl\" href=\"https:\/\/cdn1.img.sputniknews.africa\/img\/07e9\/0b\/16\/1080746609_175:0:625:450_1920x0_80_0_0_56458aa53122d6681b6780e04f970a14.jpg\" title=\"Les dirigeants du G20 appellent \u00e0 un r\u00e8glement des conflits en Ukraine, au Soudan, en Palestine et en RDC, selon la d\u00e9claration officielle\"\/><\/p>\n<div itemprop=\"publisher\" itemscope=\"\" itemtype=\"http:\/\/schema.org\/Organization\">\n<p>Sputnik Afrique<\/p>\n<p><a target=\"_blank\" itemprop=\"url\" href=\"https:\/\/fr.sputniknews.africa\" title=\"Sputnik Afrique\"> <\/a><\/p>\n<p>feedback.fr@sputniknews.com<\/p>\n<p>+74956456601<\/p>\n<p>MIA \u201eRossiya Segodnya\u201c<\/p>\n<p><a target=\"_blank\" itemprop=\"sameAs\" href=\"https:\/\/t.me\/sputnik_afrique\"> <\/a><a target=\"_blank\" itemprop=\"sameAs\" href=\"https:\/\/t.me\/sputnik_africa\"> <\/a><a target=\"_blank\" itemprop=\"sameAs\" href=\"https:\/\/t.me\/sputnik_ethiopia\"> <\/a><a target=\"_blank\" itemprop=\"sameAs\" href=\"https:\/\/x.com\/sputnik_afrique\"> <\/a><a target=\"_blank\" itemprop=\"sameAs\" href=\"https:\/\/x.com\/sputnik_africa\"> <\/a><a target=\"_blank\" itemprop=\"sameAs\" href=\"https:\/\/x.com\/sputnik_ethio\"> <\/a><a target=\"_blank\" itemprop=\"sameAs\" href=\"https:\/\/x.com\/sputnik_swahili\"> <\/a><\/div>\n<p>g20, afrique, zone de libre-\u00e9change continentale africaine (zlecaf)<\/p>\n<div itemprop=\"about\" itemscope=\"\" itemtype=\"https:\/\/schema.org\/Thing\">\n<p>g20, afrique, zone de libre-\u00e9change continentale africaine (zlecaf)<\/p>\n<\/div>\n<\/div>\n<div class=\"article__header\">\n<p>Ce document \u00ab\u00a0est important car il met en avant l&rsquo;importance du commerce multilat\u00e9ral et du syst\u00e8me commercial fond\u00e9 sur des r\u00e8gles, qui doivent \u00eatre prot\u00e9g\u00e9es\u00a0\u00bb, a indiqu\u00e9 Wamkele Mene, secr\u00e9taire g\u00e9n\u00e9ral de la Zone de libre-\u00e9change continentale africaine (ZLECAf), \u00e0 Sputnik. <\/p>\n<\/div>\n<div class=\"article__body\">\n<div class=\"article__block\" data-type=\"text\">\n<p>\u00ab\u00a0\u00c0 cet \u00e9gard, nous disposons d&rsquo;une excellente d\u00e9claration\u00a0\u00bb, a-t-il indiqu\u00e9.  <\/p>\n<\/div>\n<div class=\"article__block\" data-type=\"text\">\n<p>Dans cette derni\u00e8re, ax\u00e9e sur l&rsquo;Afrique, les dirigeants ont appel\u00e9 \u00e0 une r\u00e9forme de l&rsquo;Organisation mondiale du commerce (OMC) afin de mieux r\u00e9pondre aux besoins des \u00c9tats membres et ont soulign\u00e9 que les groupements r\u00e9gionaux, dont la ZLECAf, sont essentiels \u00e0 la croissance \u00e9conomique.  <\/p>\n<\/div>\n<div class=\"article__block\" data-type=\"text\">\n<p>Y figure \u00e9galement un appel \u00e0 \u00e9largir le Conseil de s\u00e9curit\u00e9 de l&rsquo;ONU afin d&rsquo;y inclure des pays d&rsquo;Afrique, de la r\u00e9gion Asie-Pacifique et d&rsquo;Am\u00e9rique latine.  <\/p>\n<\/div>\n<div class=\"article__block\" data-type=\"text\">\n<p>La Zone de libre-\u00e9change continentale africaine est le deuxi\u00e8me bloc commercial mondial apr\u00e8s l&rsquo;OMC. Elle regroupe 54 pays et repr\u00e9sente une population d&rsquo;environ 1,3 milliard d&rsquo;habitants.  <\/p>\n<\/div>\n<div class=\"article__block\" data-type=\"text\">\n<p>Le sommet se tient \u00e0 Johannesburg, en Afrique du Sud, les 22 et 23 novembre.<\/p>\n<\/div>\n<\/div>\n<\/div>\n<p><script async=\"async\" type=\"text\/plain\" class=\"_iub_cs_activate\" data-iub-purposes=\"3\" data-suppressedsrc=\"https:\/\/connect.facebook.net\/en_US\/sdk.js#xfbml=1&amp;version=v3.2\"><\/script><br \/>\n<br \/><br \/>\n<br \/><a href=\"https:\/\/fr.sputniknews.africa\/20251123\/sommet-du-g20-lafrique-se-felicite-de-la-declaration-adoptee--responsable-de-la-zlecaf---1080761463.html\" target=\"_blank\"\">Source link <\/a><\/p>\n","protected":false},"excerpt":{"rendered":"<p>https:\/\/fr.sputniknews.africa\/20251123\/sommet-du-g20-lafrique-se-felicite-de-la-declaration-adoptee&#8211;responsable-de-la-zlecaf&#8212;1080761463.html Sommet du G20: L&rsquo;Afrique se f\u00e9licite de la D\u00e9claration adopt\u00e9e \u2013 responsable de la ZLECAf Sommet du G20: L&rsquo;Afrique se f\u00e9licite de la D\u00e9claration adopt\u00e9e \u2013 responsable de la&hellip; <\/p>\n","protected":false},"author":1,"featured_media":19863,"comment_status":"open","ping_status":"open","sticky":false,"template":"","format":"standard","meta":{"footnotes":""},"categories":[1],"tags":[],"class_list":["post-19862","post","type-post","status-publish","format-standard","has-post-thumbnail","hentry","category-non-classe"],"_links":{"self":[{"href":"https:\/\/monde25.info\/index.php\/wp-json\/wp\/v2\/posts\/19862","targetHints":{"allow":["GET"]}}],"collection":[{"href":"https:\/\/monde25.info\/index.php\/wp-json\/wp\/v2\/posts"}],"about":[{"href":"https:\/\/monde25.info\/index.php\/wp-json\/wp\/v2\/types\/post"}],"author":[{"embeddable":true,"href":"https:\/\/monde25.info\/index.php\/wp-json\/wp\/v2\/users\/1"}],"replies":[{"embeddable":true,"href":"https:\/\/monde25.info\/index.php\/wp-json\/wp\/v2\/comments?post=19862"}],"version-history":[{"count":0,"href":"https:\/\/monde25.info\/index.php\/wp-json\/wp\/v2\/posts\/19862\/revisions"}],"wp:featuredmedia":[{"embeddable":true,"href":"https:\/\/monde25.info\/index.php\/wp-json\/wp\/v2\/media\/19863"}],"wp:attachment":[{"href":"https:\/\/monde25.info\/index.php\/wp-json\/wp\/v2\/media?parent=19862"}],"wp:term":[{"taxonomy":"category","embeddable":true,"href":"https:\/\/monde25.info\/index.php\/wp-json\/wp\/v2\/categories?post=19862"},{"taxonomy":"post_tag","embeddable":true,"href":"https:\/\/monde25.info\/index.php\/wp-json\/wp\/v2\/tags?post=19862"}],"curies":[{"name":"wp","href":"https:\/\/api.w.org\/{rel}","templated":true}]}}