{"id":19864,"date":"2025-11-23T12:50:36","date_gmt":"2025-11-23T11:50:36","guid":{"rendered":"https:\/\/monde25.info\/index.php\/2025\/11\/23\/le-president-algerien-plaide-pour-un-soutien-renforce-a-lafrique-rt-en-francais\/"},"modified":"2025-11-23T12:50:36","modified_gmt":"2025-11-23T11:50:36","slug":"le-president-algerien-plaide-pour-un-soutien-renforce-a-lafrique-rt-en-francais","status":"publish","type":"post","link":"https:\/\/monde25.info\/index.php\/2025\/11\/23\/le-president-algerien-plaide-pour-un-soutien-renforce-a-lafrique-rt-en-francais\/","title":{"rendered":"le pr\u00e9sident alg\u00e9rien plaide pour un soutien renforc\u00e9 \u00e0 l\u2019Afrique \u2014 RT en fran\u00e7ais"},"content":{"rendered":"<p> <br \/>\n<br \/><img decoding=\"async\" src=\"https:\/\/mf.b37mrtl.ru\/french\/images\/2025.11\/thumbnail\/6922e7c36f7ccc22c20337d7.jpg\" \/><\/p>\n<div>\n<p class=\"text__summary\">\n                                        Lors du sommet du G20, le 22 novembre \u00e0 Johannesbourg, Abdelmadjid Tebboune a mis en avant les priorit\u00e9s africaines : endettement, s\u00e9curit\u00e9 alimentaire, transition \u00e9nerg\u00e9tique et gestion des catastrophes. L\u2019Alg\u00e9rie appelle \u00e0 une r\u00e9forme des institutions financi\u00e8res internationales et \u00e0 un soutien concret aux pays les plus vuln\u00e9rables.\n                                    <\/p>\n<p>Le sommet du G20, r\u00e9unissant les principales \u00e9conomies mondiales, a \u00e9t\u00e9 l\u2019occasion pour l\u2019Alg\u00e9rie de porter la voix de l\u2019Afrique sur des enjeux cruciaux. Repr\u00e9sent\u00e9 par le Premier ministre Sifi Ghrieb lors de certaines sessions, le pr\u00e9sident Tebboune a insist\u00e9 sur la n\u00e9cessit\u00e9 de trouver des solutions globales pour les pays en d\u00e9veloppement, confront\u00e9s \u00e0 des crises multiples, notamment l\u2019endettement \u00e9lev\u00e9, les difficult\u00e9s alimentaires et \u00e9nerg\u00e9tiques, ainsi que la vuln\u00e9rabilit\u00e9 face aux catastrophes naturelles.<\/p>\n<p>Dans son intervention, Abdelmadjid\u00a0Tebboune a rappel\u00e9 que l\u2019Afrique et les pays en d\u00e9veloppement font face \u00e0 des niveaux de dette souveraine \u00ab\u00a0sans pr\u00e9c\u00e9dent\u00a0\u00bb. Il a propos\u00e9 des mesures telles que l\u2019effacement partiel de la dette ou sa conversion en investissements directs, tout en soulignant que l\u2019Alg\u00e9rie a d\u00e9j\u00e0 proc\u00e9d\u00e9 \u00e0 un all\u00e8gement de la dette de 18 pays africains. Le pr\u00e9sident a plaid\u00e9 pour une r\u00e9forme des institutions financi\u00e8res internationales afin de garantir un traitement \u00e9quitable, transparent et repr\u00e9sentatif des nations africaines dans les instances de d\u00e9cision.<\/p>\n<h2>S\u00e9curit\u00e9 alimentaire et gestion des catastrophes<\/h2>\n<p>Le pr\u00e9sident alg\u00e9rien a \u00e9galement abord\u00e9 la s\u00e9curit\u00e9 alimentaire, soulignant l\u2019importance de l\u2019autosuffisance et de la modernisation des syst\u00e8mes agricoles, notamment dans le Sahel, en coop\u00e9ration avec le PAM et la FAO. Il a rappel\u00e9 la cr\u00e9ation d\u2019une force civile africaine de pr\u00e9vention des catastrophes et l\u2019activation du Centre arabe pour la pr\u00e9vention des s\u00e9ismes \u00e0 Alger, en insistant sur la n\u00e9cessit\u00e9 d\u2019un financement international pour la pr\u00e9vention et la r\u00e9ponse rapide aux crises humanitaires.<\/p>\n<p>Sur le plan \u00e9nerg\u00e9tique,\u00a0il a d\u00e9nonc\u00e9 les in\u00e9galit\u00e9s d\u2019acc\u00e8s au continent africain et insist\u00e9 sur la r\u00e9duction des \u00e9missions de carbone, avec un soutien financier et technique international pour accompagner la transition vers des modes de production et de consommation durables.<\/p>\n<p>Enfin, le chef de l&rsquo;\u00c9tat alg\u00e9rien a \u00e9voqu\u00e9 la situation en Palestine, d\u00e9non\u00e7ant les violences \u00e0 Gaza et en Cisjordanie et appelant \u00e0 la mobilisation internationale pour reconstruire et soutenir le peuple palestinien, tout en saluant les efforts du secr\u00e9taire g\u00e9n\u00e9ral de l\u2019ONU et des chefs d\u2019\u00c9tat engag\u00e9s dans la paix.<\/p>\n<\/div>\n<p><br \/>\n<br \/><a href=\"https:\/\/francais.rt.com\/afrique\/127634-g20-tebboune-algerie-afrique-dette-soutien\" target=\"_blank\"\">Source link <\/a><\/p>\n","protected":false},"excerpt":{"rendered":"<p>Lors du sommet du G20, le 22 novembre \u00e0 Johannesbourg, Abdelmadjid Tebboune a mis en avant les priorit\u00e9s africaines : endettement, s\u00e9curit\u00e9 alimentaire, transition \u00e9nerg\u00e9tique et gestion des catastrophes. L\u2019Alg\u00e9rie&hellip; <\/p>\n","protected":false},"author":1,"featured_media":19865,"comment_status":"open","ping_status":"open","sticky":false,"template":"","format":"standard","meta":{"footnotes":""},"categories":[1],"tags":[],"class_list":["post-19864","post","type-post","status-publish","format-standard","has-post-thumbnail","hentry","category-non-classe"],"_links":{"self":[{"href":"https:\/\/monde25.info\/index.php\/wp-json\/wp\/v2\/posts\/19864","targetHints":{"allow":["GET"]}}],"collection":[{"href":"https:\/\/monde25.info\/index.php\/wp-json\/wp\/v2\/posts"}],"about":[{"href":"https:\/\/monde25.info\/index.php\/wp-json\/wp\/v2\/types\/post"}],"author":[{"embeddable":true,"href":"https:\/\/monde25.info\/index.php\/wp-json\/wp\/v2\/users\/1"}],"replies":[{"embeddable":true,"href":"https:\/\/monde25.info\/index.php\/wp-json\/wp\/v2\/comments?post=19864"}],"version-history":[{"count":0,"href":"https:\/\/monde25.info\/index.php\/wp-json\/wp\/v2\/posts\/19864\/revisions"}],"wp:featuredmedia":[{"embeddable":true,"href":"https:\/\/monde25.info\/index.php\/wp-json\/wp\/v2\/media\/19865"}],"wp:attachment":[{"href":"https:\/\/monde25.info\/index.php\/wp-json\/wp\/v2\/media?parent=19864"}],"wp:term":[{"taxonomy":"category","embeddable":true,"href":"https:\/\/monde25.info\/index.php\/wp-json\/wp\/v2\/categories?post=19864"},{"taxonomy":"post_tag","embeddable":true,"href":"https:\/\/monde25.info\/index.php\/wp-json\/wp\/v2\/tags?post=19864"}],"curies":[{"name":"wp","href":"https:\/\/api.w.org\/{rel}","templated":true}]}}