{"id":19897,"date":"2025-11-24T05:22:04","date_gmt":"2025-11-24T04:22:04","guid":{"rendered":"https:\/\/monde25.info\/index.php\/2025\/11\/24\/un-final-de-la-cop30-englue-dans-la-dispute-sur-la-sortie-des-energies-fossiles\/"},"modified":"2025-11-24T05:22:04","modified_gmt":"2025-11-24T04:22:04","slug":"un-final-de-la-cop30-englue-dans-la-dispute-sur-la-sortie-des-energies-fossiles","status":"publish","type":"post","link":"https:\/\/monde25.info\/index.php\/2025\/11\/24\/un-final-de-la-cop30-englue-dans-la-dispute-sur-la-sortie-des-energies-fossiles\/","title":{"rendered":"Un final de la COP30 englu\u00e9 dans la dispute sur la sortie des \u00e9nergies fossiles"},"content":{"rendered":"<p> <br \/>\n<\/p>\n<div>\n<p>Les n\u00e9gociations climatiques de la COP30 au Br\u00e9sil sont entr\u00e9es vendredi dans les derni\u00e8res heures officielles sans compromis en vue sur la question du p\u00e9trole, du gaz et du charbon.<\/p>\n<p>Au point que l&rsquo;Union europ\u00e9enne, somm\u00e9e de donner des gages aux pays en d\u00e9veloppement, \u00e9voque ouvertement la perspective de quitter Belem \u00ab\u00a0sans accord\u00a0\u00bb, un v\u00e9ritable \u00e9chec humiliant pour le Br\u00e9sil et cette premi\u00e8re conf\u00e9rence climatique de l&rsquo;ONU en Amazonie.<\/p>\n<p>La pr\u00e9sidence br\u00e9silienne du sommet, d\u00e9but\u00e9 le 10 novembre, a convoqu\u00e9 un petit panel repr\u00e9sentatif des pays dans son bureau \u00e0 20H00 GMT pour tenter de d\u00e9nouer la situation.<\/p>\n<p>Les d\u00e9bats sont focalis\u00e9s sur le projet d&rsquo;accord pr\u00e9sent\u00e9 \u00e0 l&rsquo;aube, avec un grand absent : le mot \u00ab\u00a0fossiles\u00a0\u00bb, et aucune cr\u00e9ation de \u00ab\u00a0feuille de route\u00a0\u00bb, celle qui avait pu \u00eatre r\u00e9clam\u00e9e par au quelque 80 pays europ\u00e9ens, latino-am\u00e9ricains ou insulaires.<\/p>\n<p>Protestation imm\u00e9diate de cette coalition informelle, avec la Colombie, qui m\u00e8ne la bataille contre la \u00ab\u00a0prolif\u00e9ration\u00a0\u00bb du p\u00e9trole, p\u00e9trole qu&rsquo;elle exploite n\u00e9anmoins en \u00e9tant le quatri\u00e8me producteur sud am\u00e9ricain.<\/p>\n<p>\u00ab\u00a0Ce qui est actuellement sur la table est inacceptable\u00a0\u00bb, a d\u00e9clar\u00e9 le commissaire europ\u00e9en au climat, Wopke Hoestra, pour qui \u00ab\u00a0nous sommes vraiment face \u00e0 un sc\u00e9nario sans accord\u00a0\u00bb.<\/p>\n<p>Mais qui s&rsquo;oppose ? L&rsquo;Inde, l&rsquo;Arabie saoudite et la Russie, rejointes par plusieurs pays \u00e9mergents, a d\u00e9clar\u00e9 Monique Barbut, ministre fran\u00e7aise de la Transition \u00e9cologique.<\/p>\n<p>\u00ab\u00a0Je mets en garde les m\u00e9dias contre les narratifs simplistes sur les v\u00e9ritables bloqueurs\u00a0\u00bb, lui a r\u00e9pondu Romain Ioualalen, de l&rsquo;ONG Oil Change International, car les n\u00e9gociations portent aussi sur les aides financi\u00e8res et techniques aux pays pauvres \u00ab\u00a0qui sont bloqu\u00e9es par les pays d\u00e9velopp\u00e9s\u00a0\u00bb.<\/p>\n<p>\u00ab\u00a0Ne nous laissons pas distraire par tout ce bruit. Dans toute n\u00e9gociation climatique, il y aura toujours des accusations. Concentrons-nous sur l\u2019essentiel : l\u2019acc\u00e8s \u00e0 l\u2019\u00e9nergie pour les plus pauvres, la s\u00e9curit\u00e9 \u00e9nerg\u00e9tique pour tous et la durabilit\u00e9 \u00e9nerg\u00e9tique pour la plan\u00e8te\u00a0\u00bb, r\u00e9pond l&rsquo;Indien Arunabha Ghosh, \u00e9missaire de la COP30 pour l&rsquo;Asie du Sud.<\/p>\n<p>Le projet d&rsquo;accord demande des \u00ab\u00a0efforts\u00a0\u00bb pour tripler les financements pour l&rsquo;adaptation au changement climatique dans les pays pauvres, mais les pays riches sont r\u00e9ticents \u00e0 remettre la main au portefeuille apr\u00e8s une COP29 qui les a engag\u00e9s sur dix ans.<\/p>\n<p>Pour la ministre colombienne de l&rsquo;Environnement Irene Velez Torres, la COP30 \u00ab\u00a0ne peut se terminer sans feuille de route pour abandonner les combustibles fossiles\u00a0\u00bb.<\/p>\n<p>\u00ab\u00a0Ceux qui doutent que la coop\u00e9ration soit la meilleure chose \u00e0 faire pour le climat seront absolument ravis de voir qu&rsquo;on n&rsquo;arrive pas \u00e0 nous mettre d&rsquo;accord\u00a0\u00bb, a plaid\u00e9 le pr\u00e9sident de la COP30, le diplomate Andr\u00e9 Correa do Lago.<\/p>\n<p>Dans l&rsquo;apr\u00e8s-midi, il a ajourn\u00e9 plus de quatre heures de r\u00e9union infructueuse avec tous les pays et envoy\u00e9 les ministres se restaurer, leur demandant d&rsquo;utiliser ce temps de repos \u00ab\u00a0pour r\u00e9fl\u00e9chir aux solutions \u00e0 apporter sur la table\u00a0\u00bb, selon des participants dans la salle.<\/p>\n<p>Des n\u00e9gociateurs europ\u00e9ens et du groupe arabe se sont r\u00e9unis autour de M. Correa do Lago, qui a la lourde t\u00e2che de mettre d&rsquo;accord 194 pays et l&rsquo;Union europ\u00e9enne, membres de l&rsquo;accord de Paris, pour une adoption par consensus, comme c&rsquo;est la r\u00e8gle aux COP.<\/p>\n<p>Dans une ann\u00e9e g\u00e9opolitique mouvement\u00e9e, avec de nombreux pays occidentaux se d\u00e9tournant politiquement du climat, peu comptaient sur le retour de cette question \u00e0 l&rsquo;ordre du jour.<\/p>\n<p>Et ce sont des sarcasmes, des hu\u00e9es, une suspension de s\u00e9ance et une fuite d&rsquo;eau qui ont finalement conclu samedi la conf\u00e9rence sur le climat, \u00e0 l&rsquo;image des deux semaines chaotiques qui ont pr\u00e9c\u00e9d\u00e9.<\/p>\n<p>Le diplomate br\u00e9silien Andr\u00e9 Correa do Lago, a tout de m\u00eame maintenu son calme \u00e0 la barre malgr\u00e9 une intrusion de manifestants, un blocage par des autochtones et un incendie.<\/p>\n<p>Avec un air de soulagement, il a ouvert samedi apr\u00e8s-midi avec trois heures de retard la s\u00e9ance de cl\u00f4ture.<\/p>\n<p>Les d\u00e9l\u00e9gu\u00e9s europ\u00e9ens, arabes, chinois, des pays du Sud avaient n\u00e9goci\u00e9 toute la nuit dans son bureau. Des ouvriers au petit matin commen\u00e7aient d\u00e9j\u00e0 \u00e0 d\u00e9monter certains stands.<\/p>\n<p>Le diplomate pensait qu&rsquo;il allait enfin pouvoir mettre un terme rapide \u00e0 cette COP, avec un texte s\u00fbr de recevoir le consentement des 194 pays membres de l&rsquo;accord de Paris.<\/p>\n<p>Une fois le texte principal adopt\u00e9 d&rsquo;un coup de marteau, apparemment sans objection, et apr\u00e8s quelques applaudissements, certains d\u00e9l\u00e9gu\u00e9s ont toutefois voulu se faire entendre.<\/p>\n<p>Furieuse, la repr\u00e9sentante de la Colombie a multipli\u00e9 les prises de parole pour faire admettre son rappel au r\u00e8glement.<\/p>\n<p>De son c\u00f4t\u00e9, le repr\u00e9sentant du Vatican a pris le micro pour rappeler sa d\u00e9finition de la diff\u00e9rence biologique homme-femme, manifestant sa d\u00e9sapprobation concernant un texte sur le genre et le climat.<\/p>\n<p>La r\u00e8gle des COP est que le consensus est n\u00e9cessaire pour faire adopter toute d\u00e9cision. Seule une ferme objection d&rsquo;un pays avant le coup de marteau peut l&#8217;emp\u00eacher.<\/p>\n<p>Une sc\u00e8ne famili\u00e8re se joue souvent aux COP : des pays protestent &#8211; apr\u00e8s le coup de marteau &#8211; contre la d\u00e9cision adopt\u00e9e juste avant, et affirment que le pr\u00e9sident de s\u00e9ance a ignor\u00e9 leur demande de prise de parole.<\/p>\n<p>C&rsquo;est ainsi que la Colombienne Daniela Duran a ainsi object\u00e9, trop tard, contre une autre d\u00e9cision que le texte principal.<\/p>\n<p>D&rsquo;ordinaire, le pr\u00e9sident de la COP note la protestation et poursuit son ordre du jour, mais M. Correa do Lago a suspendu la s\u00e9ance. Un geste interpr\u00e9t\u00e9 comme une volont\u00e9 de se montrer d\u00e9mocratique et transparent, et de reconna\u00eetre la frustration colombienne.<\/p>\n<p>Le pays est l&rsquo;un de ceux menant la fronde contre les \u00e9nergies fossiles.<\/p>\n<p>\u00ab\u00a0Comme beaucoup d&rsquo;entre vous, je n&rsquo;ai pas dormi, cela n&rsquo;a sans doute pas aid\u00e9, tout comme mon \u00e2ge avanc\u00e9\u00a0\u00bb, a repris au bout d&rsquo;une heure le pr\u00e9sident, n\u00e9 en 1959, en plaidant la bonne foi.<\/p>\n<p>La suspension de s\u00e9ance n&rsquo;a pas plu \u00e0 la Russie, qui a \u00e0 son tour object\u00e9&#8230; contre l&rsquo;objection.<\/p>\n<p>\u00ab\u00a0Arr\u00eatez de vous comporter comme des enfants qui veulent tous les bonbons!\u00a0\u00bb et se \u00ab\u00a0remplir la panse jusqu&rsquo;\u00e0 en \u00eatre malade\u00a0\u00bb, a lanc\u00e9 Sergue\u00ef Kononoutchenko, en espagnol pour \u00eatre s\u00fbr de se faire comprendre des pays d&rsquo;Am\u00e9rique latine ayant soutenu la protestation colombienne.<\/p>\n<p>Finalement c&rsquo;est un modeste consensus sur l&rsquo;action climatique, sans plan de sortie des \u00e9nergies fossiles, qui aura accouch\u00e9, un r\u00e9sultat d\u00e9cevant pour cette Europe qui n&rsquo;a d\u00e9cid\u00e9ment plus le vent en poupe, mais salu\u00e9 par d&rsquo;autres dans cette ann\u00e9e boulevers\u00e9e par les rivalit\u00e9s g\u00e9opolitiques.<\/p>\n<\/div>\n<p><script>(function(d, s, id) {  var js, fjs = d.getElementsByTagName(s)[0];  if (d.getElementById(id)) return;  js = d.createElement(s); js.id = id;  js.src = \"\/\/connect.facebook.net\/fr_FR\/sdk.js#xfbml=1&version=v2.3\";  fjs.parentNode.insertBefore(js, fjs);}(document, \"script\", \"facebook-jssdk\"));<\/script><br \/>\n<br \/><br \/>\n<br \/><a href=\"https:\/\/www.francesoir.fr\/societe-environnement\/le-final-de-la-cop30-englue-dans-la-dispute-sur-la-sortie-des-energies\" target=\"_blank\"\">Source link <\/a><\/p>\n","protected":false},"excerpt":{"rendered":"<p>Les n\u00e9gociations climatiques de la COP30 au Br\u00e9sil sont entr\u00e9es vendredi dans les derni\u00e8res heures officielles sans compromis en vue sur la question du p\u00e9trole, du gaz et du charbon.&hellip; <\/p>\n","protected":false},"author":1,"featured_media":19898,"comment_status":"open","ping_status":"open","sticky":false,"template":"","format":"standard","meta":{"footnotes":""},"categories":[1],"tags":[],"class_list":["post-19897","post","type-post","status-publish","format-standard","has-post-thumbnail","hentry","category-non-classe"],"_links":{"self":[{"href":"https:\/\/monde25.info\/index.php\/wp-json\/wp\/v2\/posts\/19897","targetHints":{"allow":["GET"]}}],"collection":[{"href":"https:\/\/monde25.info\/index.php\/wp-json\/wp\/v2\/posts"}],"about":[{"href":"https:\/\/monde25.info\/index.php\/wp-json\/wp\/v2\/types\/post"}],"author":[{"embeddable":true,"href":"https:\/\/monde25.info\/index.php\/wp-json\/wp\/v2\/users\/1"}],"replies":[{"embeddable":true,"href":"https:\/\/monde25.info\/index.php\/wp-json\/wp\/v2\/comments?post=19897"}],"version-history":[{"count":0,"href":"https:\/\/monde25.info\/index.php\/wp-json\/wp\/v2\/posts\/19897\/revisions"}],"wp:featuredmedia":[{"embeddable":true,"href":"https:\/\/monde25.info\/index.php\/wp-json\/wp\/v2\/media\/19898"}],"wp:attachment":[{"href":"https:\/\/monde25.info\/index.php\/wp-json\/wp\/v2\/media?parent=19897"}],"wp:term":[{"taxonomy":"category","embeddable":true,"href":"https:\/\/monde25.info\/index.php\/wp-json\/wp\/v2\/categories?post=19897"},{"taxonomy":"post_tag","embeddable":true,"href":"https:\/\/monde25.info\/index.php\/wp-json\/wp\/v2\/tags?post=19897"}],"curies":[{"name":"wp","href":"https:\/\/api.w.org\/{rel}","templated":true}]}}