{"id":199,"date":"2024-11-15T19:35:36","date_gmt":"2024-11-15T18:35:36","guid":{"rendered":"https:\/\/monde25.info\/index.php\/2024\/11\/15\/croatie-arrestation-du-ministre-de-la-sante-soupconne-de-corruption\/"},"modified":"2024-11-15T19:35:36","modified_gmt":"2024-11-15T18:35:36","slug":"croatie-arrestation-du-ministre-de-la-sante-soupconne-de-corruption","status":"publish","type":"post","link":"https:\/\/monde25.info\/index.php\/2024\/11\/15\/croatie-arrestation-du-ministre-de-la-sante-soupconne-de-corruption\/","title":{"rendered":"Croatie : arrestation du ministre de la Sant\u00e9 soup\u00e7onn\u00e9 de corruption"},"content":{"rendered":"<p> <br \/>\n<\/p>\n<div>\n<p><span data-contrast=\"auto\">Le ministre croate de la Sant\u00e9 a \u00e9t\u00e9 arr\u00eat\u00e9 vendredi pour corruption dans le cadre d&rsquo;une enqu\u00eate pour prise ill\u00e9gale d&rsquo;int\u00e9r\u00eats, un scandale qui impliquerait plusieurs autres hauts responsables croates dont deux directeurs d&rsquo;h\u00f4pitaux.<\/span><span data-ccp-props=\"{&quot;134233117&quot;:false,&quot;134233118&quot;:false,&quot;335551550&quot;:0,&quot;335551620&quot;:0,&quot;335559738&quot;:300,&quot;335559739&quot;:180}\">\u00a0<\/span><\/p>\n<p><span data-contrast=\"auto\">Dans la matin\u00e9e, le Premier ministre Andrej Plenkovic, a indiqu\u00e9 avoir limog\u00e9 Vili Beros puis, peu apr\u00e8s, il a annonc\u00e9 son arrestation \u00ab\u00a0dans le cadre d&rsquo;une op\u00e9ration men\u00e9e par les responsables du Bureau de lutte contre la corruption\u00a0\u00bb.<\/span><span data-ccp-props=\"{&quot;134233117&quot;:false,&quot;134233118&quot;:false,&quot;335551550&quot;:0,&quot;335551620&quot;:0,&quot;335559738&quot;:300,&quot;335559739&quot;:180}\">\u00a0<\/span><\/p>\n<p><span data-contrast=\"auto\">Des photos de policiers en train de perquisitionner le domicile du ministre avaient \u00e9t\u00e9 publi\u00e9es quelques heures plus t\u00f4t par la presse locale.<\/span><span data-ccp-props=\"{&quot;134233117&quot;:false,&quot;134233118&quot;:false,&quot;335551550&quot;:0,&quot;335551620&quot;:0,&quot;335559738&quot;:300,&quot;335559739&quot;:180}\">\u00a0<\/span><\/p>\n<p><span data-contrast=\"auto\">\u00ab\u00a0En ce qui concerne les actions des autorit\u00e9s judiciaires, aussi inconfortables soient-elles pour le gouvernement en ce moment, je tiens \u00e0 dire que je les salue et qu&rsquo;elles ont tout notre soutien\u00a0\u00bb, a ajout\u00e9 le Premier ministre.<\/span><span data-ccp-props=\"{&quot;134233117&quot;:false,&quot;134233118&quot;:false,&quot;335551550&quot;:0,&quot;335551620&quot;:0,&quot;335559738&quot;:300,&quot;335559739&quot;:180}\">\u00a0<\/span><\/p>\n<p><span data-contrast=\"auto\">\u00ab\u00a0M. Beros rejette toute responsabilit\u00e9 p\u00e9nale\u00a0\u00bb, a d\u00e9clar\u00e9 aux m\u00e9dias son avocate Laura Vakovic, interrog\u00e9e devant le domicile du ministre peu avant midi.<\/span><span data-ccp-props=\"{&quot;134233117&quot;:false,&quot;134233118&quot;:false,&quot;335551550&quot;:0,&quot;335551620&quot;:0,&quot;335559738&quot;:300,&quot;335559739&quot;:180}\">\u00a0<\/span><\/p>\n<p><span data-contrast=\"auto\">Le Bureau de lutte contre la corruption et le crime organis\u00e9 (USKOK) a pr\u00e9cis\u00e9 dans un communiqu\u00e9 que des arrestations \u00e9taient en cours \u00ab\u00a0dans la r\u00e9gion de Zagreb et de Skradin (sud), et concernent plusieurs personnes\u00a0\u00bb.<\/span><span data-ccp-props=\"{&quot;134233117&quot;:false,&quot;134233118&quot;:false,&quot;335551550&quot;:0,&quot;335551620&quot;:0,&quot;335559738&quot;:300,&quot;335559739&quot;:180}\">\u00a0<\/span><\/p>\n<p><span data-contrast=\"none\" data-ccp-parastyle=\"heading 2\"><strong>&#8211; Prise ill\u00e9gale d&rsquo;int\u00e9r\u00eat &#8211;<\/strong><\/span><span data-ccp-props=\"{&quot;134233117&quot;:false,&quot;134233118&quot;:false,&quot;134245418&quot;:true,&quot;134245529&quot;:true,&quot;201341983&quot;:0,&quot;335551550&quot;:0,&quot;335551620&quot;:0,&quot;335559738&quot;:349,&quot;335559739&quot;:360,&quot;335559740&quot;:450}\">\u00a0<\/span><\/p>\n<p><span data-contrast=\"auto\">Cette enqu\u00eate a \u00e9t\u00e9 initi\u00e9e par le parquet europ\u00e9en, un organe cr\u00e9\u00e9 pour lutter contre la fraude portant atteinte aux finances de l&rsquo;Union europ\u00e9enne, qui a le pouvoir d&rsquo;enqu\u00eater et d&rsquo;engager des poursuites lorsque de telles infractions sont soup\u00e7onn\u00e9es.<\/span><span data-ccp-props=\"{&quot;134233117&quot;:false,&quot;134233118&quot;:false,&quot;335551550&quot;:0,&quot;335551620&quot;:0,&quot;335559738&quot;:300,&quot;335559739&quot;:180}\">\u00a0<\/span><\/p>\n<p><span data-contrast=\"auto\">\u00ab\u00a0Le Parquet europ\u00e9en de Zagreb a ouvert une enqu\u00eate contre huit personnes, dont le ministre de la Sant\u00e9 et les directeurs de deux h\u00f4pitaux de Zagreb, ainsi que deux entreprises, soup\u00e7onn\u00e9s d&rsquo;avoir accept\u00e9 et vers\u00e9 des pots-de-vin, d&rsquo;abus de position et de blanchiment d&rsquo;argent\u00a0\u00bb, a fait savoir le parquet.<\/span><span data-ccp-props=\"{&quot;134233117&quot;:false,&quot;134233118&quot;:false,&quot;335551550&quot;:0,&quot;335551620&quot;:0,&quot;335559738&quot;:300,&quot;335559739&quot;:180}\">\u00a0<\/span><\/p>\n<p><span data-contrast=\"auto\">Selon ce communiqu\u00e9 publi\u00e9 sur son site internet, les faits ont couru de \u00ab\u00a0juin 2022 \u00e0 novembre 2024\u00a0\u00bb. Les personnes soup\u00e7onn\u00e9es auraient fait en sorte que plusieurs h\u00f4pitaux du pays ach\u00e8tent des dispositifs robotiques m\u00e9dicaux \u00e0 des prix sup\u00e9rieurs \u00e0 ceux du march\u00e9, en \u00e9change de pots-de-vin.<\/span><span data-ccp-props=\"{&quot;134233117&quot;:false,&quot;134233118&quot;:false,&quot;335551550&quot;:0,&quot;335551620&quot;:0,&quot;335559738&quot;:300,&quot;335559739&quot;:180}\">\u00a0<\/span><\/p>\n<p><span data-contrast=\"auto\">Ils sont \u00e9galement soup\u00e7onn\u00e9s de prise ill\u00e9gale d&rsquo;int\u00e9r\u00eat.<\/span><span data-ccp-props=\"{&quot;134233117&quot;:false,&quot;134233118&quot;:false,&quot;335551550&quot;:0,&quot;335551620&quot;:0,&quot;335559738&quot;:300,&quot;335559739&quot;:180}\">\u00a0<\/span><\/p>\n<p><span data-contrast=\"auto\">\u00ab\u00a0Plusieurs suspects ont offert et remis des pots-de-vin \u00e0 plusieurs responsables du syst\u00e8me de sant\u00e9 publique, dont le ministre de la Sant\u00e9 et les directeurs de deux h\u00f4pitaux, pour obtenir leur soutien dans l&rsquo;obtention de diff\u00e9rents contrats, principalement dans le cadre du Plan national de relance et de r\u00e9silience de la Croatie 2021-2026, financ\u00e9 par la Facilit\u00e9 pour la reprise et la r\u00e9silience (FRR) de l&rsquo;UE, mais aussi d&rsquo;autres projets financ\u00e9s par le budget national croate\u00a0\u00bb, selon le parquet europ\u00e9en.<\/span><span data-ccp-props=\"{&quot;134233117&quot;:false,&quot;134233118&quot;:false,&quot;335551550&quot;:0,&quot;335551620&quot;:0,&quot;335559738&quot;:300,&quot;335559739&quot;:180}\">\u00a0<\/span><\/p>\n<p><span data-contrast=\"auto\">La Croatie lutte depuis longtemps pour contenir la corruption end\u00e9mique qui touche le pays, le secteur de la sant\u00e9 \u00e9tant tristement c\u00e9l\u00e8bre pour les pots-de-vin r\u00e9guliers vers\u00e9s aux m\u00e9decins et aux fonctionnaires.<\/span><span data-ccp-props=\"{&quot;134233117&quot;:false,&quot;134233118&quot;:false,&quot;335551550&quot;:0,&quot;335551620&quot;:0,&quot;335559738&quot;:300,&quot;335559739&quot;:180}\">\u00a0<\/span><\/p>\n<p><span data-contrast=\"auto\">Plusieurs ministres du parti conservateur (HDZ) du Premier ministre ont d\u00e9j\u00e0 d\u00e9missionn\u00e9 par le pass\u00e9 apr\u00e8s des accusations de corruption.<\/span><span data-ccp-props=\"{&quot;134233117&quot;:false,&quot;134233118&quot;:false,&quot;335551550&quot;:0,&quot;335551620&quot;:0,&quot;335559738&quot;:300,&quot;335559739&quot;:180}\">\u00a0<\/span><\/p>\n<p><span data-contrast=\"auto\">Vili Beros avait \u00e9t\u00e9 nomm\u00e9 apr\u00e8s le limogeage en janvier 2020 de son pr\u00e9d\u00e9cesseur, Milan Kujundzic, \u00e0 cause d&rsquo;une affaire li\u00e9e \u00e0 ses avoirs non-d\u00e9clar\u00e9s.\u00a0<\/span><span data-ccp-props=\"{&quot;134233117&quot;:false,&quot;134233118&quot;:false,&quot;335551550&quot;:0,&quot;335551620&quot;:0,&quot;335559738&quot;:300,&quot;335559739&quot;:180}\">\u00a0<\/span><\/p>\n<p><span data-contrast=\"auto\">ministre croate de la Sant\u00e9 a \u00e9t\u00e9 arr\u00eat\u00e9 dans le cadre d&rsquo;une enqu\u00eate pour corruption, a annonc\u00e9 vendredi le Premier ministre, Andrej Plenkovic.<\/span><span data-ccp-props=\"{&quot;134233117&quot;:false,&quot;134233118&quot;:false,&quot;335559738&quot;:300,&quot;335559739&quot;:180}\">\u00a0<\/span><\/p>\n<p><span data-contrast=\"auto\">\u00ab\u00a0Ce matin, l&rsquo;ancien ministre Vili Beros et deux autres individus ont \u00e9t\u00e9 arr\u00eat\u00e9s dans le cadre d&rsquo;une op\u00e9ration men\u00e9e par les responsables de la lutte contre la corruption\u00a0\u00bb, a d\u00e9clar\u00e9 M. Plenkovic lors d&rsquo;une conf\u00e9rence de presse. \u00ab\u00a0Au nom du gouvernement, je veux rappeler mon soutien sans r\u00e9serve aux autorit\u00e9s judiciaires\u00a0\u00bb, a-t-il ajout\u00e9.<\/span><span data-ccp-props=\"{&quot;134233117&quot;:false,&quot;134233118&quot;:false,&quot;335559738&quot;:300,&quot;335559739&quot;:180}\">\u00a0<\/span><\/p>\n<p><span data-contrast=\"auto\">Le ministre croate de la Sant\u00e9 a \u00e9t\u00e9 arr\u00eat\u00e9 dans le cadre d&rsquo;une enqu\u00eate pour corruption, a annonc\u00e9 vendredi le Premier ministre, Andrej Plenkovic.<\/span><span data-ccp-props=\"{&quot;134233117&quot;:false,&quot;134233118&quot;:false,&quot;335559738&quot;:300,&quot;335559739&quot;:180}\">\u00a0<\/span><\/p>\n<p><span data-contrast=\"auto\">\u00ab\u00a0Ce matin, l&rsquo;ancien ministre Vili Beros et deux autres individus ont \u00e9t\u00e9 arr\u00eat\u00e9s dans le cadre d&rsquo;une op\u00e9ration men\u00e9e par les responsables de la lutte contre la corruption\u00a0\u00bb, a d\u00e9clar\u00e9 M. Plenkovic lors d&rsquo;une conf\u00e9rence de presse. \u00ab\u00a0Au nom du gouvernement, je veux rappeler mon soutien sans r\u00e9serve aux autorit\u00e9s judiciaires\u00a0\u00bb, a-t-il ajout\u00e9.<\/span><\/p>\n<\/div>\n<p><script>(function(d, s, id) {  var js, fjs = d.getElementsByTagName(s)[0];  if (d.getElementById(id)) return;  js = d.createElement(s); js.id = id;  js.src = \"\/\/connect.facebook.net\/fr_FR\/sdk.js#xfbml=1&version=v2.3\";  fjs.parentNode.insertBefore(js, fjs);}(document, \"script\", \"facebook-jssdk\"));<\/script><br \/>\n<br \/><br \/>\n<br \/><a href=\"https:\/\/www.francesoir.fr\/politique-monde\/croatie-arrestation-du-ministre-de-la-sante-soupconne-de-corruption\" target=\"_blank\"\">Source link <\/a><\/p>\n","protected":false},"excerpt":{"rendered":"<p>Le ministre croate de la Sant\u00e9 a \u00e9t\u00e9 arr\u00eat\u00e9 vendredi pour corruption dans le cadre d&rsquo;une enqu\u00eate pour prise ill\u00e9gale d&rsquo;int\u00e9r\u00eats, un scandale qui impliquerait plusieurs autres hauts responsables croates&hellip; <\/p>\n","protected":false},"author":1,"featured_media":200,"comment_status":"open","ping_status":"open","sticky":false,"template":"","format":"standard","meta":{"footnotes":""},"categories":[1],"tags":[],"class_list":["post-199","post","type-post","status-publish","format-standard","has-post-thumbnail","hentry","category-non-classe"],"_links":{"self":[{"href":"https:\/\/monde25.info\/index.php\/wp-json\/wp\/v2\/posts\/199","targetHints":{"allow":["GET"]}}],"collection":[{"href":"https:\/\/monde25.info\/index.php\/wp-json\/wp\/v2\/posts"}],"about":[{"href":"https:\/\/monde25.info\/index.php\/wp-json\/wp\/v2\/types\/post"}],"author":[{"embeddable":true,"href":"https:\/\/monde25.info\/index.php\/wp-json\/wp\/v2\/users\/1"}],"replies":[{"embeddable":true,"href":"https:\/\/monde25.info\/index.php\/wp-json\/wp\/v2\/comments?post=199"}],"version-history":[{"count":0,"href":"https:\/\/monde25.info\/index.php\/wp-json\/wp\/v2\/posts\/199\/revisions"}],"wp:featuredmedia":[{"embeddable":true,"href":"https:\/\/monde25.info\/index.php\/wp-json\/wp\/v2\/media\/200"}],"wp:attachment":[{"href":"https:\/\/monde25.info\/index.php\/wp-json\/wp\/v2\/media?parent=199"}],"wp:term":[{"taxonomy":"category","embeddable":true,"href":"https:\/\/monde25.info\/index.php\/wp-json\/wp\/v2\/categories?post=199"},{"taxonomy":"post_tag","embeddable":true,"href":"https:\/\/monde25.info\/index.php\/wp-json\/wp\/v2\/tags?post=199"}],"curies":[{"name":"wp","href":"https:\/\/api.w.org\/{rel}","templated":true}]}}