{"id":19901,"date":"2025-11-24T08:39:48","date_gmt":"2025-11-24T07:39:48","guid":{"rendered":"https:\/\/monde25.info\/index.php\/2025\/11\/24\/le-maroc-pietine-les-droits-des-sahraouis-pour-nous-fournir-en-tomates-cerises\/"},"modified":"2025-11-24T08:39:48","modified_gmt":"2025-11-24T07:39:48","slug":"le-maroc-pietine-les-droits-des-sahraouis-pour-nous-fournir-en-tomates-cerises","status":"publish","type":"post","link":"https:\/\/monde25.info\/index.php\/2025\/11\/24\/le-maroc-pietine-les-droits-des-sahraouis-pour-nous-fournir-en-tomates-cerises\/","title":{"rendered":"Le Maroc pi\u00e9tine les droits des Sahraouis pour nous fournir en tomates cerises"},"content":{"rendered":"<p> <br \/>\n<br \/><img loading=\"lazy\" decoding=\"async\" src=\"https:\/\/reporterre.net\/local\/cache-vignettes\/L700xH468\/plant-fruit-food-red-produce-vegetable-1412064-pxhere_com-4faff.jpg?1763563018\" class=\"spip_logo\" width=\"700\" height=\"468\" alt=\"\" \/><\/p>\n<p>L&rsquo;Union europ\u00e9enne et le Maroc ont conclu un nouvel accord commercial agricole d\u00e9but octobre. Celui-ci pi\u00e9tine encore les droits des peuples du Sahara occidental, un territoire disput\u00e9, sous contr\u00f4le marocain. <br class=\"autobr\" \/> Sur les \u00e9tals de nos supermarch\u00e9s, les barquettes de tomates cerises sont bien align\u00e9es. Des petites billes rouges sous plastique cultiv\u00e9es dans leur grande majorit\u00e9 au Maroc et au Sahara occidental voisin. Depuis 1975, cette ancienne colonie espagnole est contr\u00f4l\u00e9e par le Maroc,\u00a0(\u2026)<\/p>\n<p>                    <a target=\"_blank\" href=\"https:\/\/reporterre.net\/Le-Maroc-pietine-les-droits-des-Sahraouis-pour-nous-fournir-en-tomates-cerises?utm_source=RSS&amp;utm_medium=RSS\">Lire la suite<\/a><\/p>\n<p>                    &#8211;<br \/>\n                        <a target=\"_blank\" href=\"https:\/\/reporterre.net\/Autres-infos\" rel=\"directory\">Info<\/a><\/p>\n<p>                    \/<br \/>\n                        <a target=\"_blank\" href=\"https:\/\/reporterre.net\/International\" rel=\"tag\">Monde<\/a><br \/>\n                    ,<br \/>\n                        <a target=\"_blank\" href=\"https:\/\/reporterre.net\/Traites-de-libre-echange\" rel=\"tag\">Trait\u00e9s de libre-\u00e9change<\/a><br \/>\n<br \/><br \/>\n<br \/><a href=\"https:\/\/reporterre.net\/Le-Maroc-pietine-les-droits-des-Sahraouis-pour-nous-fournir-en-tomates-cerises\" target=\"_blank\"\">Source link <\/a><\/p>\n","protected":false},"excerpt":{"rendered":"<p>L&rsquo;Union europ\u00e9enne et le Maroc ont conclu un nouvel accord commercial agricole d\u00e9but octobre. Celui-ci pi\u00e9tine encore les droits des peuples du Sahara occidental, un territoire disput\u00e9, sous contr\u00f4le marocain.&hellip; <\/p>\n","protected":false},"author":1,"featured_media":0,"comment_status":"open","ping_status":"open","sticky":false,"template":"","format":"standard","meta":{"footnotes":""},"categories":[1],"tags":[],"class_list":["post-19901","post","type-post","status-publish","format-standard","hentry","category-non-classe"],"_links":{"self":[{"href":"https:\/\/monde25.info\/index.php\/wp-json\/wp\/v2\/posts\/19901","targetHints":{"allow":["GET"]}}],"collection":[{"href":"https:\/\/monde25.info\/index.php\/wp-json\/wp\/v2\/posts"}],"about":[{"href":"https:\/\/monde25.info\/index.php\/wp-json\/wp\/v2\/types\/post"}],"author":[{"embeddable":true,"href":"https:\/\/monde25.info\/index.php\/wp-json\/wp\/v2\/users\/1"}],"replies":[{"embeddable":true,"href":"https:\/\/monde25.info\/index.php\/wp-json\/wp\/v2\/comments?post=19901"}],"version-history":[{"count":0,"href":"https:\/\/monde25.info\/index.php\/wp-json\/wp\/v2\/posts\/19901\/revisions"}],"wp:attachment":[{"href":"https:\/\/monde25.info\/index.php\/wp-json\/wp\/v2\/media?parent=19901"}],"wp:term":[{"taxonomy":"category","embeddable":true,"href":"https:\/\/monde25.info\/index.php\/wp-json\/wp\/v2\/categories?post=19901"},{"taxonomy":"post_tag","embeddable":true,"href":"https:\/\/monde25.info\/index.php\/wp-json\/wp\/v2\/tags?post=19901"}],"curies":[{"name":"wp","href":"https:\/\/api.w.org\/{rel}","templated":true}]}}