{"id":19902,"date":"2025-11-24T09:12:54","date_gmt":"2025-11-24T08:12:54","guid":{"rendered":"https:\/\/monde25.info\/index.php\/2025\/11\/24\/mes-oeuvres-sont-des-ecosystemes-qui-respirent\/"},"modified":"2025-11-24T09:12:54","modified_gmt":"2025-11-24T08:12:54","slug":"mes-oeuvres-sont-des-ecosystemes-qui-respirent","status":"publish","type":"post","link":"https:\/\/monde25.info\/index.php\/2025\/11\/24\/mes-oeuvres-sont-des-ecosystemes-qui-respirent\/","title":{"rendered":"\u00ab Mes \u0153uvres sont des \u00e9cosyst\u00e8mes qui respirent \u00bb"},"content":{"rendered":"<p> <br \/>\n<\/p>\n<div>\n<h4><strong>Victor Cord\u2019homme est un artiste qui m\u00eale couleurs naturelles, autonomie \u00e9nerg\u00e9tique et r\u00e9cup\u2019 pour tisser des liens po\u00e9tiques entre les objets et le vivant. Une fa\u00e7on d\u2019aller \u00e0 l\u2019inverse<a target=\"_blank\" href=\"https:\/\/mrmondialisation.org\/art-bulle-speculative\/\"> de la bulle sp\u00e9culative autour de l\u2019art.<\/a><\/strong><\/h4>\n<p><span style=\"font-weight: 400;\"><strong>Artiste franco-danois,<\/strong> Victor Cord\u2019homme manipule les objets et cimaises de mani\u00e8re incongrue dans un cocktail de couleurs bigarr\u00e9es. <\/span><span style=\"font-weight: 400;\"><strong>Entre l\u2019air, l\u2019\u00e9lectricit\u00e9, les fluides et les mati\u00e8res <\/strong>qui bougent comme bon leur semblent, <strong>Victor donne vie \u00e0 l\u2019inanim\u00e9 dans ses <em>\u00ab installations vivantes <\/em><\/strong><\/span><em><strong>\u00bb<\/strong><\/em><span style=\"font-weight: 400;\"><em><strong>.<\/strong><\/em> E<\/span><span style=\"font-weight: 400;\">xplorant des liens entre l\u2019humain, la nature et la machine, il a mis en \u0153uvre un <strong>travail artistique\u00a0<em>\u00ab juste <\/em><\/strong><\/span><strong><em>\u00bb<\/em>\u00a0<\/strong><span style=\"font-weight: 400;\"> pour qu\u2019il soit le plus \u00e9cologique possible.<\/span><\/p>\n<p><span style=\"font-weight: 400;\">Rencontre avec un cr\u00e9ateur qui <strong><a target=\"_blank\" href=\"https:\/\/mrmondialisation.org\/art-invisuel-courant-art-ecologique\/\">repense la place de l\u2019\u00e9nergie, du mouvement et du vivant<\/a> dans l\u2019art contemporain.<\/strong>\u00a0<\/span><\/p>\n<p><iframe loading=\"lazy\" title=\"Villette Plaine d&#039;Artistes - Victor Cord&#039;homme\" width=\"1110\" height=\"624\" src=\"https:\/\/www.youtube.com\/embed\/AkS76T2RSZc?feature=oembed\" frameborder=\"0\" allow=\"accelerometer; autoplay; clipboard-write; encrypted-media; gyroscope; picture-in-picture; web-share\" referrerpolicy=\"strict-origin-when-cross-origin\" allowfullscreen><\/iframe><\/p>\n<h4><b>Mr Mondialisation : Pouvez-vous nous raconter comment vous \u00eates devenu artiste plasticien ?<\/b><\/h4>\n<p><b>Victor Cord\u2019homme : <\/b><i><span style=\"font-weight: 400;\"><em>\u00ab <\/em>J\u2019ai grandi \u00e0 la campagne, <strong>entour\u00e9 de nature, avec beaucoup d\u2019imagination et de possibilit\u00e9s.<\/strong> D\u2019aussi loin que je me souvienne, <strong>j\u2019ai toujours dessin\u00e9, bricol\u00e9, et invent\u00e9 des choses.\u00a0<\/strong><\/span><\/i><\/p>\n<p><i><span style=\"font-weight: 400;\">Apr\u00e8s le bac, j\u2019ai pris <strong>une ann\u00e9e sabbatique pour voyager en Inde et au N\u00e9pal.<\/strong> Et l\u00e0, je me suis rendu compte que ce qui m\u2019avait le plus manqu\u00e9, c\u2019\u00e9tait la peinture et l\u2019art en g\u00e9n\u00e9ral. <\/span><\/i><i\/><i><span style=\"font-weight: 400;\">De retour en France, j\u2019ai alors <strong>int\u00e9gr\u00e9 les Beaux-Arts de Paris,<\/strong> o\u00f9 j\u2019ai suivi l\u2019atelier de Dominique Gauthier.\u00a0<\/span><\/i><\/p>\n<p><i><span style=\"font-weight: 400;\">J\u2019ai commenc\u00e9 par la <strong>peinture abstraite, une pratique qui m\u2019a conduit vers le volume, la sculpture, le m\u00e9tal, et le bois.<\/strong> Puis petit \u00e0 petit, <strong>j\u2019ai int\u00e9gr\u00e9 des moteurs, des ventilateurs, et toute sorte d\u2019objets r\u00e9cup\u00e9r\u00e9s dans mon art.<\/strong> <strong><em>\u00bb<\/em><\/strong><\/span><\/i><\/p>\n<h4><b>Mr Mondialisation <\/b><b>: Vous \u00e9voquez souvent un tournant \u00e9cologique en 2015, notamment avec votre s\u00e9jour au Canada. Pouvez-vous nous raconter ?\u00a0<\/b><\/h4>\n<p><b>Victor Cord\u2019homme : <\/b><i><em>\u00ab <\/em> <\/i><i>En fait, m<\/i><i><span style=\"font-weight: 400;\">\u00eame si je consid\u00e8re que l\u2019\u00e9cologie<\/span><\/i><span style=\"font-weight: 400;\">\u00a0a \u00e9t\u00e9 une pr\u00e9occupation d\u00e8s l\u2019entr\u00e9e aux beaux-arts, c<\/span><i><span style=\"font-weight: 400;\">\u2019est \u00e0 travers <strong>plusieurs voyages qu\u2019une v\u00e9ritable conscience des enjeux \u00e9cologiques s\u2019est impos\u00e9e dans mon travail.<\/strong> L<\/span><\/i><i><span style=\"font-weight: 400;\">ors de mes p\u00e9riples en Asie, j\u2019ai malheureusement observ\u00e9 \u00e0 quel point le plastique et les <a target=\"_blank\" href=\"https:\/\/mrmondialisation.org\/un-artiste-cree-des-trains-de-dechets-recuperes-dans-la-nature\/\">d\u00e9chets<\/a> \u00e9taient mal g\u00e9r\u00e9s. <\/span><\/i><strong><i>J\u2019ai alors d\u00e9cid\u00e9 de n\u2019utiliser que des mat\u00e9riaux de r\u00e9cup\u00e9ration dans mon art.\u00a0<\/i><\/strong><\/p>\n<blockquote>\n<p><strong><i><em>\u00ab <\/em>D\u00e8s que je trouvais des ventilateurs dans la rue ou sur des sites d\u2019occasions, je les d\u00e9sossais et m\u2019en servais pour une sculpture. <em>\u00bb<\/em><\/i><\/strong><\/p>\n<\/blockquote>\n<p><i><span style=\"font-weight: 400;\">J\u2019aime l\u2019id\u00e9e de flux, j\u2019ai donc \u00e0 ce moment commenc\u00e9 \u00e0 travailler sur <strong>des sculptures faites de ventilateurs qui se soufflent les uns sur les autres pour se mettre en mouvement.<\/strong><\/span><\/i><\/p>\n<p><i><span style=\"font-weight: 400;\">Cette ann\u00e9e-l\u00e0, en 2015, j\u2019ai fait un Erasmus \u00e0 Toronto. J\u2019ai voyag\u00e9 en stop \u00e0 travers le Canada et les \u00c9tats-Unis. Ces exp\u00e9riences ont \u00e9t\u00e9 un d\u00e9clic. J\u2019ai pris conscience que <strong>mon art devait s\u2019ancrer dans une r\u00e9flexion plus large sur notre rapport \u00e0 la mati\u00e8re, \u00e0 l\u2019\u00e9nergie, au cycle de vie des objets.<\/strong> <strong><em>\u00bb<\/em><\/strong><\/span><\/i><\/p>\n<figure id=\"attachment_1108452\" aria-describedby=\"caption-attachment-1108452\" style=\"width: 1024px\" class=\"wp-caption alignnone\"><img fetchpriority=\"high\" decoding=\"async\" class=\"wp-image-1108452 size-medium\" src=\"https:\/\/mrmondialisation.org\/wp-content\/uploads\/2025\/10\/oeuvre-victor-1-11zon-1024x646.jpg\" alt=\"Avec toutes autorisations - @VictorCordhomme\" width=\"1024\" height=\"646\" srcset=\"https:\/\/mrmondialisation.org\/wp-content\/uploads\/2025\/10\/oeuvre-victor-1-11zon-1024x646.jpg 1024w, https:\/\/mrmondialisation.org\/wp-content\/uploads\/2025\/10\/oeuvre-victor-1-11zon-1524x962.jpg 1524w, https:\/\/mrmondialisation.org\/wp-content\/uploads\/2025\/10\/oeuvre-victor-1-11zon-768x485.jpg 768w, https:\/\/mrmondialisation.org\/wp-content\/uploads\/2025\/10\/oeuvre-victor-1-11zon-1536x969.jpg 1536w, https:\/\/mrmondialisation.org\/wp-content\/uploads\/2025\/10\/oeuvre-victor-1-11zon-2048x1293.jpg 2048w, https:\/\/mrmondialisation.org\/wp-content\/uploads\/2025\/10\/oeuvre-victor-1-11zon-696x439.jpg 696w, https:\/\/mrmondialisation.org\/wp-content\/uploads\/2025\/10\/oeuvre-victor-1-11zon-1068x674.jpg 1068w, https:\/\/mrmondialisation.org\/wp-content\/uploads\/2025\/10\/oeuvre-victor-1-11zon-665x420.jpg 665w\" sizes=\"(max-width: 1024px) 100vw, 1024px\"\/><figcaption id=\"caption-attachment-1108452\" class=\"wp-caption-text\">Avec toutes autorisations \u2013 @VictorCordhomme<\/figcaption><\/figure>\n<h4><b>Mr Mondialisation <\/b><b>: <\/b><b>Comment d\u00e9cririez-vous votre univers artistique \u00e0 quelqu\u2019un qui vous d\u00e9couvre ?<\/b><\/h4>\n<p><b>Victor Cord\u2019homme :<\/b> <i><span style=\"font-weight: 400;\"><em>\u00ab <\/em>Je dirais que mon univers est de l\u2019ordre de <\/span><\/i><b><i>l\u2019installation vivante<\/i><\/b><i><span style=\"font-weight: 400;\">. Mes peintures, mes sculptures, mes objets se vivent. <\/span><\/i><\/p>\n<p><i><span style=\"font-weight: 400;\">Ce sont des \u201cpossibles\u201d, <strong>des fen\u00eatres ouvertes sur le monde.<\/strong> Je parle de flux : d\u2019\u00e9nergie, de couleur, de mouvement. Tout est li\u00e9 \u2013 de la marguerite au bulldozer, de la chaise Ikea \u00e0 la vitrine pour des marques. J\u2019aime construire un <\/span><\/i><b><i>art-monde<\/i><\/b><i><span style=\"font-weight: 400;\">, o\u00f9 chaque \u0153uvre fait \u00e9cho \u00e0 une autre. <strong>En surface, c\u2019est po\u00e9tique et l\u00e9ger ; en profondeur, il y a une r\u00e9flexion plus sombre sur notre \u00e9poque.<\/strong>\u00a0<strong><em>\u00bb<\/em><\/strong><\/span><\/i><\/p>\n<figure id=\"attachment_1108457\" aria-describedby=\"caption-attachment-1108457\" style=\"width: 1024px\" class=\"wp-caption alignnone\"><img loading=\"lazy\" decoding=\"async\" class=\"wp-image-1108457 size-medium\" src=\"https:\/\/mrmondialisation.org\/wp-content\/uploads\/2025\/10\/oeuvre-victor-3-11zon-1024x685.jpg\" alt=\"Avec toutes autorisations - @VictorCordhomme\" width=\"1024\" height=\"685\" srcset=\"https:\/\/mrmondialisation.org\/wp-content\/uploads\/2025\/10\/oeuvre-victor-3-11zon-1024x685.jpg 1024w, https:\/\/mrmondialisation.org\/wp-content\/uploads\/2025\/10\/oeuvre-victor-3-11zon-1524x1020.jpg 1524w, https:\/\/mrmondialisation.org\/wp-content\/uploads\/2025\/10\/oeuvre-victor-3-11zon-768x514.jpg 768w, https:\/\/mrmondialisation.org\/wp-content\/uploads\/2025\/10\/oeuvre-victor-3-11zon-1536x1028.jpg 1536w, https:\/\/mrmondialisation.org\/wp-content\/uploads\/2025\/10\/oeuvre-victor-3-11zon-2048x1370.jpg 2048w, https:\/\/mrmondialisation.org\/wp-content\/uploads\/2025\/10\/oeuvre-victor-3-11zon-696x466.jpg 696w, https:\/\/mrmondialisation.org\/wp-content\/uploads\/2025\/10\/oeuvre-victor-3-11zon-1068x714.jpg 1068w, https:\/\/mrmondialisation.org\/wp-content\/uploads\/2025\/10\/oeuvre-victor-3-11zon-628x420.jpg 628w\" sizes=\"auto, (max-width: 1024px) 100vw, 1024px\"\/><figcaption id=\"caption-attachment-1108457\" class=\"wp-caption-text\">Avec toutes autorisations \u2013 @VictorCordhomme<\/figcaption><\/figure>\n<h4><b>Mr Mondialisation <\/b><b>: <\/b><b>Pouvez-vous nous parler du projet du bulldozer et de la marguerite justement ?<\/b><\/h4>\n<p><b>Victor Cord\u2019homme : <\/b><em>\u00ab <\/em><i><span style=\"font-weight: 400;\">C\u2019est <strong>une s\u00e9rie n\u00e9e en 2016, \u00e0 mon retour du Canada,<\/strong> moment o\u00f9 j\u2019ai commenc\u00e9 \u00e0 amener de la figuration dans mon travail. <\/span><\/i><i><span style=\"font-weight: 400;\">J\u2019ai peint une grande toile repr\u00e9sentant des marguerites en pot face \u00e0 des bulldozers. <\/span><\/i><\/p>\n<div class=\"td-a-rec td-a-rec-id-content_inline  tdi_1 td_block_template_1\">\n<center><a target=\"_blank\" href=\"https:\/\/fr.tipeee.com\/mr-mondialisation\" class=\"tipeee-project-small\">Je m&rsquo;abonne \u00e0 Mr Mondialisation<\/a>&#13;<br \/>\n<\/center>&amp;nbsp<\/div>\n<blockquote>\n<p><strong><i><em>\u00ab <\/em>L\u2019id\u00e9e \u00e9tait simple : montrer le paradoxe entre la nature que l\u2019on d\u00e9truit pour construire, et que l\u2019on r\u00e9introduit ensuite artificiellement dans nos int\u00e9rieurs. <em>\u00bb<\/em><\/i><\/strong><\/p>\n<\/blockquote>\n<p><i><span style=\"font-weight: 400;\">De l\u00e0 est n\u00e9e une sculpture : <strong>un <\/strong><\/span><\/i><strong><i>bulldozer \u00e0 p\u00e9dales<\/i><\/strong><i><span style=\"font-weight: 400;\"><strong>, une machine absurde qui cherche une marguerite g\u00e9ante pour s\u2019en occuper.<\/strong>\u00a0La vid\u00e9o qui en a r\u00e9sult\u00e9 est devenue embl\u00e9matique de mon travail : <strong>le dialogue entre la nature et la machine, entre force et fragilit\u00e9.\u00a0<\/strong><\/span><\/i><\/p>\n<p><i><span style=\"font-weight: 400;\">Cette th\u00e9matique est devenue un fil rouge que j\u2019ai \u00e9tir\u00e9 pendant plusieurs ann\u00e9es. Dans un atelier collectif \u00e0 Pantin, les grandes serres \u2013 une ancienne usine de tube de m\u00e9tal, <strong>j\u2019ai r\u00e9cup\u00e9r\u00e9 plein de mati\u00e8res en m\u00e9tal pour en faire des marguerites g\u00e9antes. <em>\u00bb<\/em><\/strong><\/span><\/i><\/p>\n<p><iframe loading=\"lazy\" title=\"Victor Cord&#039;homme - Le Bulldozer et la Marguerite\" width=\"1110\" height=\"624\" src=\"https:\/\/www.youtube.com\/embed\/9phata95RMM?feature=oembed\" frameborder=\"0\" allow=\"accelerometer; autoplay; clipboard-write; encrypted-media; gyroscope; picture-in-picture; web-share\" referrerpolicy=\"strict-origin-when-cross-origin\" allowfullscreen><\/iframe><\/p>\n<p>[ndlr : Pour retrouver le film en entier <a target=\"_blank\" href=\"https:\/\/vimeo.com\/875627866\">Bulldozer et Marguerite<\/a> avec le\u00a0mot de passe : bulldozer]<\/p>\n<h4><b>Mr Mondialisation <\/b><b>: <\/b><b\/><b> En 2017, vous avez pr\u00e9sent\u00e9 une exposition autour des ventilateurs. Quelle en \u00e9tait la d\u00e9marche ?<\/b><\/h4>\n<p><b>Victor Cord\u2019homme : <\/b><i><span style=\"font-weight: 400;\"><em>\u00ab <\/em>C\u2019\u00e9tait ma premi\u00e8re exposition solo, \u00e0 Paris.<strong> J\u2019avais install\u00e9 25 sculptures de ventilateurs qui fonctionnaient en continu.<\/strong> Mais je me suis vite rendu compte que c\u2019\u00e9tait absurde : <strong>ils tournaient m\u00eame quand personne ne les regardait.<\/strong><\/span><\/i><i><span style=\"font-weight: 400;\"><br \/><\/span><\/i><\/p>\n<p><i><span style=\"font-weight: 400;\">J\u2019ai alors voulu <strong>cr\u00e9er une exposition qui respectait l\u2019id\u00e9ologie de sobri\u00e9t\u00e9 tout en \u00e9tant\u00a0 \u201cvivante\u201d, \u00e9volutive, o\u00f9 les \u0153uvres s\u2019activent seulement en pr\u00e9sence du public.<\/strong> Avec des programmeurs, nous avons ajout\u00e9 des capteurs pour que les sculptures r\u00e9agissent au nombre de visiteurs, \u00e0 la lumi\u00e8re, \u00e0 l\u2019heure du jour.<\/span><\/i><\/p>\n<p><i><span style=\"font-weight: 400;\">Double avantage : Cela \u00e9vite le gaspillage, mais rend aussi chaque visite unique. <strong>L\u2019espace devient organique, un peu comme une rue o\u00f9 l\u2019ambiance change selon le temps et le moment. <\/strong><strong><em>\u00bb<\/em><\/strong><\/span><\/i><\/p>\n<h4><b>Mr Mondialisation <\/b><b>:<\/b><b> Votre exposition aux Tanneries en 2023 prolongeait cette r\u00e9flexion \u00e9nerg\u00e9tique ?<\/b><\/h4>\n<p><b>Victor Cord\u2019homme : <\/b><em>\u00ab <\/em><i><span style=\"font-weight: 400;\">Exactement. J\u2019ai eu la chance d\u2019investir une grande verri\u00e8re dans ce centre d\u2019art contemporain pr\u00e8s de Montargis. <\/span><\/i><\/p>\n<blockquote>\n<p><strong><i><em>\u00ab <\/em>J\u2019y ai install\u00e9 un dispositif aliment\u00e9 uniquement par des <\/i><i>panneaux solaires<\/i><i> et des <\/i><i>batteries recycl\u00e9es<\/i><i>. Tout \u00e9tait autonome : rien n\u2019\u00e9tait branch\u00e9 sur le r\u00e9seau. <em>\u00bb<\/em><\/i><\/strong><\/p>\n<\/blockquote>\n<p><em><span style=\"font-weight: 400;\">J\u2019ai vraiment aim\u00e9 le c\u00f4t\u00e9 \u00ab\u00a0<\/span><span style=\"font-weight: 400;\">autarcie<\/span><span style=\"font-weight: 400;\">\u00a0\u00bb de ce projet, <strong>rien n\u2019\u00e9tait connect\u00e9 \u00e0 EDF, c\u2019\u00e9tait une bulle autoaliment\u00e9e.<\/strong> Il y avait juste l\u2019\u00e9nergie de l\u2019int\u00e9rieur qui vient vers l\u2019ext\u00e9rieur et alimente tout. <\/span><span style=\"font-weight: 400;\"><strong>J\u2019aime cette id\u00e9e d\u2019un art autosuffisant, qui interroge notre consommation d\u2019\u00e9nergie et ouvre des es<\/strong><\/span><\/em><i><span style=\"font-weight: 400;\"><strong>paces alternatifs de consommation.<\/strong><\/span><\/i><\/p>\n<p><i><span style=\"font-weight: 400;\">Mes pi\u00e8ces cherchent \u00e0 \u00eatre organiques. <strong>C\u2019est un peu comme si on rencontrait une personne : il y a cette dimension plus humaine, animale, parfois, on est fatigu\u00e9, parfois non.<\/strong> Parfois, comme une batterie, on se vide compl\u00e8tement. <em>\u00bb<\/em><\/span><\/i><\/p>\n<p><iframe loading=\"lazy\" title=\"Victor Cord&#039;homme - N.O.\u00c9.\" width=\"1110\" height=\"624\" src=\"https:\/\/www.youtube.com\/embed\/rJzIbARsWcA?feature=oembed\" frameborder=\"0\" allow=\"accelerometer; autoplay; clipboard-write; encrypted-media; gyroscope; picture-in-picture; web-share\" referrerpolicy=\"strict-origin-when-cross-origin\" allowfullscreen><\/iframe><\/p>\n<h4><b>Mr Mondialisation <\/b><b>:<\/b><b> <\/b><b> Vous avez aussi travaill\u00e9 sur un \u00ab pissenlit g\u00e9ant <strong>\u00bb<\/strong> ?<\/b><\/h4>\n<p><b>Victor Cord\u2019homme : <\/b><em>\u00ab <\/em><i><span style=\"font-weight: 400;\">Oui, c\u2019est une \u0153uvre participative. Le spectateur souffle sur la sculpture, ce qui g\u00e9n\u00e8re de l\u2019\u00e9nergie pour d\u2019autres pi\u00e8ces. <\/span><\/i><i><span style=\"font-weight: 400;\">L\u2019id\u00e9e, c\u2019est de parler du <\/span><\/i><b><i>partage d\u2019\u00e9nergie<\/i><\/b><i><span style=\"font-weight: 400;\"> : <strong>donner un peu de soi pour donner vie \u00e0 autre chose.<\/strong> <\/span><\/i><\/p>\n<p><i><span style=\"font-weight: 400;\">Mon m\u00e9moire portait d\u2019ailleurs sur l\u2019esclavage \u00e9nerg\u00e9tique. <strong>Cette \u0153uvre questionne notre rapport \u00e0 la d\u00e9pense, \u00e0 la vitalit\u00e9, \u00e0 la solidarit\u00e9 \u00e9nerg\u00e9tique et montre comment on pourrait faire autrement. <\/strong><strong><em>\u00bb<\/em><\/strong><\/span><\/i><\/p>\n<h4><b>Mr Mondialisation <\/b><b>:<\/b><b> <\/b><b>Y a-t-il une part d\u2019engagement dans votre travail ?<\/b><\/h4>\n<p><b>Victor Cord\u2019homme :\u00a0<\/b><i><span style=\"font-weight: 400;\"><em>\u00ab <\/em>Je ne me consid\u00e8re pas comme un artiste engag\u00e9 politiquement. Mais il y a une <\/span><\/i><b><i>forme de responsabilit\u00e9 \u00e9cologique<\/i><\/b><i><span style=\"font-weight: 400;\">. <\/span><\/i><i><span style=\"font-weight: 400;\"><strong>Mon engagement, c\u2019est plut\u00f4t une question de justesse : faire attention \u00e0 ce qu\u2019on utilise, \u00e0 ce qu\u2019on transmet et ce qu\u2019on <a target=\"_blank\" href=\"https:\/\/mrmondialisation.org\/le-monde-dapres-imagine-par-60-intellectuels-et-artistes-dans-un-recueil-illustre\/\">laisse apr\u00e8s.<\/a> <\/strong><\/span><\/i><\/p>\n<p><i><span style=\"font-weight: 400;\"><strong>C\u2019est une forme d\u2019\u00e9thique.<\/strong> Concernant les mat\u00e9riaux par exemple, je refuse d\u2019utiliser du plexiglas ou de faire tourner un four \u00e0 c\u00e9ramique pour une micro pi\u00e8ce. <strong>C\u2019est de l\u2019ordre du devoir ou de la responsabilit\u00e9 plut\u00f4t. <\/strong><strong><em>\u00bb<\/em><\/strong><\/span><\/i><\/p>\n<figure id=\"attachment_1108500\" aria-describedby=\"caption-attachment-1108500\" style=\"width: 696px\" class=\"wp-caption alignnone\"><img loading=\"lazy\" decoding=\"async\" class=\"size-large wp-image-1108500\" src=\"https:\/\/mrmondialisation.org\/wp-content\/uploads\/2025\/10\/victor-c-11zon-1524x1016.jpg\" alt=\"Avec toutes autorisations - @Victor Cord'homme\" width=\"696\" height=\"464\" srcset=\"https:\/\/mrmondialisation.org\/wp-content\/uploads\/2025\/10\/victor-c-11zon-1524x1016.jpg 1524w, https:\/\/mrmondialisation.org\/wp-content\/uploads\/2025\/10\/victor-c-11zon-1024x683.jpg 1024w, https:\/\/mrmondialisation.org\/wp-content\/uploads\/2025\/10\/victor-c-11zon-768x512.jpg 768w, https:\/\/mrmondialisation.org\/wp-content\/uploads\/2025\/10\/victor-c-11zon-1536x1024.jpg 1536w\" sizes=\"auto, (max-width: 696px) 100vw, 696px\"\/><figcaption id=\"caption-attachment-1108500\" class=\"wp-caption-text\">Avec toutes autorisations \u2013 @Victor Cord\u2019homme<\/figcaption><\/figure>\n<h4><b>Mr Mondialisation <\/b><b>:<\/b><b> <\/b><b> Peut-on dire que votre art a une vocation holistique ?<\/b><\/h4>\n<p><b>Victor Cord\u2019homme : <\/b><i><em>\u00ab <\/em><\/i><i><span style=\"font-weight: 400;\">Oui, compl\u00e8tement. J\u2019aime imaginer mes \u0153uvres comme les parties d\u2019un tout plus vaste. <strong>Chaque sculpture, chaque peinture m\u2019emm\u00e8ne ailleurs, ouvre sur une autre id\u00e9e. <\/strong><\/span><\/i><i\/><i><span style=\"font-weight: 400;\">M\u00eame quand je travaille pour une marque, je garde cette d\u00e9marche. <\/span><\/i><\/p>\n<p><i><span style=\"font-weight: 400;\">Par exemple, j\u2019ai propos\u00e9 un projet autour d\u2019une \u201c<\/span><\/i><span style=\"font-weight: 400;\">space banana<\/span><i><span style=\"font-weight: 400;\">\u201d, une banane cultiv\u00e9e dans l\u2019espace : un fruit banal, mais charg\u00e9 de sens. <strong>Cela interroge nos habitudes, notre rapport \u00e0 la distance, \u00e0 la nature d\u00e9territorialis\u00e9e<\/strong><\/span><\/i><span style=\"font-weight: 400;\"><strong>.<\/strong> <\/span><i><span style=\"font-weight: 400;\">Aucune pi\u00e8ce n\u2019est compl\u00e8tement ovni, car apr\u00e8s elle se fait rattraper par pleins d\u2019autres.<\/span><\/i><span style=\"font-weight: 400;\"> <i><em>\u00bb<\/em><\/i><\/span><\/p>\n<h4><b>Mr Mondialisation <\/b><b>:<\/b><b> <\/b><b> Selon vous, comment l\u2019art et les enjeux environnementaux peuvent-ils se nourrir mutuellement ?<\/b><\/h4>\n<p><b>Victor Cord\u2019homme : <\/b><i><em>\u00ab<\/em><\/i> <i>L\u2019art parle du pr\u00e9sent. <strong>Il me semble impossible aujourd\u2019hui de cr\u00e9er sans \u00e9voquer, d\u2019une mani\u00e8re ou d\u2019une autre, les enjeux environnementaux. <\/strong><\/i><i><span style=\"font-weight: 400;\">Beaucoup d\u2019artistes m\u2019inspirent, comme <a target=\"_blank\" href=\"https:\/\/susumushingu.com\/en\/\">Susumu Shingu<\/a>, qui cr\u00e9e des sculptures-mobiles alimentant des b\u00e2timents, ou <a target=\"_blank\" href=\"https:\/\/theomercier.com\/\">Th\u00e9o Mercier<\/a>, dont les \u0153uvres en sable retournent \u00e0 l\u2019\u00e9tat de mati\u00e8re.\u00a0<\/span><\/i><\/p>\n<p><i><span style=\"font-weight: 400;\">J\u2019ai d\u2019ailleurs remport\u00e9 en 2024 le prix <a target=\"_blank\" href=\"https:\/\/artofchange21.com\/fr\/portfolio-items\/prix-art-eco-conception\/#:~:text=En%202025%2C%20le%20Prix%20Art,2025%20au%20Palais%20de%20Tokyo\">Art of Change<\/a>, d\u00e9di\u00e9 \u00e0 l\u2019art \u00e9cocon\u00e7u. Cela m\u2019a permis de <strong>rencontrer d\u2019autres artistes anim\u00e9s par la m\u00eame envie de proposer une pratique plus juste. <\/strong><\/span><\/i><em>Pour moi, ce sont deux mondes qui se poussent vers le haut et qui sont dans le partage. <i>\u00bb<\/i><\/em><\/p>\n<blockquote>\n<p><strong><i><b><em>\u00ab<\/em><\/b> L\u2019art parle du pr\u00e9sent. Il me semble impossible aujourd\u2019hui de cr\u00e9er sans \u00e9voquer, d\u2019une mani\u00e8re ou d\u2019une autre, les enjeux environnementaux. <em>\u00bb<\/em><\/i><\/strong><\/p>\n<\/blockquote>\n<h4><b>Mr Mondialisation <\/b><b>:<\/b><b> <\/b><b> <\/b><b>Vous parlez souvent du \u201clien\u201d. Quelle est son importance dans votre d\u00e9marche ?<\/b><\/h4>\n<p><b>Victor Cord\u2019homme : <\/b><i><span style=\"font-weight: 400;\"><strong><b><em>\u00ab<\/em><\/b> Le lien, c\u2019est essentiel. Que ce soit entre les \u0153uvres, entre les gens, entre les \u00e9nergies.<\/strong> J\u2019ai beaucoup voyag\u00e9, j\u2019ai des amis un peu partout, et cette ouverture nourrit mon travail. Cr\u00e9er, c\u2019est relier. Imaginer que deux personnes puissent construire ensemble \u00e0 distance, c\u2019est beau. <strong>Mes \u0153uvres parlent de \u00e7a : de transmission, d\u2019interconnexion. <em>\u00bb<\/em><\/strong><\/span><\/i><\/p>\n<h4><b>Mr Mondialisation <\/b><b>:<\/b><b> <\/b><b> <\/b><b>Sinon, tu as un plaisir coupable pas du tout \u00e9colo ?<\/b><\/h4>\n<p><b>Victor Cord\u2019homme : <\/b><i><em>\u00ab <\/em><\/i><i><span style=\"font-weight: 400;\">(Rires.) <strong>J\u2019adore les voitures. J\u2019en ai une et je l\u2019utilise pour aller chercher des mat\u00e9riaux et des objets.<\/strong> C\u2019est un objet fascinant, presque organique.<\/span><\/i><i\/><i> <\/i><\/p>\n<p><i><span style=\"font-weight: 400;\">J\u2019\u00e9vite l\u2019avion autant que possible, mais je ne veux pas \u00eatre dans la culpabilit\u00e9. <strong>Ce qui compte, c\u2019est d\u2019avoir conscience de ce qu\u2019on fait, et de compenser par des gestes justes. <\/strong><\/span><\/i><strong><em><i>\u00bb<\/i><\/em><\/strong><\/p>\n<h4><b>Mr Mondialisation <\/b><b>:<\/b><b> <\/b><b> <\/b><b> Est-ce qu\u2019on peut dire que tu es animiste avec les objets ?<\/b><\/h4>\n<p><b>Victor Cord\u2019homme :<\/b>\u00a0<i><span style=\"font-weight: 400;\"><em>\u00ab<\/em> D\u2019une certaine fa\u00e7on, oui. <strong>Je ne repr\u00e9sente pas d\u2019humains, mais des objets. Pour moi, ils sont vivants, charg\u00e9s d\u2019\u00e9nergie. <\/strong><\/span><\/i><i><span style=\"font-weight: 400;\">En ce moment, je d\u00e9monte des imprimantes pour mes sculptures : <strong>c\u2019est dr\u00f4le et fascinant de voir la m\u00e9canique interne, les petits organes de ces machines.<\/strong> Pour moi, <\/span><\/i><i><span style=\"font-weight: 400;\">tout est habit\u00e9, tout a une forme de vie.<\/span><\/i><span style=\"font-weight: 400;\"> <em><i>\u00bb<\/i><\/em><\/span><\/p>\n<figure id=\"attachment_1108452\" aria-describedby=\"caption-attachment-1108452\" style=\"width: 696px\" class=\"wp-caption alignnone\"><img loading=\"lazy\" decoding=\"async\" class=\"wp-image-1108452 size-large\" src=\"https:\/\/mrmondialisation.org\/wp-content\/uploads\/2025\/10\/oeuvre-victor-1-11zon-1524x962.jpg\" alt=\"Avec toutes autorisations - @VictorCordhomme\" width=\"696\" height=\"439\" srcset=\"https:\/\/mrmondialisation.org\/wp-content\/uploads\/2025\/10\/oeuvre-victor-1-11zon-1524x962.jpg 1524w, https:\/\/mrmondialisation.org\/wp-content\/uploads\/2025\/10\/oeuvre-victor-1-11zon-1024x646.jpg 1024w, https:\/\/mrmondialisation.org\/wp-content\/uploads\/2025\/10\/oeuvre-victor-1-11zon-768x485.jpg 768w, https:\/\/mrmondialisation.org\/wp-content\/uploads\/2025\/10\/oeuvre-victor-1-11zon-1536x969.jpg 1536w, https:\/\/mrmondialisation.org\/wp-content\/uploads\/2025\/10\/oeuvre-victor-1-11zon-2048x1293.jpg 2048w, https:\/\/mrmondialisation.org\/wp-content\/uploads\/2025\/10\/oeuvre-victor-1-11zon-696x439.jpg 696w, https:\/\/mrmondialisation.org\/wp-content\/uploads\/2025\/10\/oeuvre-victor-1-11zon-1068x674.jpg 1068w, https:\/\/mrmondialisation.org\/wp-content\/uploads\/2025\/10\/oeuvre-victor-1-11zon-665x420.jpg 665w\" sizes=\"auto, (max-width: 696px) 100vw, 696px\"\/><figcaption id=\"caption-attachment-1108452\" class=\"wp-caption-text\">Avec toutes autorisations \u2013 @VictorCordhomme<\/figcaption><\/figure>\n<h4><b>Mr Mondialisation <\/b><b>:<\/b><b> <\/b><b> <\/b><b> <\/b><b>Des projets \u00e0 venir ?<\/b><\/h4>\n<p><b>Victor Cord\u2019homme : <\/b><i><em>\u00ab <\/em><\/i><i><span style=\"font-weight: 400;\">Je travaille sur une s\u00e9rie autour de la <\/span><\/i><b><i>chaise Ikea<\/i><\/b><i><span style=\"font-weight: 400;\">, un objet universel. <\/span><\/i><strong>Tout le monde a une chaise Ikea, ou un truc qui vient de cette enseigne. C\u2019est le truc qui nous relie le plus au final. <\/strong><i><span style=\"font-weight: 400;\">On est tous un peu des petites chaises diff\u00e9rentes, mais \u00e7a nous permet aussi de nous d\u00e9placer. On est toujours sur une chaise ou un si\u00e8ge. <strong>On s\u2019assoit pour se d\u00e9placer, c\u2019est \u00e9trange.\u00a0<\/strong><\/span><\/i><\/p>\n<p><i><span style=\"font-weight: 400;\">Je les refais en bois massif, en version g\u00e9ante ou bancale. <strong>J\u2019aimerais aussi cr\u00e9er une exposition ouverte 24h\/24, o\u00f9 les sculptures \u00e9volueraient selon la pr\u00e9sence du public.<\/strong><\/span><\/i><i><span style=\"font-weight: 400;\"><br \/><\/span><\/i><i><span style=\"font-weight: 400;\"> Je note plein d\u2019id\u00e9es : des \u0153uvres sonores, des installations sensibles. Ce qui m\u2019int\u00e9resse, c\u2019est de tester les conditions du possible. <em>\u00bb<\/em><\/span><\/i><\/p>\n<p><b>Pour d\u00e9couvrir le travail de Victor Cord\u2019homme, c\u2019est possible sur <a target=\"_blank\" href=\"https:\/\/www.victorcordhomme.com\/\" target=\"_blank\" rel=\"noopener\">son site internet<\/a> ou sur <a target=\"_blank\" href=\"https:\/\/www.instagram.com\/victor.cordhomme\/\">Instagram.<\/a>\u00a0<\/b><\/p>\n<p style=\"text-align: right;\"><em>\u2013\u00a0 <strong>Maureen Damman<\/strong><\/em><\/p>\n<div class=\"td-a-rec td-a-rec-id-content_bottom  tdi_2 td_block_template_1\">\n<span class=\"td-adspot-title\">&#8211; Cet article gratuit, ind\u00e9pendant et sans IA existe gr\u00e2ce aux abonn\u00e9s &#8211;<\/span><\/p>\n<div class=\"td-all-devices\">\n    <a target=\"_blank\" href=\"https:\/\/mrmondialisation.org\/donation\/\" title=\"Faire_un_don\"><img decoding=\"async\" class=\"donationArticle\" src=\"https:\/\/mrmondialisation.org\/wp-content\/uploads\/2022\/12\/220405-flikalicious-final.jpg\" alt=\"Donation\"\/><\/a>\n<\/div>\n<\/div><\/div>\n<p><script async defer src=\"https:\/\/platform.instagram.com\/en_US\/embeds.js\"><\/script><br \/>\n<br \/><br \/>\n<br \/><a href=\"https:\/\/mrmondialisation.org\/victor-cordhomme-oeuvres-ecosystemes\/\" target=\"_blank\"\">Source link <\/a><\/p>\n","protected":false},"excerpt":{"rendered":"<p>Victor Cord\u2019homme est un artiste qui m\u00eale couleurs naturelles, autonomie \u00e9nerg\u00e9tique et r\u00e9cup\u2019 pour tisser des liens po\u00e9tiques entre les objets et le vivant. Une fa\u00e7on d\u2019aller \u00e0 l\u2019inverse de&hellip; <\/p>\n","protected":false},"author":1,"featured_media":19903,"comment_status":"open","ping_status":"open","sticky":false,"template":"","format":"standard","meta":{"footnotes":""},"categories":[1],"tags":[],"class_list":["post-19902","post","type-post","status-publish","format-standard","has-post-thumbnail","hentry","category-non-classe"],"_links":{"self":[{"href":"https:\/\/monde25.info\/index.php\/wp-json\/wp\/v2\/posts\/19902","targetHints":{"allow":["GET"]}}],"collection":[{"href":"https:\/\/monde25.info\/index.php\/wp-json\/wp\/v2\/posts"}],"about":[{"href":"https:\/\/monde25.info\/index.php\/wp-json\/wp\/v2\/types\/post"}],"author":[{"embeddable":true,"href":"https:\/\/monde25.info\/index.php\/wp-json\/wp\/v2\/users\/1"}],"replies":[{"embeddable":true,"href":"https:\/\/monde25.info\/index.php\/wp-json\/wp\/v2\/comments?post=19902"}],"version-history":[{"count":0,"href":"https:\/\/monde25.info\/index.php\/wp-json\/wp\/v2\/posts\/19902\/revisions"}],"wp:featuredmedia":[{"embeddable":true,"href":"https:\/\/monde25.info\/index.php\/wp-json\/wp\/v2\/media\/19903"}],"wp:attachment":[{"href":"https:\/\/monde25.info\/index.php\/wp-json\/wp\/v2\/media?parent=19902"}],"wp:term":[{"taxonomy":"category","embeddable":true,"href":"https:\/\/monde25.info\/index.php\/wp-json\/wp\/v2\/categories?post=19902"},{"taxonomy":"post_tag","embeddable":true,"href":"https:\/\/monde25.info\/index.php\/wp-json\/wp\/v2\/tags?post=19902"}],"curies":[{"name":"wp","href":"https:\/\/api.w.org\/{rel}","templated":true}]}}