{"id":19910,"date":"2025-11-24T11:24:32","date_gmt":"2025-11-24T10:24:32","guid":{"rendered":"https:\/\/monde25.info\/index.php\/2025\/11\/24\/apres-une-evasion-invraisemblable-darmanin-appelle-a-une-reforme-de-la-loi-sur-lexecution-des-peines-rt-en-francais\/"},"modified":"2025-11-24T11:24:32","modified_gmt":"2025-11-24T10:24:32","slug":"apres-une-evasion-invraisemblable-darmanin-appelle-a-une-reforme-de-la-loi-sur-lexecution-des-peines-rt-en-francais","status":"publish","type":"post","link":"https:\/\/monde25.info\/index.php\/2025\/11\/24\/apres-une-evasion-invraisemblable-darmanin-appelle-a-une-reforme-de-la-loi-sur-lexecution-des-peines-rt-en-francais\/","title":{"rendered":"Apr\u00e8s une \u00e9vasion invraisemblable, Darmanin appelle \u00e0 une r\u00e9forme de la loi sur l\u2019ex\u00e9cution des peines \u2014 RT en fran\u00e7ais"},"content":{"rendered":"<p> <br \/>\n<br \/><img decoding=\"async\" src=\"https:\/\/mf.b37mrtl.ru\/french\/images\/2025.11\/thumbnail\/69242cac6f7ccc23fa0f2120.png\" \/><\/p>\n<div>\n<p class=\"text__summary\">\n                                        \u00c0 la suite de l\u2019autorisation de sortie accord\u00e9e \u00e0 un narcotrafiquant d\u00e9tenu \u00e0 Vendin-le-Vieil, qui s\u2019\u00e9tait \u00e9vad\u00e9 en 2014 lors d\u2019un transfert m\u00e9dical, le ministre de la Justice G\u00e9rald Darmanin propose une refonte des r\u00e8gles d\u2019application des peines pour les criminels organis\u00e9s. Il vise un droit sp\u00e9cifique inspir\u00e9 de celui du terrorisme.\n                                    <\/p>\n<p>Le garde des Sceaux r\u00e9agit \u00e0 la pol\u00e9mique suscit\u00e9e par la permission de sortie \u00ab travail \u00bb octroy\u00e9e \u00e0 un baron du narcotrafic incarc\u00e9r\u00e9 dans un quartier de haute s\u00e9curit\u00e9 \u00e0 Vendin-le-Vieil, dans le Pas-de-Calais, malgr\u00e9 son pass\u00e9 d\u2019\u00e9vasion spectaculaire en 2014.<\/p>\n<p>G\u00e9rald Darmanin a exprim\u00e9 dans un long message sur X son souhait de revoir en profondeur le cadre l\u00e9gislatif : \u00ab\u00a0<a target=\"_blank\" href=\"https:\/\/francais.rt.com\/france\/123290-narcotrafic-france-darmanin-annonce-premiers\">L\u2019\u00e9pisode concernant le d\u00e9tenu de la prison de haute s\u00e9curit\u00e9 de Vendin-le-Vieil<\/a> met en lumi\u00e8re un enjeu plus large : notre cadre l\u00e9gislatif d\u2019application des peines doit \u00eatre pleinement revu face aux r\u00e9alit\u00e9s de la grande criminalit\u00e9 organis\u00e9e. \u00bb<\/p>\n<p>Il ajoute que \u00ab ces profils particuli\u00e8rement structur\u00e9s et dangereux exigent des outils juridiques diff\u00e9rents et une vigilance toute particuli\u00e8re \u00bb.<\/p>\n<div class=\"rtcode\">\n<blockquote class=\"twitter-tweet\">\n<p lang=\"fr\" dir=\"ltr\">La d\u00e9cision d\u2019accorder une permission de sortir rel\u00e8ve de l\u2019autorit\u00e9 judiciaire, qui statue de fa\u00e7on ind\u00e9pendante. En tant que garde des Sceaux, je ne commente jamais une d\u00e9cision individuelle d\u2019un juge, malgr\u00e9 l\u2019opposition du procureur de la R\u00e9publique et du chef d\u2019\u00e9tablissement\u2026<\/p>\n<p>\u2014 G\u00e9rald DARMANIN (@GDarmanin) <a target=\"_blank\" href=\"https:\/\/twitter.com\/GDarmanin\/status\/1992611849779532098?ref_src=twsrc%5Etfw\">November 23, 2025<\/a><\/p><\/blockquote>\n<\/div>\n<p><a target=\"_blank\" href=\"https:\/\/x.com\/GDarmanin\/status\/1992611849779532098?s=20\"\/>Cette d\u00e9claration intervient apr\u00e8s l\u2019octroi d\u2019une permission de sortie \u00e0 un d\u00e9tenu de 52 ans, consid\u00e9r\u00e9 comme l\u2019un des 100 plus dangereux de France, condamn\u00e9 en 2012 \u00e0 huit ans pour trafic de stup\u00e9fiants. En 2014, un commando arm\u00e9 avait attaqu\u00e9 son escorte lors d\u2019un transfert \u00e0 l\u2019h\u00f4pital de Saint-Denis, lui permettant de s\u2019\u00e9vader pendant deux semaines avant son interpellation au Blanc-Mesnil.<\/p>\n<p>La d\u00e9cision du juge d\u2019application des peines de B\u00e9thune, confirm\u00e9e en appel malgr\u00e9 l\u2019opposition du parquet et du chef d\u2019\u00e9tablissement, permet au d\u00e9tenu de se rendre lundi dans la r\u00e9gion lyonnaise pour un rendez-vous professionnel, sans escorte mais avec alerte aux forces de l\u2019ordre locales. Il sera pris en charge par son \u00e9pouse et rentrera le soir, entre 7 h et 21 h. Les syndicats p\u00e9nitentiaires expriment leur indignation, soulignant les risques pour ce type de profils.<\/p>\n<p>G\u00e9rald Darmanin, qui avait port\u00e9 la loi sur le narcotrafic promulgu\u00e9e en juin, promet de \u00ab moderniser et consolider les r\u00e8gles encadrant l\u2019ex\u00e9cution des peines pour les criminels les plus dangereux \u00bb. Il annonce un \u00ab droit sp\u00e9cifique et un juge d\u2019application sp\u00e9cialis\u00e9 \u00bb, similaire \u00e0 celui du terrorisme, dans un prochain texte l\u00e9gislatif d\u00e9but 2026.<\/p>\n<p>Le procureur de B\u00e9thune, Etienne Thieffry, rappelle que le d\u00e9tenu remplit les crit\u00e8res l\u00e9gaux, mais que l\u2019opportunit\u00e9 reste subjective. \u00ab C\u2019est l\u2019un des objectifs de la peine d\u2019emprisonnement que de favoriser la r\u00e9insertion \u00bb, argue-t-il, pour \u00e9viter la r\u00e9cidive apr\u00e8s paiement de la dette soci\u00e9tale.<\/p>\n<\/div>\n<p><script async src=\"\/\/platform.twitter.com\/widgets.js\" charset=\"utf-8\"><\/script><br \/>\n<br \/><br \/>\n<br \/><a href=\"https:\/\/francais.rt.com\/france\/127653-darmanin-appelle-reforme-loi-execution-peines\" target=\"_blank\"\">Source link <\/a><\/p>\n","protected":false},"excerpt":{"rendered":"<p>\u00c0 la suite de l\u2019autorisation de sortie accord\u00e9e \u00e0 un narcotrafiquant d\u00e9tenu \u00e0 Vendin-le-Vieil, qui s\u2019\u00e9tait \u00e9vad\u00e9 en 2014 lors d\u2019un transfert m\u00e9dical, le ministre de la Justice G\u00e9rald Darmanin&hellip; <\/p>\n","protected":false},"author":1,"featured_media":19911,"comment_status":"open","ping_status":"open","sticky":false,"template":"","format":"standard","meta":{"footnotes":""},"categories":[1],"tags":[],"class_list":["post-19910","post","type-post","status-publish","format-standard","has-post-thumbnail","hentry","category-non-classe"],"_links":{"self":[{"href":"https:\/\/monde25.info\/index.php\/wp-json\/wp\/v2\/posts\/19910","targetHints":{"allow":["GET"]}}],"collection":[{"href":"https:\/\/monde25.info\/index.php\/wp-json\/wp\/v2\/posts"}],"about":[{"href":"https:\/\/monde25.info\/index.php\/wp-json\/wp\/v2\/types\/post"}],"author":[{"embeddable":true,"href":"https:\/\/monde25.info\/index.php\/wp-json\/wp\/v2\/users\/1"}],"replies":[{"embeddable":true,"href":"https:\/\/monde25.info\/index.php\/wp-json\/wp\/v2\/comments?post=19910"}],"version-history":[{"count":0,"href":"https:\/\/monde25.info\/index.php\/wp-json\/wp\/v2\/posts\/19910\/revisions"}],"wp:featuredmedia":[{"embeddable":true,"href":"https:\/\/monde25.info\/index.php\/wp-json\/wp\/v2\/media\/19911"}],"wp:attachment":[{"href":"https:\/\/monde25.info\/index.php\/wp-json\/wp\/v2\/media?parent=19910"}],"wp:term":[{"taxonomy":"category","embeddable":true,"href":"https:\/\/monde25.info\/index.php\/wp-json\/wp\/v2\/categories?post=19910"},{"taxonomy":"post_tag","embeddable":true,"href":"https:\/\/monde25.info\/index.php\/wp-json\/wp\/v2\/tags?post=19910"}],"curies":[{"name":"wp","href":"https:\/\/api.w.org\/{rel}","templated":true}]}}