{"id":19917,"date":"2025-11-24T14:09:49","date_gmt":"2025-11-24T13:09:49","guid":{"rendered":"https:\/\/monde25.info\/index.php\/2025\/11\/24\/vers-linstauration-dun-service-militaire-volontaire-en-france\/"},"modified":"2025-11-24T14:09:49","modified_gmt":"2025-11-24T13:09:49","slug":"vers-linstauration-dun-service-militaire-volontaire-en-france","status":"publish","type":"post","link":"https:\/\/monde25.info\/index.php\/2025\/11\/24\/vers-linstauration-dun-service-militaire-volontaire-en-france\/","title":{"rendered":"Vers l&rsquo;instauration d&rsquo;un service militaire volontaire en France ?"},"content":{"rendered":"<p> <br \/>\n<\/p>\n<div>\n<p>Toujours plus&#8230;<\/p>\n<p>Dans un monde \u00ab\u00a0fait d&rsquo;incertitudes\u00a0\u00bb, et sur fond de guerre plus qu&rsquo;incertaine aux yeux des sp\u00e9cialistes, Emmanuel Macron, ne cesse de faire jouer l&rsquo;\u00e9pouvantail du conflit, et pourrait annoncer dans les prochains jours l&rsquo;instauration d&rsquo;un service militaire volontaire en France, un projet \u00e0 l&rsquo;\u00e9tude depuis plusieurs mois.<\/p>\n<p>La date de jeudi est envisag\u00e9e pour des annonces pr\u00e9sidentielles, sans que cela soit confirm\u00e9 officiellement, selon des sources concordantes.<\/p>\n<p>\u00ab\u00a0Dans le monde o\u00f9 nous vivons fait d&rsquo;incertitudes, d&rsquo;une mont\u00e9e des tensions, si nous voulons v\u00e9ritablement \u00eatre en s\u00e9curit\u00e9, il faut dissuader l&rsquo;autre de venir (\u2026) La France doit continuer d&rsquo;\u00eatre une nation forte avec une arm\u00e9e forte mais avec aussi une capacit\u00e9 de sursaut collectif\u00a0\u00bb, a affirm\u00e9 samedi le chef de l&rsquo;\u00c9tat, en marge du G20 \u00e0 Johannesburg, en Afrique du Sud.<\/p>\n<p>Si les pays scandinaves ou les Baltes, voisins du g\u00e9ant russe, ont maintenu ou r\u00e9tabli ces derni\u00e8res ann\u00e9es le service militaire obligatoire, la France a elle suspendu la conscription en 1997, sous la pr\u00e9sidence de Jacques Chirac.<\/p>\n<p>\u00ab\u00a0De nombreux voisins en Europe sont en train de r\u00e9introduire un service national\u00a0\u00bb, a fait valoir samedi sur France 5 le chef d&rsquo;\u00e9tat-major des arm\u00e9es, le g\u00e9n\u00e9ral Fabien Mandon, dans une interview de rattrapage de com, et que cela faisait partie d'\u00a0\u00bb\u00e9l\u00e9ments qui sont \u00e0 observer dans notre pays\u00a0\u00bb.<\/p>\n<p>Emmanuel Macron avait introduit cette id\u00e9e de service volontaire le 13 juillet, devant un parterre de hauts grad\u00e9s. Face \u00e0 une Europe, soit disant, \u00ab\u00a0mise en danger\u00a0\u00bb par la \u00ab\u00a0menace durable\u00a0\u00bb de la Russie, \u00ab\u00a0il faut une nation capable de tenir, d&rsquo;\u00eatre mobilis\u00e9e\u00a0\u00bb, avait-il estim\u00e9.<\/p>\n<p>Outre des \u00ab\u00a0efforts sur notre r\u00e9serve\u00a0\u00bb, il faut aussi \u00ab\u00a0donner \u00e0 la jeunesse un nouveau cadre pour servir, selon d&rsquo;autres modalit\u00e9s, au sein de nos arm\u00e9es\u00a0\u00bb, avait-il soulign\u00e9 en promettant des \u00ab\u00a0d\u00e9cisions en ce sens \u00e0 l&rsquo;automne\u00a0\u00bb.<\/p>\n<p>Interrog\u00e9 par l&rsquo;AFP, le minist\u00e8re des Arm\u00e9es n&rsquo;a pas souhait\u00e9 s&rsquo;exprimer sur les contours de ce service et sa dur\u00e9e, tout comme son co\u00fbt.<\/p>\n<p>Il y a des \u00ab\u00a0travaux en ce sens\u00a0\u00bb, a simplement indiqu\u00e9 Alice Rufo, ministre d\u00e9l\u00e9gu\u00e9e aux Arm\u00e9es dimanche sur France Info.<\/p>\n<p>\u00ab\u00a0Les arbitrages n&rsquo;ont pas \u00e9t\u00e9 rendus\u00a0\u00bb, a pr\u00e9cis\u00e9 \u00e0 l&rsquo;AFP une source proche du dossier.<\/p>\n<p>Diff\u00e9rents sc\u00e9narios envisagent un volume de 10\u00a0000 \u00e0 50\u00a0000\u00a0personnes par an, selon plusieurs sources proches du dossier.<\/p>\n<p>D&rsquo;apr\u00e8s plusieurs m\u00e9dias fran\u00e7ais, la dur\u00e9e envisag\u00e9e de ce service volontaire serait de 10 mois, il serait r\u00e9mun\u00e9r\u00e9 \u00e0 hauteur de plusieurs centaines d&rsquo;euros.<\/p>\n<p>Selon la Revue nationale strat\u00e9gique 2025, un document qui r\u00e9sume les ambitions de la France en mati\u00e8re de politique de d\u00e9fense et de s\u00e9curit\u00e9, la mise en place d&rsquo;un service militaire volontaire \u00ab\u00a0r\u00e9nov\u00e9\u00a0\u00bb viserait \u00e0 \u00ab\u00a0renforcer la coh\u00e9sion nationale\u00a0\u00bb et \u00e0 \u00ab\u00a0cr\u00e9er un r\u00e9servoir de personnes mobilisables en cas de crise\u00a0\u00bb.<\/p>\n<p>Les arm\u00e9es fran\u00e7aises comptent environ 200\u00a0000\u00a0militaires d&rsquo;active et 47 000 r\u00e9servistes, et doivent passer \u00e0 respectivement 210\u00a0000 et 80\u00a0000\u00a0personnes en 2030.<\/p>\n<p>La mobilisation sur la base du volontariat d&rsquo;une partie d&rsquo;une classe d&rsquo;\u00e2ge pourrait servir \u00e0 r\u00e9pondre aux besoins d'\u00a0\u00bbacqu\u00e9rir la masse\u00a0\u00bb n\u00e9cessaire pour tenir dans la dur\u00e9e en cas de conflit, estimait cet \u00e9t\u00e9 le g\u00e9n\u00e9ral Pierre Schill, chef d&rsquo;\u00e9tat-major de l&rsquo;arm\u00e9e de Terre.<\/p>\n<p>Une id\u00e9e salu\u00e9e par une partie de la classe politique fran\u00e7aise ?<\/p>\n<p>\u00ab\u00a0Tout ce qui peut participer \u00e0 l&rsquo;esprit de d\u00e9fense, \u00e0 la r\u00e9silience nationale et \u00e0 exprimer le sentiment patriotique qui sommeille dans la population est positif\u00a0\u00bb, a comment\u00e9 dans la Tribune dimanche le pr\u00e9sident de la Commission des Affaires \u00e9trang\u00e8res et de la D\u00e9fense du S\u00e9nat, C\u00e9dric Perrin (Les R\u00e9publicains).<\/p>\n<p>\u00c0 l&rsquo;extr\u00eame droite, le pr\u00e9sident du Rassemblement national (RN) Jordan Bardella s&rsquo;est dit mercredi sur X \u00ab\u00a0favorable\u00a0\u00bb au r\u00e9tablissement d&rsquo;un service sous les drapeaux \u00ab\u00a0en commen\u00e7ant par un service militaire ouvert aux volontaires\u00a0\u00bb.<\/p>\n<p>Patrick Kanner, le pr\u00e9sident du groupe socialiste au S\u00e9nat, reste plus circonspect. \u00ab\u00a0Je suis tr\u00e8s prudent en la mati\u00e8re (&#8230;) Je crois \u00e0 l&rsquo;arm\u00e9e de m\u00e9tier aujourd&rsquo;hui. Apr\u00e8s, si les jeunes veulent s&rsquo;engager pour la nation, naturellement, j&rsquo;y suis favorable\u00a0\u00bb, a-t-il confi\u00e9 dimanche \u00e0 France 3.<\/p>\n<p>Les arbitrages attendus promettent aussi de concerner l&rsquo;avenir incertain du service national universel (SNU) destin\u00e9 aux mineurs de 15 \u00e0 17 ans.<\/p>\n<p>Ce service civil, lanc\u00e9 en 2019 et dont les cr\u00e9dits ont \u00e9t\u00e9 depuis rabot\u00e9s, n&rsquo;a jamais trouv\u00e9 son rythme de croisi\u00e8re. Il consistait essentiellement en un stage de coh\u00e9sion de deux semaines.<\/p>\n<\/div>\n<p><script>(function(d, s, id) {  var js, fjs = d.getElementsByTagName(s)[0];  if (d.getElementById(id)) return;  js = d.createElement(s); js.id = id;  js.src = \"\/\/connect.facebook.net\/fr_FR\/sdk.js#xfbml=1&version=v2.3\";  fjs.parentNode.insertBefore(js, fjs);}(document, \"script\", \"facebook-jssdk\"));<\/script><br \/>\n<br \/><br \/>\n<br \/><a href=\"https:\/\/www.francesoir.fr\/politique-france\/vers-l-instauration-d-un-service-militaire-volontaire-en-france\" target=\"_blank\"\">Source link <\/a><\/p>\n","protected":false},"excerpt":{"rendered":"<p>Toujours plus&#8230; Dans un monde \u00ab\u00a0fait d&rsquo;incertitudes\u00a0\u00bb, et sur fond de guerre plus qu&rsquo;incertaine aux yeux des sp\u00e9cialistes, Emmanuel Macron, ne cesse de faire jouer l&rsquo;\u00e9pouvantail du conflit, et pourrait&hellip; <\/p>\n","protected":false},"author":1,"featured_media":19918,"comment_status":"open","ping_status":"open","sticky":false,"template":"","format":"standard","meta":{"footnotes":""},"categories":[1],"tags":[],"class_list":["post-19917","post","type-post","status-publish","format-standard","has-post-thumbnail","hentry","category-non-classe"],"_links":{"self":[{"href":"https:\/\/monde25.info\/index.php\/wp-json\/wp\/v2\/posts\/19917","targetHints":{"allow":["GET"]}}],"collection":[{"href":"https:\/\/monde25.info\/index.php\/wp-json\/wp\/v2\/posts"}],"about":[{"href":"https:\/\/monde25.info\/index.php\/wp-json\/wp\/v2\/types\/post"}],"author":[{"embeddable":true,"href":"https:\/\/monde25.info\/index.php\/wp-json\/wp\/v2\/users\/1"}],"replies":[{"embeddable":true,"href":"https:\/\/monde25.info\/index.php\/wp-json\/wp\/v2\/comments?post=19917"}],"version-history":[{"count":0,"href":"https:\/\/monde25.info\/index.php\/wp-json\/wp\/v2\/posts\/19917\/revisions"}],"wp:featuredmedia":[{"embeddable":true,"href":"https:\/\/monde25.info\/index.php\/wp-json\/wp\/v2\/media\/19918"}],"wp:attachment":[{"href":"https:\/\/monde25.info\/index.php\/wp-json\/wp\/v2\/media?parent=19917"}],"wp:term":[{"taxonomy":"category","embeddable":true,"href":"https:\/\/monde25.info\/index.php\/wp-json\/wp\/v2\/categories?post=19917"},{"taxonomy":"post_tag","embeddable":true,"href":"https:\/\/monde25.info\/index.php\/wp-json\/wp\/v2\/tags?post=19917"}],"curies":[{"name":"wp","href":"https:\/\/api.w.org\/{rel}","templated":true}]}}