{"id":19923,"date":"2025-11-24T15:48:44","date_gmt":"2025-11-24T14:48:44","guid":{"rendered":"https:\/\/monde25.info\/index.php\/2025\/11\/24\/darmanin-et-nunez-a-marseille-la-mascarade-continue-de-plus-belle-avec-ces-deux-incapables-politiques\/"},"modified":"2025-11-24T15:48:44","modified_gmt":"2025-11-24T14:48:44","slug":"darmanin-et-nunez-a-marseille-la-mascarade-continue-de-plus-belle-avec-ces-deux-incapables-politiques","status":"publish","type":"post","link":"https:\/\/monde25.info\/index.php\/2025\/11\/24\/darmanin-et-nunez-a-marseille-la-mascarade-continue-de-plus-belle-avec-ces-deux-incapables-politiques\/","title":{"rendered":"Darmanin et Nunez \u00e0 Marseille : la mascarade continue de plus belle avec ces deux incapables politiques"},"content":{"rendered":"<p> <br \/>\n<\/p>\n<div> <!--<![endif]--><br \/>\n<head><br \/>\n<meta http-equiv=\"Content-Type\" content=\"text\/html; charset=UTF-8\"\/><br \/>\n<meta name=\"viewport\" content=\"width=device-width, initial-scale=1, user-scalable=yes\"\/>\n<link rel=\"profile\" href=\"https:\/\/gmpg.org\/xfn\/11\"\/>\n<link rel=\"pingback\" href=\"https:\/\/www.lelibrepenseur.org\/xmlrpc.php\"\/>\n<p><meta name=\"robots\" content=\"index, follow, max-image-preview:large, max-snippet:-1, max-video-preview:-1\"\/><\/p>\n<p><title>Darmanin et Nunez \u00e0 Marseille : la mascarade continue de plus belle avec ces deux incapables politiques &#8211; Le Libre Penseur<\/title><br \/>\n<meta name=\"description\" content=\"Darmanin et Nunez \u00e0 Marseille : la mascarade continue de plus belle avec ces deux incapables politiques\"\/>\n<link rel=\"canonical\" href=\"https:\/\/www.lelibrepenseur.org\/darmanin-et-nunez-a-marseille-la-mascarade-continue-de-plus-belle-avec-ces-deux-incapables-politiques\/\"\/>\n<meta property=\"og:locale\" content=\"fr_FR\"\/><br \/>\n<meta property=\"og:type\" content=\"article\"\/><br \/>\n<meta property=\"og:title\" content=\"Darmanin et Nunez \u00e0 Marseille : la mascarade continue de plus belle avec ces deux incapables politiques - Le Libre Penseur\"\/><br \/>\n<meta property=\"og:description\" content=\"Darmanin et Nunez \u00e0 Marseille : la mascarade continue de plus belle avec ces deux incapables politiques\"\/><br \/>\n<meta property=\"og:url\" content=\"https:\/\/www.lelibrepenseur.org\/darmanin-et-nunez-a-marseille-la-mascarade-continue-de-plus-belle-avec-ces-deux-incapables-politiques\/\"\/><br \/>\n<meta property=\"og:site_name\" content=\"Le Libre Penseur\"\/><br \/>\n<meta property=\"article:publisher\" content=\"https:\/\/www.facebook.com\/LeLibrePenseur.org\"\/><br \/>\n<meta property=\"article:published_time\" content=\"2025-11-24T11:43:13+00:00\"\/><br \/>\n<meta property=\"article:modified_time\" content=\"2025-11-24T12:47:38+00:00\"\/><br \/>\n<meta property=\"og:image\" content=\"https:\/\/www.lelibrepenseur.org\/wp-content\/uploads\/2025\/11\/darmanin-nunez-2.jpg\"\/><br \/>\n<meta property=\"og:image:width\" content=\"1444\"\/><br \/>\n<meta property=\"og:image:height\" content=\"920\"\/><br \/>\n<meta property=\"og:image:type\" content=\"image\/jpeg\"\/><br \/>\n<meta name=\"author\" content=\"Ced\"\/><br \/>\n<meta name=\"twitter:card\" content=\"summary_large_image\"\/><br \/>\n<meta name=\"twitter:creator\" content=\"@LLP_Le_Vrai\"\/><br \/>\n<meta name=\"twitter:site\" content=\"@LLP_Le_Vrai\"\/><br \/>\n<meta name=\"twitter:label1\" content=\"\u00c9crit par\"\/><br \/>\n<meta name=\"twitter:data1\" content=\"Ced\"\/><br \/>\n<meta name=\"twitter:label2\" content=\"Dur\u00e9e de lecture estim\u00e9e\"\/><br \/>\n<meta name=\"twitter:data2\" content=\"2 minutes\"\/><\/p>\n<link rel=\"dns-prefetch\" href=\"https:\/\/fonts.googleapis.com\"\/>\n<link rel=\"preconnect\" href=\"https:\/\/fonts.gstatic.com\"\/>\n<link rel=\"alternate\" type=\"application\/rss+xml\" title=\"Le Libre Penseur \u00bb Flux\" href=\"https:\/\/www.lelibrepenseur.org\/feed\/\"\/>\n<link rel=\"alternate\" type=\"application\/rss+xml\" title=\"Le Libre Penseur \u00bb Flux des commentaires\" href=\"https:\/\/www.lelibrepenseur.org\/comments\/feed\/\"\/>\n<link rel=\"alternate\" type=\"application\/rss+xml\" title=\"Le Libre Penseur \u00bb Darmanin et Nunez \u00e0 Marseille : la mascarade continue de plus belle avec ces deux incapables politiques Flux des commentaires\" href=\"https:\/\/www.lelibrepenseur.org\/darmanin-et-nunez-a-marseille-la-mascarade-continue-de-plus-belle-avec-ces-deux-incapables-politiques\/feed\/\"\/>\n<link rel=\"stylesheet\" id=\"wp-block-library-css\" href=\"https:\/\/www.lelibrepenseur.org\/wp-includes\/css\/dist\/block-library\/style.min.css?ver=e4199802fec696ef1182ca96b934cc4a\" type=\"text\/css\" media=\"all\"\/>\n<link rel=\"stylesheet\" id=\"jnews-subscribe-css\" href=\"https:\/\/www.lelibrepenseur.org\/wp-content\/plugins\/jnews-subscribe-to-download\/assets\/css\/plugin.css?ver=11.0.1\" type=\"text\/css\" media=\"all\"\/>\n<link rel=\"stylesheet\" id=\"dashicons-css\" href=\"https:\/\/www.lelibrepenseur.org\/wp-includes\/css\/dashicons.min.css?ver=e4199802fec696ef1182ca96b934cc4a\" type=\"text\/css\" media=\"all\"\/>\n<link rel=\"stylesheet\" id=\"woocommerce-layout-css\" href=\"https:\/\/www.lelibrepenseur.org\/wp-content\/plugins\/woocommerce\/assets\/css\/woocommerce-layout.css?ver=9.6.2\" type=\"text\/css\" media=\"all\"\/>\n<link rel=\"stylesheet\" id=\"woocommerce-smallscreen-css\" href=\"https:\/\/www.lelibrepenseur.org\/wp-content\/plugins\/woocommerce\/assets\/css\/woocommerce-smallscreen.css?ver=9.6.2\" type=\"text\/css\" media=\"only screen and (max-width: 768px)\"\/>\n<link rel=\"stylesheet\" id=\"woocommerce-general-css\" href=\"https:\/\/www.lelibrepenseur.org\/wp-content\/plugins\/woocommerce\/assets\/css\/woocommerce.css?ver=9.6.2\" type=\"text\/css\" media=\"all\"\/>\n<link rel=\"stylesheet\" id=\"brands-styles-css\" href=\"https:\/\/www.lelibrepenseur.org\/wp-content\/plugins\/woocommerce\/assets\/css\/brands.css?ver=9.6.2\" type=\"text\/css\" media=\"all\"\/>\n<link rel=\"stylesheet\" id=\"js_composer_front-css\" href=\"https:\/\/www.lelibrepenseur.org\/wp-content\/plugins\/js_composer\/assets\/css\/js_composer.min.css?ver=7.5\" type=\"text\/css\" media=\"all\"\/>\n<link rel=\"stylesheet\" id=\"jeg_customizer_font-css\" href=\"https:\/\/fonts.googleapis.com\/css?family=Heebo%3Aregular%2C700%7CPoppins%3Aregular%2C500%2Cregular%2C600&amp;display=swap&amp;ver=1.3.0\" type=\"text\/css\" media=\"all\"\/>\n<link rel=\"stylesheet\" id=\"jnews-push-notification-css\" href=\"https:\/\/www.lelibrepenseur.org\/wp-content\/plugins\/jnews-push-notification\/assets\/css\/plugin.css?ver=11.0.1\" type=\"text\/css\" media=\"all\"\/>\n<link rel=\"stylesheet\" id=\"font-awesome-css\" href=\"https:\/\/www.lelibrepenseur.org\/wp-content\/themes\/jnews\/assets\/fonts\/font-awesome\/font-awesome.min.css?ver=11.6.15\" type=\"text\/css\" media=\"all\"\/>\n<link rel=\"stylesheet\" id=\"jnews-frontend-css\" href=\"https:\/\/www.lelibrepenseur.org\/wp-content\/themes\/jnews\/assets\/dist\/frontend.min.css?ver=11.6.15\" type=\"text\/css\" media=\"all\"\/>\n<link rel=\"stylesheet\" id=\"jnews-js-composer-css\" href=\"https:\/\/www.lelibrepenseur.org\/wp-content\/themes\/jnews\/assets\/css\/js-composer-frontend.css?ver=11.6.15\" type=\"text\/css\" media=\"all\"\/>\n<link rel=\"stylesheet\" id=\"jnews-style-css\" href=\"https:\/\/www.lelibrepenseur.org\/wp-content\/themes\/jnews\/style.css?ver=11.6.15\" type=\"text\/css\" media=\"all\"\/>\n<link rel=\"stylesheet\" id=\"jnews-darkmode-css\" href=\"https:\/\/www.lelibrepenseur.org\/wp-content\/themes\/jnews\/assets\/css\/darkmode.css?ver=11.6.15\" type=\"text\/css\" media=\"all\"\/>\n<link rel=\"stylesheet\" id=\"jnews-scheme-css\" href=\"https:\/\/www.lelibrepenseur.org\/wp-content\/themes\/jnews\/data\/import\/bloomnews\/scheme.css?ver=11.6.15\" type=\"text\/css\" media=\"all\"\/>\n<link rel=\"stylesheet\" id=\"sib-front-css-css\" href=\"https:\/\/www.lelibrepenseur.org\/wp-content\/plugins\/mailin\/css\/mailin-front.css?ver=e4199802fec696ef1182ca96b934cc4a\" type=\"text\/css\" media=\"all\"\/>\n<link rel=\"stylesheet\" id=\"jnews-paywall-css\" href=\"https:\/\/www.lelibrepenseur.org\/wp-content\/plugins\/jnews-paywall\/assets\/css\/jpw-frontend.css?ver=11.6.5\" type=\"text\/css\" media=\"all\"\/>\n<link rel=\"stylesheet\" id=\"jnews-social-login-style-css\" href=\"https:\/\/www.lelibrepenseur.org\/wp-content\/plugins\/jnews-social-login\/assets\/css\/plugin.css?ver=11.0.4\" type=\"text\/css\" media=\"all\"\/>\n<link rel=\"stylesheet\" id=\"jnews-select-share-css\" href=\"https:\/\/www.lelibrepenseur.org\/wp-content\/plugins\/jnews-social-share\/assets\/css\/plugin.css\" type=\"text\/css\" media=\"all\"\/>\n<link rel=\"https:\/\/api.w.org\/\" href=\"https:\/\/www.lelibrepenseur.org\/wp-json\/\"\/><link rel=\"alternate\" title=\"JSON\" type=\"application\/json\" href=\"https:\/\/www.lelibrepenseur.org\/wp-json\/wp\/v2\/posts\/6061456\"\/><link rel=\"EditURI\" type=\"application\/rsd+xml\" title=\"RSD\" href=\"https:\/\/www.lelibrepenseur.org\/xmlrpc.php?rsd\"\/>\n<link rel=\"shortlink\" href=\"https:\/\/www.lelibrepenseur.org\/?p=6061456\"\/>\n<link rel=\"alternate\" title=\"oEmbed (JSON)\" type=\"application\/json+oembed\" href=\"https:\/\/www.lelibrepenseur.org\/wp-json\/oembed\/1.0\/embed?url=https%3A%2F%2Fwww.lelibrepenseur.org%2Fdarmanin-et-nunez-a-marseille-la-mascarade-continue-de-plus-belle-avec-ces-deux-incapables-politiques%2F\"\/>\n<link rel=\"alternate\" title=\"oEmbed (XML)\" type=\"text\/xml+oembed\" href=\"https:\/\/www.lelibrepenseur.org\/wp-json\/oembed\/1.0\/embed?url=https%3A%2F%2Fwww.lelibrepenseur.org%2Fdarmanin-et-nunez-a-marseille-la-mascarade-continue-de-plus-belle-avec-ces-deux-incapables-politiques%2F&amp;format=xml\"\/>\n<noscript\/><\/p>\n<p><meta name=\"generator\" content=\"Powered by WPBakery Page Builder - drag and drop page builder for WordPress.\"\/><\/p>\n<link rel=\"icon\" href=\"https:\/\/www.lelibrepenseur.org\/wp-content\/uploads\/2021\/10\/cropped-cropped-Logo-LLP-32x32.png\" sizes=\"32x32\"\/>\n<link rel=\"icon\" href=\"https:\/\/www.lelibrepenseur.org\/wp-content\/uploads\/2021\/10\/cropped-cropped-Logo-LLP-192x192.png\" sizes=\"192x192\"\/>\n<link rel=\"apple-touch-icon\" href=\"https:\/\/www.lelibrepenseur.org\/wp-content\/uploads\/2021\/10\/cropped-cropped-Logo-LLP-180x180.png\"\/>\n<meta name=\"msapplication-TileImage\" content=\"https:\/\/www.lelibrepenseur.org\/wp-content\/uploads\/2021\/10\/cropped-cropped-Logo-LLP-270x270.png\"\/><\/p>\n<p><noscript\/><\/head><br \/>\n<body data-rsssl=\"1\" class=\"wp-singular post-template-default single single-post postid-6061456 single-format-standard wp-custom-logo wp-embed-responsive wp-theme-jnews theme-jnews woocommerce-no-js jeg_toggle_light jeg_single_tpl_1 jnews jsc_normal wpb-js-composer js-comp-ver-7.5 vc_non_responsive\" id=\"wp_automatic_ReadabilityBody\"><\/p>\n<div class=\"jeg_viewport\">\n<div class=\"post-wrapper\">\n<div class=\"post-wrap\">\n<div class=\"jeg_main \">\n<div class=\"jeg_container\">\n<div class=\"jeg_content jeg_singlepage\">\n<div class=\"container\">\n<div class=\"row\">\n<div class=\"jeg_main_content col-md-8\">\n<div class=\"jeg_inner_content\">\n<div class=\"entry-content no-share\">\n<div class=\"content-inner \">\n<div class=\"intro-text\">\n<p><span class=\"dropcap \" style=\"background-color: #ffffff; color: #000000; border-color: #ffffff;\"><strong>C\u2019<\/strong><\/span>est tout de m\u00eame extraordinaire ! Leur culot n\u2019a pas de limites ! Comment peuvent-ils oser venir se mettre en sc\u00e8ne \u00e0 Marseille en promettant que tout va changer car l\u2019\u00c9tat va r\u00e9agir alors que ce m\u00eame G\u00e9rald Darmanin a \u00e9t\u00e9 ministre de l\u2019Int\u00e9rieur pendant plusieurs ann\u00e9es et qu\u2019il n\u2019a rien fait. L\u2019actuel ministre de l\u2019Int\u00e9rieur Laurent Nunez a lui-m\u00eame \u00e9t\u00e9 pr\u00e9fet des Bouches-du-Rh\u00f4ne de <time class=\"nowrap date-lien\" datetime=\"2015-03-31\" data-sort-value=\"2015-03-31\">mars\u00a02015 \u00e0<\/time><time class=\"nowrap date-lien\" datetime=\"2017-06-21\" data-sort-value=\"2017-06-21\">\u00a0juin\u00a02017 <\/time>et n\u2019a rien fait non plus ! En d\u2019autres termes, on prend les m\u00eames incomp\u00e9tents et en recommence. Ceci nous rappelle la mascarade m\u00e9diatique de ce m\u00eame Darmanin avec ses \u00ab\u00a0<a target=\"_blank\" href=\"https:\/\/www.tf1info.fr\/justice-faits-divers\/operation-place-nette-a-marseille-est-elle-vraiment-efficace-contre-les-trafics-2342651.html\"><strong>Places nettes<\/strong><\/a>\u00a0\u00bb \u00e0 Marseille qui n\u2019ont servi strictement \u00e0 rien !<\/p>\n<\/div>\n<hr\/>\n<figure id=\"attachment_6061459\" aria-describedby=\"caption-attachment-6061459\" style=\"width: 548px\" class=\"wp-caption aligncenter\"><a target=\"_blank\" href=\"https:\/\/www.lelibrepenseur.org\/wp-content\/uploads\/2025\/11\/darmanin-nunez.jpg\"><img loading=\"lazy\" decoding=\"async\" class=\"wp-image-6061459\" src=\"https:\/\/www.lelibrepenseur.org\/wp-content\/uploads\/2025\/11\/darmanin-nunez.jpg.pagespeed.ce.O4KD2V0lYx.jpg\" alt=\"Darmanin et Nunez \u00e0 Marseille : la mascarade continue de plus belle avec ces deux incapables politiques \" width=\"548\" height=\"668\" srcset=\"https:\/\/www.lelibrepenseur.org\/wp-content\/uploads\/2025\/11\/darmanin-nunez.jpg.pagespeed.ce.O4KD2V0lYx.jpg 1680w, https:\/\/www.lelibrepenseur.org\/wp-content\/uploads\/2025\/11\/darmanin-nunez-246x300.jpg 246w, https:\/\/www.lelibrepenseur.org\/wp-content\/uploads\/2025\/11\/darmanin-nunez-840x1024.jpg 840w, https:\/\/www.lelibrepenseur.org\/wp-content\/uploads\/2025\/11\/darmanin-nunez-768x936.jpg 768w, https:\/\/www.lelibrepenseur.org\/wp-content\/uploads\/2025\/11\/darmanin-nunez-1260x1536.jpg 1260w, https:\/\/www.lelibrepenseur.org\/wp-content\/uploads\/2025\/11\/darmanin-nunez-20x24.jpg 20w, https:\/\/www.lelibrepenseur.org\/wp-content\/uploads\/2025\/11\/darmanin-nunez-30x36.jpg 30w, https:\/\/www.lelibrepenseur.org\/wp-content\/uploads\/2025\/11\/darmanin-nunez-39x48.jpg 39w, https:\/\/www.lelibrepenseur.org\/wp-content\/uploads\/2025\/11\/darmanin-nunez-600x731.jpg 600w, https:\/\/www.lelibrepenseur.org\/wp-content\/uploads\/2025\/11\/darmanin-nunez-750x914.jpg 750w, https:\/\/www.lelibrepenseur.org\/wp-content\/uploads\/2025\/11\/darmanin-nunez-1140x1390.jpg 1140w\" sizes=\"auto, (max-width: 548px) 100vw, 548px\"\/><\/a><figcaption id=\"caption-attachment-6061459\" class=\"wp-caption-text\">Darmanin et Nunez \u00e0 Marseille : la mascarade continue de plus belle avec ces deux incapables politiques<\/figcaption><\/figure>\n<\/div>\n<\/div>\n<\/div>\n<\/div><\/div>\n<\/div>\n<\/div>\n<\/div>\n<\/div>\n<\/div>\n<\/div>\n<\/div>\n<div id=\"jeg_off_canvas\" class=\"normal\">\n<div class=\"jeg_mobile_wrapper\">\n<div class=\"nav_wrap\">\n<div class=\"item_main\">\n<div class=\"jeg_aside_item jeg_search_wrapper jeg_search_no_expand square\">\n<a target=\"_blank\" href=\"#\" aria-label=\"Search Button\" class=\"jeg_search_toggle\"><i class=\"fa fa-search\"\/><\/a><\/p>\n<div class=\"jeg_search_result jeg_search_hide with_result\">\n<p>\nPas de R\u00e9sultats <\/p>\n<p>\n<i class=\"fa fa-search\"\/> Voir tous les r\u00e9sultats <\/p>\n<\/div>\n<\/div><\/div>\n<\/div><\/div>\n<\/div>\n<link rel=\"stylesheet\" id=\"wc-blocks-style-css\" href=\"https:\/\/www.lelibrepenseur.org\/wp-content\/plugins\/woocommerce\/assets\/client\/blocks\/wc-blocks.css?ver=wc-9.6.2\" type=\"text\/css\" media=\"all\"\/>\n<link rel=\"stylesheet\" id=\"vc_animate-css-css\" href=\"https:\/\/www.lelibrepenseur.org\/wp-content\/plugins\/js_composer\/assets\/lib\/bower\/animate-css\/animate.min.css?ver=7.5\" type=\"text\/css\" media=\"all\"\/>\n<link rel=\"stylesheet\" id=\"vc_font_awesome_5_shims-css\" href=\"https:\/\/www.lelibrepenseur.org\/wp-content\/plugins\/js_composer\/assets\/lib\/bower\/font-awesome\/css\/v4-shims.min.css?ver=7.5\" type=\"text\/css\" media=\"all\"\/>\n<link rel=\"stylesheet\" id=\"vc_font_awesome_5-css\" href=\"https:\/\/www.lelibrepenseur.org\/wp-content\/plugins\/js_composer\/assets\/lib\/bower\/font-awesome\/css\/all.min.css?ver=7.5\" type=\"text\/css\" media=\"all\"\/>\n<p><!--[if lt IE 9]>\n\n<![endif]--><\/p>\n<p><\/body>\n<\/div>\n<p><br \/>\n<br \/><a href=\"https:\/\/www.lelibrepenseur.org\/darmanin-et-nunez-a-marseille-la-mascarade-continue-de-plus-belle-avec-ces-deux-incapables-politiques\/\" target=\"_blank\"\">Source link <\/a><\/p>\n","protected":false},"excerpt":{"rendered":"<p>Darmanin et Nunez \u00e0 Marseille : la mascarade continue de plus belle avec ces deux incapables politiques &#8211; Le Libre Penseur C\u2019est tout de m\u00eame extraordinaire ! Leur culot n\u2019a&hellip; <\/p>\n","protected":false},"author":1,"featured_media":0,"comment_status":"open","ping_status":"open","sticky":false,"template":"","format":"standard","meta":{"footnotes":""},"categories":[1],"tags":[],"class_list":["post-19923","post","type-post","status-publish","format-standard","hentry","category-non-classe"],"_links":{"self":[{"href":"https:\/\/monde25.info\/index.php\/wp-json\/wp\/v2\/posts\/19923","targetHints":{"allow":["GET"]}}],"collection":[{"href":"https:\/\/monde25.info\/index.php\/wp-json\/wp\/v2\/posts"}],"about":[{"href":"https:\/\/monde25.info\/index.php\/wp-json\/wp\/v2\/types\/post"}],"author":[{"embeddable":true,"href":"https:\/\/monde25.info\/index.php\/wp-json\/wp\/v2\/users\/1"}],"replies":[{"embeddable":true,"href":"https:\/\/monde25.info\/index.php\/wp-json\/wp\/v2\/comments?post=19923"}],"version-history":[{"count":0,"href":"https:\/\/monde25.info\/index.php\/wp-json\/wp\/v2\/posts\/19923\/revisions"}],"wp:attachment":[{"href":"https:\/\/monde25.info\/index.php\/wp-json\/wp\/v2\/media?parent=19923"}],"wp:term":[{"taxonomy":"category","embeddable":true,"href":"https:\/\/monde25.info\/index.php\/wp-json\/wp\/v2\/categories?post=19923"},{"taxonomy":"post_tag","embeddable":true,"href":"https:\/\/monde25.info\/index.php\/wp-json\/wp\/v2\/tags?post=19923"}],"curies":[{"name":"wp","href":"https:\/\/api.w.org\/{rel}","templated":true}]}}