{"id":19924,"date":"2025-11-24T16:56:55","date_gmt":"2025-11-24T15:56:55","guid":{"rendered":"https:\/\/monde25.info\/index.php\/2025\/11\/24\/la-fin-du-jour-petit-chef-doeuvre-sur-la-vie-la-vieillesse-et-le-theatre-la-science-de-lesprit-sott-net\/"},"modified":"2025-11-24T16:56:55","modified_gmt":"2025-11-24T15:56:55","slug":"la-fin-du-jour-petit-chef-doeuvre-sur-la-vie-la-vieillesse-et-le-theatre-la-science-de-lesprit-sott-net","status":"publish","type":"post","link":"https:\/\/monde25.info\/index.php\/2025\/11\/24\/la-fin-du-jour-petit-chef-doeuvre-sur-la-vie-la-vieillesse-et-le-theatre-la-science-de-lesprit-sott-net\/","title":{"rendered":"\u00ab\u00a0La fin du jour\u00a0\u00bb petit chef-d&rsquo;\u0153uvre sur la vie, la vieillesse et le th\u00e9\u00e2tre \u2014 La Science de l&rsquo;Esprit \u2014 Sott.net"},"content":{"rendered":"<p> <br \/>\n<\/p>\n<div>\n      <em>La Fin du jour<\/em> est un hommage aux acteurs et \u00e0 l&rsquo;art th\u00e9\u00e2tral. C&rsquo;est aussi, plus prosa\u00efquement, un film sur la vieillesse, au travers d&rsquo;une inoubliable galerie de portraits. L&rsquo;action se d\u00e9roule dans une maison de retraite pour com\u00e9diens d\u00e9sargent\u00e9s, L&rsquo;abbaye de Saint-Jean-la-Rivi\u00e8re \u00e0 Tarascon.<br \/>\n<\/p>\n<div class=\"article-image-super to-center\"><a target=\"_blank\" href=\"https:\/\/fr.sott.net\/image\/s36\/736643\/full\/191811.jpg\" target=\"_blank\"><img decoding=\"async\" src=\"https:\/\/fr.sott.net\/image\/s36\/736643\/super\/191811.jpg\" alt=\"uhuh\" title=\"Cliquer pour agrandir\"\/><\/a><\/div>\n<p>Les pensionnaires ne savent pas encore que l&rsquo;\u00e9tablissement, au bord de la faillite, menace de fermer ses portes. L&rsquo;endroit est un havre de paix \u00e0 peine perturb\u00e9 par les marottes et le comportement fac\u00e9tieux de certains des vieux cabots qui refusent de s&rsquo;assagir avec le temps. L&rsquo;arriv\u00e9e de Saint Clair, un s\u00e9ducteur cynique et mythomane, qui a davantage exerc\u00e9 ses talents dans les alc\u00f4ves que sur les planches, va semer la perturbation dans l&rsquo;abbaye.<\/p>\n<p>Film aux multiples caract\u00e8res, <em>La Fin du jour<\/em> est n\u00e9anmoins b\u00e2ti autour de trois personnages principaux : Saint Clair, Marny, talentueux acteur qui n&rsquo;a jamais connu le succ\u00e8s, accabl\u00e9 d&rsquo;amertume par l&rsquo;\u00e9chec de sa vie professionnelle et sentimentale \u2014 sa femme l&rsquo;a quitt\u00e9 pour Saint Clair et est morte dans des circonstances douteuses et Cabrissade, cabotin farceur qui a pass\u00e9 sa vie dans les coulisses, condamn\u00e9 au r\u00f4le de doublure qui ne monte jamais sur sc\u00e8ne.<\/p>\n<p><em>La Fin du jour<\/em> offre ainsi \u00e0 trois acteurs l&rsquo;occasion de compositions exceptionnelles : Louis Jouvet dans le r\u00f4le de Saint Clair, Victor Francen dans celui de Marny et Michel Simon g\u00e9nial en Cabrissade. On peut regretter que Raimu initialement pr\u00e9vu n&rsquo;ait pas pu jouer l&rsquo;un de ces personnages aux c\u00f4t\u00e9s de Jouvet et Simon. Jouvet et Simon qui accentuent \u00e0 c\u0153ur joie l&rsquo;aspect monstrueux et path\u00e9tique de Saint Clair et Cabrissade, vieillards aux destins funestes.<\/p>\n<p>On retrouve la noirceur maladive de Duvivier dans les portraits de Saint Clair et Cabrissade, son pessimisme sans illusions dans celui de Marny. Saint Clair pousse une jeune femme au suicide afin de prouver au monde qu&rsquo;il est encore capable de faire chavirer les c\u0153urs, tandis que Cabrissade, homosexuel qui appr\u00e9cie la compagnie de jeunes boy-scouts, travers\u00e9 par un ultime sursaut d&rsquo;orgueil (jouer enfin la tirade de Flambeau dans <em>L&rsquo;Aiglon<\/em>), conna\u00eetra une mort tragique.<\/p>\n<p>Justement d\u00e9di\u00e9 \u00ab aux petits, aux obscurs, aux sans-grades \u00bb du th\u00e9\u00e2tre, <em>La Fin du jour<\/em> s&rsquo;ach\u00e8ve sur une oraison fun\u00e8bre dont se souviendront les auteurs des <em>Nouveaux monstres<\/em>, qui cite la sc\u00e8ne sur un mode comique. Port\u00e9 par de tr\u00e8s grandes performances d&rsquo;acteurs (Simon et Jouvet en t\u00eate), <em>La Fin du jour<\/em> est aussi un film mis en sc\u00e8ne avec beaucoup de pr\u00e9cision et m\u00eame de virtuosit\u00e9, comme c&rsquo;est souvent le cas chez Duvivier.\n\t\t<\/p>\n<\/div>\n<p><br \/>\n<br \/><a href=\"https:\/\/fr.sott.net\/article\/44461-Hommage-au-cinema-francais-La-fin-du-jour-petit-chef-d-uvre-sur-la-vie-la-vieillesse-et-le-theatre\" target=\"_blank\"\">Source link <\/a><\/p>\n","protected":false},"excerpt":{"rendered":"<p>La Fin du jour est un hommage aux acteurs et \u00e0 l&rsquo;art th\u00e9\u00e2tral. C&rsquo;est aussi, plus prosa\u00efquement, un film sur la vieillesse, au travers d&rsquo;une inoubliable galerie de portraits. L&rsquo;action&hellip; <\/p>\n","protected":false},"author":1,"featured_media":19925,"comment_status":"open","ping_status":"open","sticky":false,"template":"","format":"standard","meta":{"footnotes":""},"categories":[1],"tags":[],"class_list":["post-19924","post","type-post","status-publish","format-standard","has-post-thumbnail","hentry","category-non-classe"],"_links":{"self":[{"href":"https:\/\/monde25.info\/index.php\/wp-json\/wp\/v2\/posts\/19924","targetHints":{"allow":["GET"]}}],"collection":[{"href":"https:\/\/monde25.info\/index.php\/wp-json\/wp\/v2\/posts"}],"about":[{"href":"https:\/\/monde25.info\/index.php\/wp-json\/wp\/v2\/types\/post"}],"author":[{"embeddable":true,"href":"https:\/\/monde25.info\/index.php\/wp-json\/wp\/v2\/users\/1"}],"replies":[{"embeddable":true,"href":"https:\/\/monde25.info\/index.php\/wp-json\/wp\/v2\/comments?post=19924"}],"version-history":[{"count":0,"href":"https:\/\/monde25.info\/index.php\/wp-json\/wp\/v2\/posts\/19924\/revisions"}],"wp:featuredmedia":[{"embeddable":true,"href":"https:\/\/monde25.info\/index.php\/wp-json\/wp\/v2\/media\/19925"}],"wp:attachment":[{"href":"https:\/\/monde25.info\/index.php\/wp-json\/wp\/v2\/media?parent=19924"}],"wp:term":[{"taxonomy":"category","embeddable":true,"href":"https:\/\/monde25.info\/index.php\/wp-json\/wp\/v2\/categories?post=19924"},{"taxonomy":"post_tag","embeddable":true,"href":"https:\/\/monde25.info\/index.php\/wp-json\/wp\/v2\/tags?post=19924"}],"curies":[{"name":"wp","href":"https:\/\/api.w.org\/{rel}","templated":true}]}}