{"id":19932,"date":"2025-11-24T20:14:44","date_gmt":"2025-11-24T19:14:44","guid":{"rendered":"https:\/\/monde25.info\/index.php\/2025\/11\/24\/le-candidat-lfi-a-la-mairie-assure-quil-ne-fera-pas-la-chasse-aux-dealers-rt-en-francais\/"},"modified":"2025-11-24T20:14:44","modified_gmt":"2025-11-24T19:14:44","slug":"le-candidat-lfi-a-la-mairie-assure-quil-ne-fera-pas-la-chasse-aux-dealers-rt-en-francais","status":"publish","type":"post","link":"https:\/\/monde25.info\/index.php\/2025\/11\/24\/le-candidat-lfi-a-la-mairie-assure-quil-ne-fera-pas-la-chasse-aux-dealers-rt-en-francais\/","title":{"rendered":"le candidat LFI \u00e0 la mairie assure qu&rsquo;il ne fera pas \u00abla chasse aux dealers\u00bb \u2014 RT en fran\u00e7ais"},"content":{"rendered":"<p> <br \/>\n<br \/><img decoding=\"async\" src=\"https:\/\/mf.b37mrtl.ru\/french\/images\/2025.11\/thumbnail\/6924a3d56f7ccc336e1cf775.jpg\" \/><\/p>\n<div>\n<p class=\"text__summary\">\n                                        Alors que l\u2019ins\u00e9curit\u00e9 et le trafic de stup\u00e9fiant gangr\u00e8ne la capitale des Alpes, Allan Brunon, candidat de La France insoumise aux \u00e9lections municipales de mars 2026, a annonc\u00e9 lors d\u2019un entretien qu\u2019il privil\u00e9gierait une approche en mati\u00e8re de s\u00e9curit\u00e9 ax\u00e9e sur la \u00abm\u00e9diation\u00bb et la \u00abpr\u00e9vention\u00bb et ne ferait pas \u00abla chasse aux dealers\u00bb.\n                                    <\/p>\n<p>\u00ab\u00a0Mon \u00e9quipe n\u2019aura pas vocation \u00e0 faire la chasse aux dealers\u00a0\u00bb a averti Allan Brunon, candidat de La France Insoumise (LFI) \u00e0 la mairie de la capitale des Alpes, dans <a target=\"_blank\" href=\"https:\/\/actu.fr\/auvergne-rhone-alpes\/grenoble_38185\/municipales-a-grenoble-allan-brunon-candidat-lfi-on-ne-fera-pas-la-chasse-aux-dealers_63459101.html\">une interview<\/a> \u00e0 <em>Grenoble Actu,\u00a0<\/em>publi\u00e9e le 21 novembre.<\/p>\n<p>Interrog\u00e9 sur le volet de l\u2019ins\u00e9curit\u00e9, le candidat m\u00e9lenchoniste a march\u00e9 dans les pas de l\u2019actuel maire \u00e9cologiste \u00c9ric Piolle, que LFI avait notamment soutenu lors de sa r\u00e9\u00e9lection en 2020. \u00ab\u00a0La <a target=\"_blank\" href=\"https:\/\/www.lefigaro.fr\/actualite-france\/2014\/04\/10\/01016-20140410ARTFIG00345-des-maires-ump-prets-a-racheter-les-cameras-de-videosurveillance-de-grenoble.php\">vid\u00e9oprotection<\/a> ne fonctionne pas. On <a target=\"_blank\" href=\"https:\/\/www.lefigaro.fr\/actualite-france\/fusillades-a-grenoble-eric-piolle-estime-qu-armer-notre-police-municipale-c-est-l-exposer-a-des-risques-20240910\">n&rsquo;armera pas<\/a> davantage la police municipale, qui est d\u00e9j\u00e0 arm\u00e9e, parce que plus d&rsquo;armes est \u00e9gal \u00e0 plus de drames\u00a0\u00bb, a affirm\u00e9 le jeune candidat, qui a qualifi\u00e9 de \u00ab\u00a0mauvaises\u00a0\u00bb les solutions propos\u00e9es par l\u2019ancien maire de la ville Alain Carignon. Il a ainsi pr\u00f4n\u00e9 en faveur de la mise en \u0153uvre de \u00abmoyens de m\u00e9diation et de pr\u00e9vention\u00bb.<\/p>\n<p>Reconnaissant qu\u2019\u00ab\u00a0il y a une ins\u00e9curit\u00e9 \u00e0 Grenoble\u00a0\u00bb, Allan Brunon a estim\u00e9 que celle-ci \u00ab\u00a0n\u2019est pas simplement de l\u2019ordre de l\u2019attente aux biens et aux personnes\u00a0\u00bb et d\u2019\u00e9voquer l\u2019\u00e9tablissement d\u2019\u00ab\u00a0un grand service public de la tranquillit\u00e9 publique\u00a0\u00bb afin de, selon lui, \u00ab\u00a0traiter les probl\u00e8mes \u00e0 la racine, avec des m\u00e9diateurs dans les quartiers populaires\u00a0\u00bb.<\/p>\n<p>Candidat de la droite aux municipales de mars 2026, Alain Carignon est \u00e9galement favorable \u00e0 ce que l\u2019on emp\u00eache les dealers condamn\u00e9s d&rsquo;acc\u00e9der \u00e0 un logement social. Une \u00ab\u00a0b\u00eatise absolue\u00a0\u00bb, a balay\u00e9 le candidat LFI dipl\u00f4m\u00e9 de Science-Po Grenoble, qui y voit une mesure \u00ab\u00a0stigmatisante\u00a0\u00bb ainsi qu\u2019\u00ab\u00a0une mani\u00e8re, sans le dire, de s&rsquo;attirer les votes de l&rsquo;extr\u00eame droite\u00a0\u00bb.<\/p>\n<h3>\u00ab\u00a0Vaincre la droite x\u00e9nophobe\u00a0\u00bb<\/h3>\n<p>Une \u00ab\u00a0extr\u00eame droite\u00a0\u00bb au sens large, \u00e0 en croire des d\u00e9clarations pass\u00e9es du candidat LFI. \u00ab\u00a0D\u00e9termin\u00e9 \u00e0 partir au combat aux c\u00f4t\u00e9s des Grenoblois pour vaincre la droite x\u00e9nophobe celle-l\u00e0 m\u00eame qui, en 2010, th\u00e9orisait son discours raciste depuis cette place, \u00e0 travers les mots de Nicolas Sarkozy\u00a0\u00bb, avait d\u00e9clar\u00e9 Allan Brunon dans un message post\u00e9 sur X le 20 septembre.<\/p>\n<p>Message dans lequel il s\u2019\u00e9tait <a target=\"_blank\" href=\"https:\/\/x.com\/allanbrunon\/status\/1969444488377467217?\">d\u00e9clar\u00e9 \u00ab honor\u00e9 \u00bb<\/a> d\u2019\u00eatre investi t\u00eate de liste pour briguer la mairie de Grenoble. Il lan\u00e7ait alors sa campagne depuis le quartier populaire La Villeneuve o\u00f9 sa famille, \u00ab\u00a0engag\u00e9e dans la lib\u00e9ration du peuple alg\u00e9rien\u00a0\u00bb, s\u2019est \u00ab\u00a0install\u00e9e, il y a 65 ans\u00a0\u00bb.<\/p>\n<p>La situation s\u00e9curitaire \u00e0 Grenoble, marqu\u00e9e par des violences par arme \u00e0 feu li\u00e9es au trafic de drogue, n\u2019a eu de cesse de se d\u00e9grader ces derni\u00e8res ann\u00e9es. En d\u00e9but d\u2019ann\u00e9e, citant des chiffres du Service statistique minist\u00e9riel de la s\u00e9curit\u00e9 int\u00e9rieure, <em>Le Parisien<\/em> soulignait une explosion des vols violents avec armes (en hausse de 90 % sur la seule ann\u00e9e 2023). Une hausse qui demeurait pourtant moins \u00e9lev\u00e9e que celle des infractions li\u00e9es au trafic de stup\u00e9fiants, qui \u00ab\u00a0n\u2019ont cess\u00e9 d\u2019augmenter \u00e0 Grenoble depuis 2016, passant de 79 \u00e0 179 en 2023, avec un bond particuli\u00e8rement important de 56 % en 2022\u00a0\u00bb, rapportait le quotidien r\u00e9gional.<\/p>\n<p>Dans la nuit du 15 au 16 novembre, vers 3 heures du matin, dans le quartier Chorier-Berriat \u00e0 Grenoble, un gar\u00e7on de 12 ans a \u00e9t\u00e9 touch\u00e9 par plusieurs balles apr\u00e8s des tirs sur <a target=\"_blank\" href=\"https:\/\/www.francebleu.fr\/infos\/faits-divers-justice\/un-adolescent-de-14-ans-gravement-blesse-lors-d-une-fusillade-quartier-chorriet-berriat-a-grenoble-6246186\">un point de deal<\/a>. Mi-f\u00e9vrier, sur fond de r\u00e8glement de compte, un adolescent cagoul\u00e9 et arm\u00e9 d\u2019une kalachnikov avait attaqu\u00e9 un bar \u00e0 la grenade, blessant quinze personnes dont six gri\u00e8vement.<\/p>\n<\/div>\n<p><br \/>\n<br \/><a href=\"https:\/\/francais.rt.com\/france\/127678-grenoble-candidat-pas-chasse-dealers\" target=\"_blank\"\">Source link <\/a><\/p>\n","protected":false},"excerpt":{"rendered":"<p>Alors que l\u2019ins\u00e9curit\u00e9 et le trafic de stup\u00e9fiant gangr\u00e8ne la capitale des Alpes, Allan Brunon, candidat de La France insoumise aux \u00e9lections municipales de mars 2026, a annonc\u00e9 lors d\u2019un&hellip; <\/p>\n","protected":false},"author":1,"featured_media":19933,"comment_status":"open","ping_status":"open","sticky":false,"template":"","format":"standard","meta":{"footnotes":""},"categories":[1],"tags":[],"class_list":["post-19932","post","type-post","status-publish","format-standard","has-post-thumbnail","hentry","category-non-classe"],"_links":{"self":[{"href":"https:\/\/monde25.info\/index.php\/wp-json\/wp\/v2\/posts\/19932","targetHints":{"allow":["GET"]}}],"collection":[{"href":"https:\/\/monde25.info\/index.php\/wp-json\/wp\/v2\/posts"}],"about":[{"href":"https:\/\/monde25.info\/index.php\/wp-json\/wp\/v2\/types\/post"}],"author":[{"embeddable":true,"href":"https:\/\/monde25.info\/index.php\/wp-json\/wp\/v2\/users\/1"}],"replies":[{"embeddable":true,"href":"https:\/\/monde25.info\/index.php\/wp-json\/wp\/v2\/comments?post=19932"}],"version-history":[{"count":0,"href":"https:\/\/monde25.info\/index.php\/wp-json\/wp\/v2\/posts\/19932\/revisions"}],"wp:featuredmedia":[{"embeddable":true,"href":"https:\/\/monde25.info\/index.php\/wp-json\/wp\/v2\/media\/19933"}],"wp:attachment":[{"href":"https:\/\/monde25.info\/index.php\/wp-json\/wp\/v2\/media?parent=19932"}],"wp:term":[{"taxonomy":"category","embeddable":true,"href":"https:\/\/monde25.info\/index.php\/wp-json\/wp\/v2\/categories?post=19932"},{"taxonomy":"post_tag","embeddable":true,"href":"https:\/\/monde25.info\/index.php\/wp-json\/wp\/v2\/tags?post=19932"}],"curies":[{"name":"wp","href":"https:\/\/api.w.org\/{rel}","templated":true}]}}