{"id":19934,"date":"2025-11-24T23:00:43","date_gmt":"2025-11-24T22:00:43","guid":{"rendered":"https:\/\/monde25.info\/index.php\/2025\/11\/24\/20-de-vrac-ou-equivalent-le-gouvernement-clarifie-les-futures-regles-des-grands-magasins\/"},"modified":"2025-11-24T23:00:43","modified_gmt":"2025-11-24T22:00:43","slug":"20-de-vrac-ou-equivalent-le-gouvernement-clarifie-les-futures-regles-des-grands-magasins","status":"publish","type":"post","link":"https:\/\/monde25.info\/index.php\/2025\/11\/24\/20-de-vrac-ou-equivalent-le-gouvernement-clarifie-les-futures-regles-des-grands-magasins\/","title":{"rendered":"20\u00a0% de vrac ou \u00e9quivalent\u00a0: le gouvernement clarifie les futures r\u00e8gles des grands magasins"},"content":{"rendered":"<p> <br \/>\n<br \/><img loading=\"lazy\" decoding=\"async\" src=\"https:\/\/reporterre.net\/local\/cache-vignettes\/L700xH467\/vracarme-9f156.jpg?1763999121\" class=\"spip_logo\" width=\"700\" height=\"467\" alt=\"\" \/><\/p>\n<p>Les super et hypermarch\u00e9s savent d\u00e9sormais \u00e0 quoi s&rsquo;en tenir pour la vente des produits en vrac. Un d\u00e9cret publi\u00e9 le 21\u00a0novembre clarifie la fa\u00e7on dont ils doivent calculer la surface qu&rsquo;ils sont cens\u00e9s consacrer \u00e0 ces produits \u00e0 partir du 1<sup class=\"typo_exposants\">er<\/sup>\u00a0janvier 2030. <br class=\"autobr\" \/><br \/>\nLa loi Climat et R\u00e9silience de 2021 impose aux commerces de 400\u00a0m\u00b2 et plus d&rsquo;atteindre l&rsquo;objectif d&rsquo;au moins 20<small class=\"fine d-inline\">\u00a0<\/small>% de leur surface de vente \u00e0 la vente sans emballage ou proposer \u00ab<small class=\"fine d-inline\">\u00a0<\/small>un dispositif d&rsquo;effet \u00e9quivalent exprim\u00e9 en nombre de\u00a0(\u2026)<\/p>\n<p>                    <a target=\"_blank\" href=\"https:\/\/reporterre.net\/20-de-vrac-ou-equivalent-le-gouvernement-clarifie-les-futures-regles-des-grands-magasins?utm_source=RSS&amp;utm_medium=RSS\">Lire la suite<\/a><\/p>\n<p>                    &#8211;<br \/>\n                        <a target=\"_blank\" href=\"https:\/\/reporterre.net\/Breves-20\" rel=\"directory\">En bref<\/a><\/p>\n<p>                    \/<br \/>\n                        <a target=\"_blank\" href=\"https:\/\/reporterre.net\/Quotidien\" rel=\"tag\">Quotidien<\/a><br \/>\n<br \/><br \/>\n<br \/><a href=\"https:\/\/reporterre.net\/20-de-vrac-ou-equivalent-le-gouvernement-clarifie-les-futures-regles-des-grands-magasins\" target=\"_blank\"\">Source link <\/a><\/p>\n","protected":false},"excerpt":{"rendered":"<p>Les super et hypermarch\u00e9s savent d\u00e9sormais \u00e0 quoi s&rsquo;en tenir pour la vente des produits en vrac. Un d\u00e9cret publi\u00e9 le 21\u00a0novembre clarifie la fa\u00e7on dont ils doivent calculer la&hellip; <\/p>\n","protected":false},"author":1,"featured_media":0,"comment_status":"open","ping_status":"open","sticky":false,"template":"","format":"standard","meta":{"footnotes":""},"categories":[1],"tags":[],"class_list":["post-19934","post","type-post","status-publish","format-standard","hentry","category-non-classe"],"_links":{"self":[{"href":"https:\/\/monde25.info\/index.php\/wp-json\/wp\/v2\/posts\/19934","targetHints":{"allow":["GET"]}}],"collection":[{"href":"https:\/\/monde25.info\/index.php\/wp-json\/wp\/v2\/posts"}],"about":[{"href":"https:\/\/monde25.info\/index.php\/wp-json\/wp\/v2\/types\/post"}],"author":[{"embeddable":true,"href":"https:\/\/monde25.info\/index.php\/wp-json\/wp\/v2\/users\/1"}],"replies":[{"embeddable":true,"href":"https:\/\/monde25.info\/index.php\/wp-json\/wp\/v2\/comments?post=19934"}],"version-history":[{"count":0,"href":"https:\/\/monde25.info\/index.php\/wp-json\/wp\/v2\/posts\/19934\/revisions"}],"wp:attachment":[{"href":"https:\/\/monde25.info\/index.php\/wp-json\/wp\/v2\/media?parent=19934"}],"wp:term":[{"taxonomy":"category","embeddable":true,"href":"https:\/\/monde25.info\/index.php\/wp-json\/wp\/v2\/categories?post=19934"},{"taxonomy":"post_tag","embeddable":true,"href":"https:\/\/monde25.info\/index.php\/wp-json\/wp\/v2\/tags?post=19934"}],"curies":[{"name":"wp","href":"https:\/\/api.w.org\/{rel}","templated":true}]}}