{"id":19937,"date":"2025-11-25T00:06:56","date_gmt":"2025-11-24T23:06:56","guid":{"rendered":"https:\/\/monde25.info\/index.php\/2025\/11\/25\/la-tribune-du-pere-richard-kalka-un-cri-du-coeur-contre-la-rhetorique-belliqueuse-du-general-fabien-mandon\/"},"modified":"2025-11-25T00:06:56","modified_gmt":"2025-11-24T23:06:56","slug":"la-tribune-du-pere-richard-kalka-un-cri-du-coeur-contre-la-rhetorique-belliqueuse-du-general-fabien-mandon","status":"publish","type":"post","link":"https:\/\/monde25.info\/index.php\/2025\/11\/25\/la-tribune-du-pere-richard-kalka-un-cri-du-coeur-contre-la-rhetorique-belliqueuse-du-general-fabien-mandon\/","title":{"rendered":"La tribune du p\u00e8re Richard Kalka : Un cri du c\u0153ur contre la rh\u00e9torique belliqueuse du g\u00e9n\u00e9ral Fabien Mandon"},"content":{"rendered":"<p> <br \/>\n<\/p>\n<div>\n<p>Dans un climat international tendu, marqu\u00e9 par les \u00e9chos persistants du conflit ukrainien et les alertes r\u00e9p\u00e9t\u00e9es sur une possible escalade avec la Russie, <a target=\"_blank\" href=\"https:\/\/www.francesoir.fr\/politique-monde\/l-accord-de-paix-en-28-points-pour-l-ukraine-un-ultimatum-americain-qui-met-l\">et quelques pas en avant vers la paix<\/a>, une voix singuli\u00e8re s&rsquo;\u00e9l\u00e8ve pour briser le consensus martial. Le P\u00e8re Richard Kalka, ancien aum\u00f4nier des parachutistes fran\u00e7ais, a publi\u00e9 une tribune libre adress\u00e9e directement au g\u00e9n\u00e9ral Fabien Mandon, chef d&rsquo;\u00e9tat-major des Arm\u00e9es. Ce texte, <a target=\"_blank\" href=\"https:\/\/edition.francesoir.fr\/opinions-editos\/le-courage-de-la-paix-elude-quand-nos-dirigeants-preparent-la-guerre-au-nom-de-l\">virulent et fraternel \u00e0 la fois, r\u00e9agit aux d\u00e9clarations r\u00e9centes du g\u00e9n\u00e9ral prononc\u00e9es le 18 novembre 2025 lors du Congr\u00e8s des maires de France<\/a>. Mandon y avait appel\u00e9 les Fran\u00e7ais \u00e0 restaurer leur \u00ab\u00a0<em>force d&rsquo;\u00e2me<\/em>\u00a0\u00bb pour \u00ab\u00a0<em>accepter de perdre ses enfants<\/em>\u00a0\u00bb face \u00e0 une menace russe jug\u00e9e imminente, tout en exhortant les \u00e9lus locaux \u00e0 pr\u00e9parer leurs concitoyens \u00e0 un effort de guerre \u00e9conomique et humain.\u00a0<\/p>\n<p>Ces propos, <strong>qualifi\u00e9s d&rsquo;\u00a0\u00ab\u00a0<\/strong><em><strong>anxiog\u00e8nes<\/strong><\/em><strong>\u00a0\u00bb et \u00ab\u00a0<\/strong><em><strong>va-t-en-guerre<\/strong><\/em><strong>\u00a0\u00bb<\/strong> par une partie de la classe politique, ont suscit\u00e9 un toll\u00e9. La r\u00e9ponse du P\u00e8re Kalka, impr\u00e9gn\u00e9e d&rsquo;une exp\u00e9rience de terrain forg\u00e9e au c\u0153ur des op\u00e9rations ext\u00e9rieures, <strong>incarne un refus cat\u00e9gorique de cette fatalit\u00e9 belliqueuse<\/strong>, au nom d&rsquo;une paix lucide et d&rsquo;une fraternit\u00e9 d&rsquo;armes.<\/p>\n<h5><strong>Les d\u00e9clarations de Fabien Mandon, un discours qui divise<\/strong><\/h5>\n<p>Le g\u00e9n\u00e9ral Fabien Mandon, pilote de Mirage pass\u00e9 par l&rsquo;\u00e9tat-major particulier d&rsquo;Emmanuel Macron, n&rsquo;en est pas \u00e0 sa premi\u00e8re alerte. D\u00e8s octobre 2025, lors d&rsquo;une audition devant l&rsquo;Assembl\u00e9e nationale, il \u00e9voquait un \u00ab\u00a0<em>choc<\/em>\u00a0\u00bb possible avec la Russie \u00ab\u00a0<em>dans trois ou quatre ans<\/em>\u00a0\u00bb, justifiant un r\u00e9armement acc\u00e9l\u00e9r\u00e9. Le 18 novembre, devant pr\u00e8s de 13 000 maires r\u00e9unis \u00e0 Paris, <strong>il a franchi un cap<\/strong> en affirmant : <a target=\"_blank\" href=\"https:\/\/www.francesoir.fr\/opinions-editos\/le-courage-de-la-paix-elude-quand-nos-dirigeants-preparent-la-guerre-au-nom-de-l\">\u00ab\u00a0<em>Si notre pays flanche parce <strong>qu\u2019il n\u2019est pas pr\u00eat \u00e0 accepter de perdre ses enfants <\/strong>[&#8230;] de souffrir \u00e9conomiquement parce que les priorit\u00e9s iront \u00e0 de la production d\u00e9fense, alors on est en risque. [&#8230;] Il faut en parler dans vos communes<\/em>.\u00a0\u00bb<\/a> Ces mots, destin\u00e9s \u00e0 sensibiliser les \u00e9lus au r\u00f4le des communes dans la \u00ab\u00a0r\u00e9silience nationale\u00a0\u00bb, visent \u00e0 restaurer une \u00ab\u00a0<em>force d&rsquo;\u00e2me collective<\/em>\u00a0\u00bb face \u00e0 une Russie d\u00e9crite comme se pr\u00e9parant \u00e0 une \u00ab\u00a0<em>confrontation \u00e0 l&rsquo;horizon 2030<\/em>\u00a0\u00bb avec l&rsquo;OTAN et l&rsquo;Union europ\u00e9enne.<\/p>\n<p><img decoding=\"async\" alt=\"Le courage de la paix\" width=\"708\" height=\"425\" class=\"align-center lazyload\" loading=\"lazy\" src=\"https:\/\/www.francesoir.fr\/sites\/default\/files\/styles\/max_1300x1300\/public\/2025-11\/FS102025%20%2887%29.png?itok=-AXje4GR\"\/><\/p>\n<p>Soutenus par la ministre des Arm\u00e9es Catherine Vautrin, qui y voit, de mani\u00e8re surprenante, une <a target=\"_blank\" href=\"https:\/\/www.francesoir.fr\/opinions-editos\/le-mot-qui-tue-la-verite-polemique\">\u00ab\u00a0<em>sensibilisation n\u00e9cessaire au contexte actuel<\/em>\u00a0\u00bb<\/a>, ces propos ont \u00e9t\u00e9 critiqu\u00e9s comme une \u00ab\u00a0<em>faute<\/em>\u00a0\u00bb par le RN (S\u00e9bastien Chenu les jugeant ill\u00e9gitimes pour un militaire), un \u00ab\u00a0<em>d\u00e9saccord total<\/em>\u00a0\u00bb par LFI (Jean-Luc M\u00e9lenchon d\u00e9non\u00e7ant une invitation \u00e0 des \u00ab\u00a0<em>pr\u00e9parations guerri\u00e8res<\/em>\u00a0\u00bb), et des \u00ab\u00a0<em>discours insupportables<\/em>\u00a0\u00bb par le PCF (Fabien Roussel \u00e9voquant les 51 000 monuments aux morts comme un rappel suffisant). Emmanuel Macron a renouvel\u00e9 sa confiance \u00e0 Mandon le 23 novembre, nuan\u00e7ant toutefois en insistant sur la pr\u00e9paration sans provocation. Ce discours s&rsquo;inscrit dans une lign\u00e9e plus large : le limogeage en juillet 2025 du pr\u00e9c\u00e9dent CEMA, Thierry Burkhard, apr\u00e8s ses propres alertes sur la Russie, et la signature r\u00e9cente d&rsquo;un contrat pour 100 Rafale \u00e0 l&rsquo;Ukraine, vue comme une escalade.\u00a0<\/p>\n<blockquote>\n<p>Cette d\u00e9claration est d\u2019autant plus surprenante venant du CEMA, car elle s\u2019apparente \u00e0 une d\u00e9claration politique qui n\u2019entre pas dans ses attributions.<\/p>\n<\/blockquote>\n<h5>\u00a0<\/h5>\n<h5><strong>La tribune du P\u00e8re Kalka : Un appel fraternel et incisif \u00e0 la raison<\/strong><\/h5>\n<p>Ancien aum\u00f4nier des parachutistes, le P\u00e8re Richard Kalka s&rsquo;adresse \u00e0 Mandon en \u00ab\u00a0<em>fr\u00e8re d&rsquo;armes<\/em>\u00a0\u00bb, adoptant <strong>un vouvoiement initial qui c\u00e8de vite \u00e0 un tutoiement \u00ab\u00a0de circonstances\u00a0\u00bb<\/strong> face \u00e0 l&rsquo;\u00a0\u00ab\u00a0<em>affligeant<\/em>\u00a0\u00bb et \u00ab\u00a0stupidement <em>anxiog\u00e8ne<\/em>\u00a0\u00bb discours du g\u00e9n\u00e9ral. Avec une plume tremp\u00e9e dans l&rsquo;exp\u00e9rience des th\u00e9\u00e2tres d&rsquo;op\u00e9rations (Afghanistan, Kandahar), Kalka d\u00e9peint Mandon comme un \u00ab\u00a0<em>perroquet du Pr\u00e9sident<\/em>\u00a0\u00bb, un pilote d&rsquo;\u00e9lite pass\u00e9 de la \u00ab\u00a0<em>secte Mirage<\/em>\u00a0\u00bb \u00e0 un r\u00f4le de porte-parole politique. \u00ab\u00a0<em>Quelle mouche vous a donc piqu\u00e9 ?<\/em>\u00a0\u00bb, interroge-t-il, opposant l&rsquo;\u00a0\u00ab\u00a0<em>aristocratie volante<\/em>\u00a0\u00bb des pilotes de chasse \u00e0 cette d\u00e9rive.<\/p>\n<p><img decoding=\"async\" data-entity-uuid=\"442f2c7d-96c4-4478-bd86-b5b59f2fb806\" data-entity-type=\"file\" alt=\"tribune\" width=\"700\" height=\"420\" class=\"align-center lazyload\" loading=\"lazy\" src=\"https:\/\/www.francesoir.fr\/sites\/default\/files\/inline-images\/FS102025%20%2891%29.png\"\/><\/p>\n<p>Au c\u0153ur de sa critique : <strong>le refus de diaboliser la Russie<\/strong>. \u00ab\u00a0<em>La Russie, contrairement \u00e0 notre Pr\u00e9sident, aime la France et qu\u2019aucune guerre n\u2019est programm\u00e9e ni envisag\u00e9e de son c\u00f4t\u00e9, sauf si l\u2019illumin\u00e9 gourou en chef de notre pays va trop loin dans la provocation verbale et militaire<\/em>\u00a0\u00bb, \u00e9crit Kalka. Il \u00e9voque une histoire partag\u00e9e \u2013 de 1814 (soutien russe contre le d\u00e9membrement de la France post-Napol\u00e9on) \u00e0 1944 (alliance avec Staline pour restaurer la France au Conseil de s\u00e9curit\u00e9 de l&rsquo;ONU) \u2013 pour <strong>contrer la narrative d&rsquo;une menace existentielle<\/strong>. Face \u00e0 l&rsquo;appel de Mandon \u00e0 \u00ab\u00a0<em>sacrifier [ses] enfants<\/em>\u00a0\u00bb, Kalka tonne : \u00ab\u00a0<em>Les Fran\u00e7ais manquent-ils \u00e0 ce point de force d\u2019\u00e2me \u00e0 vos yeux ?! Il faut qu\u2019ils se fassent mal, tr\u00e8s mal, pour d\u00e9fendre la nation<\/em>.\u00a0\u00bb Son conseil final, presque paternel :\u00a0<\/p>\n<blockquote>\n<p class=\"text-align-center\">\u00ab\u00a0<em>Retourne dans ton bureau, assieds-toi confortablement, prends un bon caf\u00e9 (pas une bi\u00e8re, la binouse c\u2019est chez les paras) et commence \u00e0 r\u00e9fl\u00e9chir.<\/em>\u00a0\u00bb<\/p>\n<\/blockquote>\n<p>Cette tribune, diffus\u00e9e sur X et divers blogs, <strong>r\u00e9sonne comme un \u00e9cho spirituel \u00e0 des voix plus la\u00efques<\/strong>. Elle rappelle l\u2019article \u00a0<a target=\"_blank\" href=\"https:\/\/www.francesoir.fr\/opinions-editos\/le-courage-de-la-paix-elude-quand-nos-dirigeants-preparent-la-guerre-au-nom-de-l\">\u00ab\u00a0<em>Le courage de la Paix \u00e9lud\u00e9<\/em>\u00a0\u00bb<\/a>, qui d\u00e9nonce une \u00ab\u00a0<em>fanfare guerri\u00e8re<\/em>\u00a0\u00bb orchestr\u00e9e par l&rsquo;\u00c9lys\u00e9e, o\u00f9 les d\u00e9clarations de Mandon sont vues comme une \u00ab\u00a0<em>purge<\/em>\u00a0\u00bb post-Burkhard pour imposer une ob\u00e9issance atlantiste. La \u00ab\u00a0<em>D\u00e9claration de Paris<\/em>\u00a0\u00bb est critiqu\u00e9e comme <strong>une censure unilat\u00e9rale du conflit ukrainien<\/strong>, et note des n\u00e9gociations secr\u00e8tes am\u00e9ricaines pour un cessez-le-feu en 28 points (cession de territoires, garanties de s\u00e9curit\u00e9), contrastant avec l&rsquo;escalade fran\u00e7aise.\u00a0<\/p>\n<blockquote>\n<p>Comme Kalka, Xavier Azalbert argue que la Russie <strong>n&rsquo;est pas une \u00ab\u00a0<\/strong><em><strong>menace durable<\/strong><\/em><strong>\u00a0\u00bb<\/strong> pour la France, mais une victime d&rsquo;une narrative haineuse h\u00e9rit\u00e9e de vanit\u00e9s humili\u00e9es.<\/p>\n<\/blockquote>\n<p>\u00a0<\/p>\n<h5><strong>Une fracture entre devoir militaire et appel \u00e0 la paix<\/strong><\/h5>\n<p>La tribune de Kalka n&rsquo;est pas un simple coup de gueule : <strong>elle r\u00e9v\u00e8le une fracture profonde au sein de la \u00ab\u00a0<\/strong><em><strong>grande muette<\/strong><\/em><strong>\u00a0\u00bb.<\/strong> D&rsquo;un c\u00f4t\u00e9, Mandon incarnerait un r\u00e9alisme \u00ab\u00a0<em>aux ordres<\/em>\u00a0\u00bb \u2013 la dissuasion par la pr\u00e9paration, align\u00e9 sur les alli\u00e9s europ\u00e9ens (Allemagne, Danemark) qui partagent l&rsquo;analyse d&rsquo;une Russie offensive. Ses propos, maladroits mais crus, et probablement hors de ses pr\u00e9rogatives, viseraient \u00e0 r\u00e9veiller une \u00ab\u00a0<em>force morale collective<\/em>\u00a0\u00bb face \u00e0 une guerre hybride d\u00e9j\u00e0 en cours (cyber, informationnelle). De l&rsquo;autre, Kalka, avec son pass\u00e9 parachutiste, oppose <strong>une \u00e9thique de la fraternit\u00e9<\/strong> : <strong>la guerre n&rsquo;est pas in\u00e9vitable, mais provoqu\u00e9e par des \u00ab\u00a0<\/strong><em><strong>provocations verbales<\/strong><\/em><strong>\u00a0\u00bb<\/strong> (Macron). Son texte, teint\u00e9 d&rsquo;humour (\u00ab\u00a0<em>la binouse c\u2019est chez les paras<\/em>\u00a0\u00bb), humanise le d\u00e9bat, rappelant que les soldats ne sont pas des \u00ab\u00a0<em>pions<\/em>\u00a0\u00bb mais des fr\u00e8res.<\/p>\n<p><img decoding=\"async\" alt=\"Paul Pellizzari\" width=\"709\" height=\"399\" class=\"align-center lazyload\" loading=\"lazy\" src=\"https:\/\/www.francesoir.fr\/sites\/default\/files\/styles\/max_1300x1300\/public\/2025-11\/pellizzari-reportage-OK%20%281%29.jpg?itok=VMawhLll\"\/><\/p>\n<p>Cette opposition interroge le r\u00f4le des militaires dans le d\u00e9bat public ainsi que leur fameux devoir de r\u00e9serve qui <a target=\"_blank\" href=\"https:\/\/www.francesoir.fr\/videos-videos-ne-pas-manquer-reportage-politique-france\/radiation-d-un-general-reveil-d-une\">a r\u00e9cemment cout\u00e9 ses \u00e9toiles au g\u00e9n\u00e9ral Pellizzari<\/a> pour y avoir manqu\u00e9. Outrepasse-t-on les bornes en politisant l&rsquo;arm\u00e9e, comme le craignent LFI et le RN ? Ou est-ce un devoir de v\u00e9rit\u00e9, comme le d\u00e9fend C\u00e9dric Perrin (LR) au S\u00e9nat : \u00ab\u00a0<em>S\u2019il faut employer de tels propos pour que chacun prenne conscience de la situation, le chef d\u2019\u00e9tat-major a raison<\/em>.\u00a0\u00bb Kalka penche pour la seconde option, mais invers\u00e9e : <strong>la vraie conscience est de refuser la fatalit\u00e9 guerri\u00e8re<\/strong>, en \u00e9cho \u00e0 des pacifistes comme Florian Philippot qui y voient une \u00ab\u00a0<em>surench\u00e8re t\u00e9l\u00e9guid\u00e9e par Macron<\/em>\u00a0\u00bb. G\u00e9opolitiquement, alors que 64 % des Fran\u00e7ais craignent une propagation du conflit (sondage Elabe, mars 2025), la tribune de Kalka <strong>plaide pour une diplomatie fran\u00e7aise autonome<\/strong>, loin de l&rsquo;atlantisme, et proche d&rsquo;une histoire d&rsquo;alliances oubli\u00e9es avec la Russie.<\/p>\n<p>\u00a0<\/p>\n<h5><strong>R\u00e9actions : Un buzz sur X et au-del\u00e0, entre soutiens et controverses<\/strong><\/h5>\n<p>Sur X, la tribune a rapidement fait le buzz, avec plus de 5 000 interactions en 48 heures. Des comptes comme @saphirquenzo et @RobertSteuckers l&rsquo;ont relay\u00e9e aux c\u00f4t\u00e9s de Philippe de Villiers, qui y voit un \u00ab\u00a0<em>r\u00e9veil des consciences<\/em>\u00a0\u00bb contre \u00ab\u00a0<em>l&rsquo;hubris macronienne<\/em>\u00a0\u00bb. Des voix comme celle de @FredGaulois rappellent l&rsquo;aide sovi\u00e9tique de 1946 (400 000 tonnes de bl\u00e9 \u00e0 une France affam\u00e9e), opposant cela \u00e0 la \u00ab\u00a0<em>haine atlantiste<\/em>\u00a0\u00bb. D\u2019autres vantent Mandon comme lucide sur une Russie qui \u00ab\u00a0<em>voit la France comme une nation faible<\/em>\u00a0\u00bb, tandis que @AldoSterone111 fustige l&rsquo;escalade comme un \u00ab\u00a0<em>sacrifice de jeunes sur l&rsquo;autel des banquiers et des marchands d&rsquo;armes<\/em>\u00a0\u00bb.<\/p>\n<p>Critiques virulentes aussi : @Arreter_Fischer accuse Kalka d&rsquo;\u00a0\u00ab\u00a0<em>aveuglement<\/em>\u00a0\u00bb pro-Poutine, le qualifiant de \u00ab\u00a0<em>criminel de guerre<\/em>\u00a0\u00bb complice d&rsquo;un \u00ab\u00a0<em>Agenda 2030 dystopique<\/em>\u00a0\u00bb avec Macron et Zelensky. @hdomb56 moque les \u00ab\u00a0<em>patriotes de carton<\/em>\u00a0\u00bb soutenant Kalka contre la \u00ab\u00a0<em>clairvoyance<\/em>\u00a0\u00bb de Mandon sur le nucl\u00e9aire russe. Caroline Galacteros, g\u00e9opolitologue, d\u00e9nonce les \u00ab\u00a0<em>irresponsables cyniques<\/em>\u00a0\u00bb derri\u00e8re la propagande anti-russe. Ailleurs, <a target=\"_blank\" href=\"https:\/\/x.com\/saphirquenzo\/status\/1992271096796852672?s=20\"><em>Synth\u00e8se Nationale<\/em><\/a> consacre un article aux r\u00e9actions, liant Kalka \u00e0 de Villiers pour un \u00ab\u00a0<em>front de la paix r\u00e9aliste<\/em> \u00bb. Sur RMC et BFM, des auditeurs comme Julien (analyste financier) s&rsquo;indignent : \u00ab\u00a0<em>Qui va vouloir faire des enfants si c&rsquo;est pour finir en chair \u00e0 canon ?<\/em>\u00a0\u00bb <em>Le Point<\/em> publie l&rsquo;int\u00e9gralit\u00e9 du discours de Mandon (21 novembre), soulignant son \u00e9cho historique aux monuments aux morts. <em>France Inter<\/em> (21 novembre) contextualise : <strong>ces alertes ne pr\u00e9parent pas \u00e0 la guerre, mais \u00e0 la dissuasion<\/strong>.<\/p>\n<p>Ces r\u00e9actions polarisent : d&rsquo;un c\u00f4t\u00e9, un appel \u00e0 la vigilance (soutiens \u00e0 Mandon) ; de l&rsquo;autre, un cri pour la paix (\u00e9cho \u00e0 Kalka), <a target=\"_blank\" href=\"https:\/\/www.francesoir.fr\/politique-monde\/l-accord-de-paix-en-28-points-pour-l-ukraine-un-ultimatum-americain-qui-met-l\">amplifi\u00e9 par des n\u00e9gociations USA-Russie<\/a> alors que Paris veut <a target=\"_blank\" href=\"https:\/\/www.francesoir.fr\/opinions-tribunes-politique-france\/macron-et-zelensky-un-accord-historique-pour-100-rafales-ou-le\">vendre 100 Rafale \u00e0 Kiev\u00a0!<\/a>\u00a0<\/p>\n<h5>\u00a0<\/h5>\n<h5><strong>Vers un d\u00e9bat national sur la paix arm\u00e9e ?<\/strong><\/h5>\n<p>La tribune du P\u00e8re Kalka n&rsquo;est pas qu&rsquo;une missive priv\u00e9e : <strong>elle invite \u00e0 un sursaut<\/strong>. Dans un pays marqu\u00e9 par 51 000 monuments aux morts, o\u00f9 <strong>la guerre rime avec deuil collectif<\/strong>, elle pose la question essentielle : <strong>la \u00ab\u00a0<\/strong><em><strong>force d&rsquo;\u00e2me<\/strong><\/em><strong>\u00a0\u00bb est-elle dans l&rsquo;acceptation du sacrifice, ou dans le courage de la diplomatie ?<\/strong><\/p>\n<blockquote>\n<p>Face \u00e0 une Russie diabolis\u00e9e mais historiquement alli\u00e9e, et \u00e0 des dirigeants <a target=\"_blank\" href=\"https:\/\/www.francesoir.fr\/opinions-editos\/le-courage-de-la-paix-elude-quand-nos-dirigeants-preparent-la-guerre-au-nom-de-l\">accus\u00e9s de pr\u00e9parer la guerre \u00ab\u00a0<em>au nom de l&rsquo;histoire<\/em>\u00a0\u00bb<\/a>, Kalka rappelle que <strong>les armes ne font pas la paix<\/strong>. Peut-\u00eatre est-il temps, comme il le sugg\u00e8re, de poser le caf\u00e9 et r\u00e9fl\u00e9chir \u2013 avant que les enfants ne paient l&rsquo;addition.<\/p>\n<\/blockquote>\n<p>\u00a0<\/p>\n<blockquote>\n<p>Annexe\u00a0: Tribune libre du P\u00e8re KALKA Ancien aum\u00f4nier des parachutiste\ud83c\udde8\ud83c\uddf5<\/p>\n<p>Monsieur Fabien Mandon, Mon G\u00e9n\u00e9ral,<\/p>\n<p>Je ne vous connais pas personnellement, comme beaucoup de mes fr\u00e8res d\u2019armes, d\u2019o\u00f9 le vouvoiement de rigueur que j\u2019adopte dans cette missive. Vous avez pass\u00e9 le plus clair de votre temps dans l\u2019Arm\u00e9e de l\u2019air. Vous avez \u00e9t\u00e9, je suppose, un bon pilote de chasse.<\/p>\n<p>Mes connaissances de l\u2019aviation militaire sont vagues. J\u2019ai servi pendant trois ans, avant d\u2019\u00e9pouser le monde parachutiste, dans les bases de Saintes, Rochefort et Cognac.<\/p>\n<p>J\u2019ai aussi eu beaucoup de contacts avec les aviateurs au cours de mes nombreuses op\u00e9rations ext\u00e9rieures (\u00e0 Kandahar en Afghanistan, entre autres).<\/p>\n<p>Je sais que l\u2019Arm\u00e9e de l\u2019air se compose de deux corps : le corps des m\u00e9canos avion et celui des pilotes.<\/p>\n<p>Parmi ces derniers, on distingue clairement les pilotes de transport &#8211; de bons vivants, sympas et arrangeants &#8211; des pilotes de chasse, v\u00e9ritable aristocratie volante, elle- m\u00eame peu homog\u00e8ne au sein de laquelle se c\u00f4toient, d\u2019assez loin, les \u00ab confr\u00e9ries \u00bb ou plut\u00f4t les \u00ab sectes \u00bb \u00e9tablies selon les diff\u00e9rents types d\u2019avion. Entre les pilotes des Myst\u00e8re, Alpha Jet, Mirage ou Rafale, on ne se m\u00e9lange pas, Monsieur !<\/p>\n<p>Et vous \u00eates bien plac\u00e9 pour savoir que je n\u2019invente rien puisque vous-m\u00eame avez longtemps \u00e9t\u00e9 membre de la \u00ab secte Mirage \u00bb jusqu\u2019\u00e0 piloter le Mirage 2000D, v\u00e9ritable exploit d\u2019un jeune et brillant pilote.<\/p>\n<p>Quelle mouche vous a donc piqu\u00e9 pour devenir le porte-parole, ou plut\u00f4t le perroquet du Pr\u00e9sident de la R\u00e9publique ? Votre intervention au Congr\u00e8s des Maires, outrepassant votre r\u00f4le de chef militaire, est \u00e0 la fois affligeante et stupidement anxiog\u00e8ne. Puisque la Russie, disiez-vous, va bient\u00f4t nous d\u00e9clarer la guerre, il faudra s\u2019y pr\u00e9parer tr\u00e8s s\u00e9rieusement.<\/p>\n<p>Les Fran\u00e7ais manquent-ils \u00e0 ce point de force d\u2019\u00e2me \u00e0 vos yeux ?! Il faut qu\u2019ils se fassent mal, tr\u00e8s mal, pour d\u00e9fendre la nation. Et, brevet de pilote sur le g\u00e2teau, qu\u2019ils soient pr\u00eats \u00e0 sacrifier leurs enfants et \u00e0 souffrir \u00e9conomiquement !<\/p>\n<p>Mon pauvre gars, o\u00f9 as-tu \u00e9t\u00e9 piocher tout \u00e7a ? D\u00e9sol\u00e9 pour le tutoiement, mais de telles b\u00eatises prononc\u00e9es publiquement et \u00e0 haute voix me rendent malpoli.<\/p>\n<p>Mets toi bien dans ta casquette de pilote que la Russie, contrairement \u00e0 notre Pr\u00e9sident, aime la France et qu\u2019aucune guerre n\u2019est programm\u00e9e ni envisag\u00e9e de son c\u00f4t\u00e9, sauf si&#8230; Justement, sauf si l\u2019illumin\u00e9 gourou en chef de notre pays va trop loin dans la provocation verbale et militaire.<\/p>\n<p>Monsieur Mandon, mon g\u00e9n\u00e9ral, retourne dans ton bureau, assieds-toi confortablement, prends un bon caf\u00e9 (pas une bi\u00e8re, la binouse c\u2019est chez les paras) et commence \u00e0 r\u00e9fl\u00e9chir.<\/p>\n<p>P\u00e8re Richard KALKA<\/p>\n<\/blockquote>\n<\/div>\n<p><script>(function(d, s, id) {  var js, fjs = d.getElementsByTagName(s)[0];  if (d.getElementById(id)) return;  js = d.createElement(s); js.id = id;  js.src = \"\/\/connect.facebook.net\/fr_FR\/sdk.js#xfbml=1&version=v2.3\";  fjs.parentNode.insertBefore(js, fjs);}(document, \"script\", \"facebook-jssdk\"));<\/script><br \/>\n<br \/><br \/>\n<br \/><a href=\"https:\/\/www.francesoir.fr\/politique-france\/la-tribune-du-pere-richard-kalka-un-cri-du-coeur-contre-la-rhetorique-belliqueuse\" target=\"_blank\"\">Source link <\/a><\/p>\n","protected":false},"excerpt":{"rendered":"<p>Dans un climat international tendu, marqu\u00e9 par les \u00e9chos persistants du conflit ukrainien et les alertes r\u00e9p\u00e9t\u00e9es sur une possible escalade avec la Russie, et quelques pas en avant vers&hellip; <\/p>\n","protected":false},"author":1,"featured_media":19938,"comment_status":"open","ping_status":"open","sticky":false,"template":"","format":"standard","meta":{"footnotes":""},"categories":[1],"tags":[],"class_list":["post-19937","post","type-post","status-publish","format-standard","has-post-thumbnail","hentry","category-non-classe"],"_links":{"self":[{"href":"https:\/\/monde25.info\/index.php\/wp-json\/wp\/v2\/posts\/19937","targetHints":{"allow":["GET"]}}],"collection":[{"href":"https:\/\/monde25.info\/index.php\/wp-json\/wp\/v2\/posts"}],"about":[{"href":"https:\/\/monde25.info\/index.php\/wp-json\/wp\/v2\/types\/post"}],"author":[{"embeddable":true,"href":"https:\/\/monde25.info\/index.php\/wp-json\/wp\/v2\/users\/1"}],"replies":[{"embeddable":true,"href":"https:\/\/monde25.info\/index.php\/wp-json\/wp\/v2\/comments?post=19937"}],"version-history":[{"count":0,"href":"https:\/\/monde25.info\/index.php\/wp-json\/wp\/v2\/posts\/19937\/revisions"}],"wp:featuredmedia":[{"embeddable":true,"href":"https:\/\/monde25.info\/index.php\/wp-json\/wp\/v2\/media\/19938"}],"wp:attachment":[{"href":"https:\/\/monde25.info\/index.php\/wp-json\/wp\/v2\/media?parent=19937"}],"wp:term":[{"taxonomy":"category","embeddable":true,"href":"https:\/\/monde25.info\/index.php\/wp-json\/wp\/v2\/categories?post=19937"},{"taxonomy":"post_tag","embeddable":true,"href":"https:\/\/monde25.info\/index.php\/wp-json\/wp\/v2\/tags?post=19937"}],"curies":[{"name":"wp","href":"https:\/\/api.w.org\/{rel}","templated":true}]}}