{"id":19939,"date":"2025-11-25T00:39:46","date_gmt":"2025-11-24T23:39:46","guid":{"rendered":"https:\/\/monde25.info\/index.php\/2025\/11\/25\/le-senat-enterine-son-remaniement-de-la-copie-gouvernementale-rt-en-francais\/"},"modified":"2025-11-25T00:39:46","modified_gmt":"2025-11-24T23:39:46","slug":"le-senat-enterine-son-remaniement-de-la-copie-gouvernementale-rt-en-francais","status":"publish","type":"post","link":"https:\/\/monde25.info\/index.php\/2025\/11\/25\/le-senat-enterine-son-remaniement-de-la-copie-gouvernementale-rt-en-francais\/","title":{"rendered":"le S\u00e9nat ent\u00e9rine son remaniement de la copie gouvernementale \u2014 RT en fran\u00e7ais"},"content":{"rendered":"<p> <br \/>\n<br \/><img decoding=\"async\" src=\"https:\/\/mf.b37mrtl.ru\/french\/images\/2025.11\/thumbnail\/6924b0bf87f3ec6daa39d73a.jpg\" \/><\/p>\n<div>\n<p class=\"text__summary\">\n                                        La commission des Finances du S\u00e9nat a commenc\u00e9 ce 24 novembre \u00e0 retoucher le projet de loi de finances pour 2026 en adoptant une s\u00e9rie d\u2019amendements, avec en toile de fond la volont\u00e9 d\u2019all\u00e9ger la charge fiscale pesant sur les entreprises ainsi que les d\u00e9penses publiques.\n                                    <\/p>\n<p>Le S\u00e9nat a ent\u00e9rin\u00e9 ce 24 novembre, son examen du projet de loi de finances pour 2026. En Commission des inances, les \u00e9lus de la chambre haute du Parlement fran\u00e7ais ont \u00e9t\u00e9 saisis du texte initial du gouvernement, apr\u00e8s le rejet massif par les d\u00e9put\u00e9s du volet \u00ab\u00a0recettes\u00a0\u00bb dans la nuit du 20 au 21 novembre.<\/p>\n<p>En cette premi\u00e8re journ\u00e9e, les s\u00e9nateurs ont notamment retoqu\u00e9 la surtaxe sur l&rsquo;imp\u00f4t sur les soci\u00e9t\u00e9s. Un tour de vis fiscal gr\u00e2ce auquel le gouvernement esp\u00e9rait r\u00e9cup\u00e9rer quatre milliards d\u2019euros en 2026 et que les d\u00e9put\u00e9s avaient alourdi \u2013 avant le rejet global du texte \u2013 \u00a0pour porter les recettes \u00e9ventuelles \u00e0 six milliards d\u2019euros.<\/p>\n<p>\u00ab\u00a0Les entreprises fran\u00e7aises ne doivent pas \u00eatre les victimes des errements budg\u00e9taires de l&rsquo;\u00c9tat\u00a0\u00bb, a d\u00e9fendu le rapporteur g\u00e9n\u00e9ral Les R\u00e9publicains Jean-Fran\u00e7ois Husson. Les s\u00e9nateurs ont par ailleurs limit\u00e9 aux \u00ab\u00a0biens somptuaires\u00a0\u00bb la taxe sur les holdings familiales.<\/p>\n<p>Dans le collimateur de Jean-Fran\u00e7ois Husson, figurait \u00e9galement la hausse de la fiscalit\u00e9 sur les biocarburants B100 et E85 ainsi que le remplacement de l\u2019abattement fiscal de 10% dont b\u00e9n\u00e9ficient les retrait\u00e9s sur leur pension. L\u00e0 o\u00f9 le gouvernement entendait le remplacer par un abattement forfaitaire de 2 000 euros, la commission s\u00e9natoriale a propos\u00e9 d&rsquo;en abaisser le plafond de 4 399 euros \u00e0 2 500 euros.<\/p>\n<p>Du c\u00f4t\u00e9 du budget de la S\u00e9curit\u00e9 sociale, qui passe sous les fourches caudines des s\u00e9nateurs depuis plusieurs jours, un amendement de la s\u00e9natrice Les R\u00e9publicains (LR) Corinne Imbert s&rsquo;opposant au plafonnement de la dur\u00e9e des arr\u00eats de travail a \u00e9t\u00e9 adopt\u00e9. Cette mesure, souhait\u00e9e par le gouvernement, \u00ab\u00a0mobiliserait plusieurs centaines de milliers d&rsquo;heures de consultation dans un contexte d&rsquo;acc\u00e8s aux soins d\u00e9j\u00e0 fragilis\u00e9\u00a0\u00bb, a-t-elle d\u00e9fendu, cit\u00e9e par l\u2019AFP. Les s\u00e9nateurs se sont par ailleurs oppos\u00e9s au renouvellement de ces arr\u00eats par t\u00e9l\u00e9m\u00e9decine.<\/p>\n<h3>Budget\u00a0: \u00ab moins d\u2019imp\u00f4ts et plus d\u2019\u00e9conomies \u00bb, d\u00e9fend Retailleau<\/h3>\n<p>Le patron des R\u00e9publicains Bruno Retailleau, qui a retrouv\u00e9 son si\u00e8ge de s\u00e9nateur depuis son d\u00e9part du gouvernement, avait promis lors d\u2019<a target=\"_blank\" href=\"https:\/\/www.leparisien.fr\/politique\/bruno-retailleau-ce-budget-cest-le-hold-up-du-siecle-22-11-2025-ZLQJE4X3DFEXHIYBFVP2PS4PYQ.php\">un entretien<\/a> \u00e0 la r\u00e9daction de <em>Le Parisien<\/em> publi\u00e9 le 22 novembre, de \u00ab\u00a0revenir sur les folies fiscales de LFI et du Rassemblement national\u00a0\u00bb.<\/p>\n<p>\u00ab\u00a0Avec plus de 30 milliards d\u2019euros d\u2019\u00e9conomies, le S\u00e9nat ira au-del\u00e0 de celles que comptait faire le gouvernement, alors qu\u2019on en est d\u00e9sormais \u00e0 un budget de 53 milliards d\u2019imp\u00f4ts suppl\u00e9mentaires\u00a0\u00bb, avait-il d\u00e9clar\u00e9 au quotidien. D\u00e9fendant \u00ab\u00a0une position raisonnable : moins d\u2019imp\u00f4ts et plus d\u2019\u00e9conomies\u00a0\u00bb, l\u2019ancien ministre de l\u2019Int\u00e9rieur avait \u00e9voqu\u00e9 le non-remplacement de tous les fonctionnaires partant \u00e0 la retraite, la r\u00e9duction \u00ab\u00a0drastique\u00a0\u00bb des cr\u00e9dits allou\u00e9s \u00e0 certaines agences ou encore la suppression de l\u2019AME.<\/p>\n<p>De son c\u00f4t\u00e9, en fin de matin\u00e9e, le Premier ministre S\u00e9bastien Lecornu \u2013 qui avait assur\u00e9 qu\u2019il ne recourrait pas \u00e0 l\u2019article 49 alin\u00e9a 3 de la constitution durant cet \u00e9pisode budg\u00e9taire \u2013, a n\u00e9anmoins mis un coup de pression sur les parlementaires. Brandissant un imp\u00e9ratif de \u00ab\u00a0clart\u00e9\u00a0\u00bb et de \u00ab\u00a0coh\u00e9rence\u00a0\u00bb, ainsi qu\u2019un imp\u00e9ratif d\u2019avancer sur cinq \u00ab\u00a0th\u00e9matiques prioritaires\u00a0\u00bb \u2013 dont particuli\u00e8rement la d\u00e9fense \u2013 le locataire de Matignon a annonc\u00e9 qu\u2019il \u00ab\u00a0saisir[ait] l\u2019Assembl\u00e9e nationale et le S\u00e9nat d\u2019un vote dans les tout prochains jours\u00a0\u00bb.<\/p>\n<\/div>\n<p><br \/>\n<br \/><a href=\"https:\/\/francais.rt.com\/france\/127679-budget-france-senat-enterine-remaniement\" target=\"_blank\"\">Source link <\/a><\/p>\n","protected":false},"excerpt":{"rendered":"<p>La commission des Finances du S\u00e9nat a commenc\u00e9 ce 24 novembre \u00e0 retoucher le projet de loi de finances pour 2026 en adoptant une s\u00e9rie d\u2019amendements, avec en toile de&hellip; <\/p>\n","protected":false},"author":1,"featured_media":19940,"comment_status":"open","ping_status":"open","sticky":false,"template":"","format":"standard","meta":{"footnotes":""},"categories":[1],"tags":[],"class_list":["post-19939","post","type-post","status-publish","format-standard","has-post-thumbnail","hentry","category-non-classe"],"_links":{"self":[{"href":"https:\/\/monde25.info\/index.php\/wp-json\/wp\/v2\/posts\/19939","targetHints":{"allow":["GET"]}}],"collection":[{"href":"https:\/\/monde25.info\/index.php\/wp-json\/wp\/v2\/posts"}],"about":[{"href":"https:\/\/monde25.info\/index.php\/wp-json\/wp\/v2\/types\/post"}],"author":[{"embeddable":true,"href":"https:\/\/monde25.info\/index.php\/wp-json\/wp\/v2\/users\/1"}],"replies":[{"embeddable":true,"href":"https:\/\/monde25.info\/index.php\/wp-json\/wp\/v2\/comments?post=19939"}],"version-history":[{"count":0,"href":"https:\/\/monde25.info\/index.php\/wp-json\/wp\/v2\/posts\/19939\/revisions"}],"wp:featuredmedia":[{"embeddable":true,"href":"https:\/\/monde25.info\/index.php\/wp-json\/wp\/v2\/media\/19940"}],"wp:attachment":[{"href":"https:\/\/monde25.info\/index.php\/wp-json\/wp\/v2\/media?parent=19939"}],"wp:term":[{"taxonomy":"category","embeddable":true,"href":"https:\/\/monde25.info\/index.php\/wp-json\/wp\/v2\/categories?post=19939"},{"taxonomy":"post_tag","embeddable":true,"href":"https:\/\/monde25.info\/index.php\/wp-json\/wp\/v2\/tags?post=19939"}],"curies":[{"name":"wp","href":"https:\/\/api.w.org\/{rel}","templated":true}]}}