{"id":19946,"date":"2025-11-25T03:24:34","date_gmt":"2025-11-25T02:24:34","guid":{"rendered":"https:\/\/monde25.info\/index.php\/2025\/11\/25\/linterview-choc-du-general-pellizzari-et-du-senateur-houpert-sur-les-derives-du-pouvoir-executif-et-le-contournement-du-parlement-bercoff-sur-le-vif\/"},"modified":"2025-11-25T03:24:34","modified_gmt":"2025-11-25T02:24:34","slug":"linterview-choc-du-general-pellizzari-et-du-senateur-houpert-sur-les-derives-du-pouvoir-executif-et-le-contournement-du-parlement-bercoff-sur-le-vif","status":"publish","type":"post","link":"https:\/\/monde25.info\/index.php\/2025\/11\/25\/linterview-choc-du-general-pellizzari-et-du-senateur-houpert-sur-les-derives-du-pouvoir-executif-et-le-contournement-du-parlement-bercoff-sur-le-vif\/","title":{"rendered":"L\u2019interview choc du g\u00e9n\u00e9ral Pellizzari et du s\u00e9nateur Houpert sur les d\u00e9rives du pouvoir ex\u00e9cutif et le contournement du Parlement &#8211; Bercoff sur le vif"},"content":{"rendered":"<p> <br \/>\n<\/p>\n<div>\n<p><strong>La Constitution en danger : un ancien g\u00e9n\u00e9ral et un s\u00e9nateur d\u00e9noncent la livraison ill\u00e9gale d\u2019armes \u00e0 l\u2019Ukraine<\/strong><\/p>\n<p>Dans un entretien accord\u00e9 \u00e0 Andr\u00e9 Bercoff, dans sa nouvelle \u00e9mission \u00ab Bercoff sur le vif\u00bb, le g\u00e9n\u00e9ral Paul Pellizzari et le s\u00e9nateur Alain Houpert (C\u00f4te-d\u2019Or) ont soulev\u00e9 des pr\u00e9occupations majeures concernant l\u2019engagement militaire de la France en Ukraine. Au c\u0153ur de la discussion se trouve une plainte p\u00e9nale d\u00e9pos\u00e9e contre de hauts responsables gouvernementaux pour la livraison ill\u00e9gale d&rsquo;armes, et la tentative du Parlement de reprendre ses droits face \u00e0 ce qu\u2019ils per\u00e7oivent comme un contournement des institutions.<\/p>\n<p><iframe loading=\"lazy\" title=\"Livraisons d\u2019armes ill\u00e9gales \u00e0 l\u2019Ukraine : un ancien G\u00e9n\u00e9ral saisit la justice ! - P. Pellizzari\" width=\"1110\" height=\"624\" src=\"https:\/\/www.youtube.com\/embed\/HKFdccc7E9k?feature=oembed\" frameborder=\"0\" allow=\"accelerometer; autoplay; clipboard-write; encrypted-media; gyroscope; picture-in-picture; web-share\" referrerpolicy=\"strict-origin-when-cross-origin\" allowfullscreen><\/iframe><\/p>\n<p>\u00a0<\/p>\n<h5><strong>La <\/strong><a target=\"_blank\" href=\"https:\/\/www.francesoir.fr\/videos-les-debriefings\/attal-lecornu-et-sejourne-vises-par-une-plainte-pour-avoir-livre-une\"><strong>plainte p\u00e9nale : alerter contre le d\u00e9sarmement national<\/strong><\/a><\/h5>\n<p>Le g\u00e9n\u00e9ral Paul Pellizzari, ancien fonctionnaire et citoyen, a d\u00e9pos\u00e9 une plainte p\u00e9nale devant la Cour de justice en avril 2024. Cette action visait trois figures politiques de premier plan : Gabriel Attal, alors Premier ministre, St\u00e9phane S\u00e9journ\u00e9, alors ministre des Affaires \u00e9trang\u00e8res, et S\u00e9bastien Lecornu, ministre de la D\u00e9fense de l\u2019\u00e9poque. L\u2019accusation est grave : <em>\u00ab livraison ill\u00e9gale d\u2019armes \u00e0 l\u2019Ukraine depuis 2022 \u00bb.<\/em><\/p>\n<p>Le g\u00e9n\u00e9ral Pellizzari a expliqu\u00e9 que son action \u00e9tait motiv\u00e9e par une \u00ab\u00a0<em>d\u00e9rive<\/em>\u00a0\u00bb observ\u00e9e depuis 2022. Ce qui a principalement retenu son attention est l\u2019importance des stocks transf\u00e9r\u00e9s, notamment le fait d\u2019envoyer <em>\u00ab le fleuron de notre artillerie l\u00e0-bas \u00bb,<\/em> en citant le canon C\u00e9sar. Il a soulign\u00e9 que cette distribution massive d\u2019\u00e9quipements divers, y compris les munitions et les syst\u00e8mes de rechange, diminuait <em>\u00ab la capacit\u00e9 op\u00e9rationnelle de l\u2019arm\u00e9e de terre d\u2019une mani\u00e8re incroyable \u00bb<\/em>.<\/p>\n<p>Agissant comme citoyen et ancien fonctionnaire, il a rappel\u00e9 l&rsquo;importance de l&rsquo;article\u00a040, qui l&rsquo;invite \u00e0 porter plainte contre tout acte d\u00e9lictueux observ\u00e9, dans <a target=\"_blank\" href=\"https:\/\/www.francesoir.fr\/videos-les-debriefings\/attal-lecornu-et-sejourne-vises-par-une-plainte-pour-avoir-livre-une\">une interview exclusive donn\u00e9e \u00e0 <em>France-Soir<\/em> en 2024<\/a>. Pour lui, cette mani\u00e8re de faire \u00e9tait <em>\u00ab absolument hors des cadres \u00bb<\/em> de la loi et de la R\u00e9publique.<\/p>\n<p><iframe loading=\"lazy\" title=\"Paul Pellizzari porte plainte contre les ministres Attal, Lecornu et S\u00e9journ\u00e9 - 30 avril 2024\" width=\"1110\" height=\"624\" src=\"https:\/\/www.youtube.com\/embed\/PhLYNchA_3w?feature=oembed\" frameborder=\"0\" allow=\"accelerometer; autoplay; clipboard-write; encrypted-media; gyroscope; picture-in-picture; web-share\" referrerpolicy=\"strict-origin-when-cross-origin\" allowfullscreen><\/iframe><\/p>\n<p><em>Interview exclusive \u00e0 France-Soir 30 avril 2024<\/em><\/p>\n<p>Cependant, sa plainte a re\u00e7u une <em>\u00ab fin de non-recevoir \u00bb<\/em>. On lui a signifi\u00e9 qu\u2019il n&rsquo;\u00e9tait <strong>\u00ab <\/strong><em>absolument pas concern\u00e9 par ces trucs-l\u00e0 \u00bb<\/em>. Le g\u00e9n\u00e9ral a r\u00e9torqu\u00e9 : <em>\u00ab je paye mes imp\u00f4ts&#8230; j\u2019estime \u00eatre concern\u00e9 \u00bb<\/em>. Face \u00e0 l&rsquo;absence de suite, <a target=\"_blank\" href=\"https:\/\/www.francesoir.fr\/politique-france\/stop-la-livraison-d-armes-illegales-l-ukraine-la-petition-du-general-pellizzari\">il a lanc\u00e9 une p\u00e9tition intitul\u00e9e<\/a><em>\u00ab Halte \u00e0 la livraison d\u2019armes \u00e0 l\u2019Ukraine \u00bb<\/em>, qui a recueilli 11 000 signatures. Un autre document, la r\u00e9solution constitutionnelle qui sera port\u00e9e par le S\u00e9nateur Houpert, a \u00e9t\u00e9 sign\u00e9 par beaucoup de militaires, dont<em> \u00ab deux g\u00e9n\u00e9raux de 5 \u00e9toiles \u00bb.<\/em> Au total, l\u2019initiative a rassembl\u00e9 <strong>33 000 signatures<\/strong>.<\/p>\n<h5>\u00a0<\/h5>\n<h5><strong>Sanction et b\u00e2illonnement<\/strong><\/h5>\n<p>Suite \u00e0 son recours pour exc\u00e8s de pouvoir, le G\u00e9n\u00e9ral Pellizzari a comparu devant le Conseil d\u2019\u00c9tat apr\u00e8s avoir \u00e9t\u00e9 <em>\u00ab radi\u00e9 par d\u00e9cret du 17 avril 2025 \u00bb<\/em>. Il a r\u00e9v\u00e9l\u00e9 que le motif invoqu\u00e9 \u00e9tait le non-respect de son devoir de r\u00e9serve en tant que g\u00e9n\u00e9ral de 2e section, une position qu\u2019il n\u2019occupait plus, \u00e9tant \u00e0 la retraite depuis l&rsquo;\u00e2ge de 68 ans.<\/p>\n<p>Le G\u00e9n\u00e9ral interpr\u00e8te cette radiation comme une tentative d\u2019humiliation et un message clair destin\u00e9 aux autres militaires et citoyens\u00a0: <em>\u00ab taisez-vous sinon vous allez perdre votre appellation \u00bb<\/em>. Le S\u00e9nateur Houpert a abond\u00e9 dans ce sens, d\u00e9crivant la radiation comme une <strong>\u00ab <\/strong><em><strong>tentative [de] b\u00e2illon [ner] celui le messager \u00bb<\/strong><\/em> et une incoh\u00e9rence par rapport aux discours tenus par d\u2019autres hauts grad\u00e9s.<\/p>\n<p><iframe loading=\"lazy\" title=\"Radiation d&#039;un g\u00e9n\u00e9ral, r\u00e9veil d&#039;une d\u00e9mocratie. Pellizzari, Houpert et Nikonoff front transpartisan\" width=\"1110\" height=\"624\" src=\"https:\/\/www.youtube.com\/embed\/29oud56-zZg?feature=oembed\" frameborder=\"0\" allow=\"accelerometer; autoplay; clipboard-write; encrypted-media; gyroscope; picture-in-picture; web-share\" referrerpolicy=\"strict-origin-when-cross-origin\" allowfullscreen><\/iframe><\/p>\n<p><em>Retrouvez la conf\u00e9rence de presse du g\u00e9n\u00e9ral Pellizzari, du s\u00e9nateur Alain Houpert, de Jacques Nikonoff et de Me Protat suite \u00e0 l\u2019audience au Conseil d&rsquo;\u00c9tat visant \u00e0 demander l\u2019annulation de la radiation du g\u00e9n\u00e9ral Pellizzari<\/em><\/p>\n<h5>\u00a0<\/h5>\n<h5><strong>Le s\u00e9nateur Houpert et <\/strong><a target=\"_blank\" href=\"https:\/\/www.francesoir.fr\/politique-france\/resolution-d-alain-houpert-sur-les-engagements-de-la-france-en-ukraine-une-reponse\"><strong>la r\u00e9solution 547<\/strong><\/a><\/h5>\n<p>Le S\u00e9nateur Alain Houpert, se tenant <em><strong>\u00ab aupr\u00e8s du plus faible \u00bb<\/strong>,<\/em> a officiellement d\u00e9pos\u00e9 au S\u00e9nat, <a target=\"_blank\" href=\"https:\/\/www.francesoir.fr\/politique-france\/resolution-d-alain-houpert-sur-les-engagements-de-la-france-en-ukraine-une-reponse\">le 24 avril dernier<\/a>, <a target=\"_blank\" href=\"https:\/\/www.francesoir.fr\/politique-france\/resolution-citoyenne-sur-l-ukraine-quand-le-peuple-reclame-de-faire-entendre-voix\">la r\u00e9solution citoyenne initi\u00e9e par le G\u00e9n\u00e9ral Pellizzari et des dizaines d\u2019autres militaires<\/a>.<\/p>\n<p>Le fondement de cette d\u00e9marche est purement constitutionnel. Le S\u00e9nateur a rappel\u00e9 que la Constitution, son \u00ab livre de chevet \u00bb, contient deux articles fondamentaux :<\/p>\n<ul>\n<li>L\u2019article 35 et l\u2019article 53 exigent que <strong>tout engagement de l\u2019\u00c9tat fran\u00e7ais<\/strong>, notamment dans des actions militaires ou de cession d\u2019armes, <em>\u00ab doit passer par l\u2019avis du parlement \u00bb<\/em>.<\/li>\n<li>Le S\u00e9nateur insiste : <em>\u00ab il doit passer par le parlement c\u2019est obligatoire bien s\u00fbr \u00bb.<\/em><\/li>\n<\/ul>\n<figure role=\"group\" class=\"caption caption-img align-center\">\n<a target=\"_blank\" href=\"https:\/\/www.francesoir.fr\/politique-france\/resolution-d-alain-houpert-sur-les-engagements-de-la-france-en-ukraine-une-reponse\"><img decoding=\"async\" alt=\"R\u00e9solution\" data-entity-type=\"file\" data-entity-uuid=\"659e66b1-5a66-42d6-9ca4-9674fe3a6c8d\" height=\"398\" width=\"707\" loading=\"lazy\" class=\"lazyload\" src=\"https:\/\/www.francesoir.fr\/sites\/default\/files\/inline-images\/image_753.png\"\/><\/a><figcaption><a target=\"_blank\" href=\"https:\/\/www.francesoir.fr\/politique-france\/resolution-d-alain-houpert-sur-les-engagements-de-la-france-en-ukraine-une-reponse\"><em>R\u00e9solution 547 d\u00e9pos\u00e9e par le s\u00e9nateur Houpert<\/em><\/a><\/figcaption><\/figure>\n<p>Pourtant, malgr\u00e9 l&rsquo;importance de ce droit parlementaire, Alain Houpert a fait face \u00e0 un silence assourdissant. Il a envoy\u00e9 une lettre recommand\u00e9e pour que la r\u00e9solution soit inscrite \u00e0 l\u2019ordre du jour, mais elle y est toujours pas. Il d\u00e9nonce un <em>\u00ab contournement de nos institutions et de la constitution \u00bb.<\/em>\u00a0<\/p>\n<blockquote>\n<p>Le s\u00e9nateur a d\u00e9plor\u00e9 son isolement, indiquant qu&rsquo;il est <em>\u00ab le seul \u00e0 dire \u00e7a \u00bb<\/em> et qu&rsquo;il n&rsquo;a <em>\u00ab aucun soutien sur cette demande de r\u00e9solution \u00bb<\/em> parmi les 900 parlementaires.<\/p>\n<\/blockquote>\n<p>\u00a0<\/p>\n<h5><strong>Le d\u00e9bat sur le Chef d\u2019\u00c9tat-Major des Arm\u00e9es (CEMA) et la peur<\/strong><\/h5>\n<p>L\u2019interview s&rsquo;est \u00e9largie pour analyser les r\u00e9centes d\u00e9clarations du G\u00e9n\u00e9ral Mondon, Chef d\u2019\u00c9tat-Major des Arm\u00e9es (CEMA), notamment celles faites au congr\u00e8s des maires en novembre, o\u00f9 il affirmait que la France \u00e9tait en risque si elle n&rsquo;\u00e9tait pas pr\u00eate <em>\u00ab \u00e0 accepter de perdre ses enfants \u00bb<\/em> et <em>\u00ab de souffrir \u00e9conomiquement \u00bb<\/em>.<\/p>\n<p>Plusieurs observateurs, dont d&rsquo;anciens officiers cit\u00e9s, ont conclu que ces propos avaient \u00e9t\u00e9 tenus <em>\u00ab sur ordre du pr\u00e9sident de la R\u00e9publique \u00bb<\/em>. Le G\u00e9n\u00e9ral Gomard, cit\u00e9, a affirm\u00e9 qu&rsquo;il accusait <em>\u00ab plus le pr\u00e9sident de la R\u00e9publique qui ne parle pas \u00bb<\/em> mais qui fait parler le CEMA, car <em>\u00ab l\u2019institution militaire est sans doute l\u2019institution dans laquelle les Fran\u00e7ais ont le plus confiance \u00bb<\/em>.<\/p>\n<p>Le g\u00e9n\u00e9ral Pellizzari a v\u00e9rifi\u00e9 les attributions officielles du CEMA, notant qu\u2019il est responsable de l&#8217;emploi des forces et conseiller militaire du gouvernement, mais qu&rsquo;il <em>\u00ab n\u2019est nulle part \u00e9crit&#8230; qu\u2019il est responsable de la communication du gouvernement \u00bb<\/em>. Il a jug\u00e9 que le SEMA, en d\u00e9signant directement la Russie <em>\u00ab comme ennemi \u00bb<\/em>, \u00e9tait sorti de son r\u00f4le militaire pour entrer dans un <em>\u00ab r\u00f4le politique \u00bb<\/em>, violant ainsi la n\u00e9cessaire neutralit\u00e9.<\/p>\n<p>Alain Houpert, rejoignant le sentiment que le CEMA \u00e9tait <em>\u00ab en service command\u00e9 de l\u2019\u00c9lys\u00e9e \u00bb<\/em>, a critiqu\u00e9 le fond du message. Il estime que le gouvernement <em><strong>\u00ab distille la peur \u00bb<\/strong><\/em> et que <em>\u00ab la peur \u00e7a paralyse et \u00e7a mobilise pas \u00bb<\/em>. Citant Spinoza, il a rappel\u00e9 que <em>\u00ab la peur est une passion triste \u00bb<\/em>, insistant sur l&rsquo;importance de la <em>\u00ab bienveillance \u00bb<\/em> envers les Fran\u00e7ais.<\/p>\n<p>\u00a0<\/p>\n<h5><strong>Incoh\u00e9rence et pr\u00e9paration \u00e0 la guerre<\/strong><\/h5>\n<p>Les deux hommes ont soulev\u00e9 l\u2019incoh\u00e9rence du discours mobilisateur actuel. D\u2019un c\u00f4t\u00e9, on parle d\u2019une menace russe imminente <em>\u00ab dans 3 ou 4 ans \u00bb<\/em> ; de l\u2019autre, le CEMA admet que la France <em>\u00ab n\u2019est pas pr\u00eate \u00bb<\/em>. Pellizzari a ironis\u00e9 :\u00a0<\/p>\n<blockquote>\n<p class=\"text-align-center\"><em>\u00ab Moi, je suis \u00e0 la place de monsieur Poutine je vais dire &lsquo;OK je vais en profiter&rsquo; \u00bb<\/em>.\u00a0<\/p>\n<\/blockquote>\n<p>Il voit cela comme le r\u00e9sultat de la <em>\u00ab promiscuit\u00e9 de cet homme [Mandon] avec monsieur Macron depuis 5 ans \u00bb<\/em>.<\/p>\n<p>Concernant la d\u00e9fense europ\u00e9enne, le g\u00e9n\u00e9ral Pellizzari l&rsquo;a qualifi\u00e9e de <em>\u00ab r\u00eave qu\u2019on n\u2019atteindra jamais \u00bb<\/em> et de <em>\u00ab leurre \u00bb<\/em>. Il a rappel\u00e9 que la France poss\u00e8de <em>\u00ab l\u2019arme atomique et la dissuasion \u00bb<\/em>, s&rsquo;interrogeant sur la raison pour laquelle Poutine attaquerait la France.<\/p>\n<p>La r\u00e9alit\u00e9 des capacit\u00e9s militaires fran\u00e7aises est pr\u00e9occupante. Le g\u00e9n\u00e9ral a estim\u00e9 que l&rsquo;arm\u00e9e fran\u00e7aise ne peut mettre \u00e0 disposition qu&rsquo;environ <em>\u00ab 20 000 personnes avec une rel\u00e8ve \u00bb<\/em>, ce qui n\u2019est \u00ab <em>pas lourd \u00bb<\/em> compar\u00e9 aux arm\u00e9es russes ou ukrainiennes. De plus, les stocks de munition sont extr\u00eamement faibles\u00a0: <em>\u00ab les stocks de munition, c\u2019est une semaine \u00bb<\/em>.<\/p>\n<p>Le s\u00e9nateur Houpert a \u00e9galement soulev\u00e9 une autre d\u00e9rive r\u00e9cente : la cr\u00e9ation par un d\u00e9cret du 1er novembre de ce qu\u2019il appelle des <em>\u00ab op\u00e9rateurs de r\u00e9f\u00e9rence \u00bb<\/em>, qui sont en r\u00e9alit\u00e9 des <em>\u00ab soci\u00e9t\u00e9s militaires priv\u00e9es \u00bb<\/em> avec <strong>habilitations secrets d\u00e9fense<\/strong>. Il a d\u00e9nonc\u00e9 \u00ab\u00a0On<em> a critiqu\u00e9 Wagner et on est en train de faire Wagner. \u00bb<\/em><\/p>\n<p>\u00a0<\/p>\n<h5><strong>L\u2019ab\u00eeme entre le r\u00e9el et le narratif<\/strong><\/h5>\n<p>En conclusion, l\u2019interview a mis en lumi\u00e8re un sentiment d&rsquo;absence de contre-pouvoir. Les deux invit\u00e9s ont d\u00e9nonc\u00e9 un <em>\u00ab d\u00e9tournement des institutions fran\u00e7aises \u00bb<\/em> et une <em>\u00ab manipulation de l\u2019information \u00bb<\/em>.<\/p>\n<p>Le s\u00e9nateur Houpert a insist\u00e9 sur le fait qu&rsquo;ils ne sont <em>\u00ab ni russophiles ni russophobes \u00bb<\/em> mais seulement Fran\u00e7ais. Il a critiqu\u00e9 l&rsquo;esprit moutonnier qui fait que <em>\u00ab quand vous \u00eates contre le gouvernement, vous \u00eates un complotiste \u00bb<\/em> ou un munichois lorsque vous souhaitez la paix. Il a martel\u00e9 que faire la paix est un d\u00e9bat, et <em>\u00ab c\u2019est un d\u00e9bat avec ses ennemis, pas avec ses amis \u00bb<\/em>.<\/p>\n<p>Le g\u00e9n\u00e9ral Pellizzari a exprim\u00e9 <strong>sa confiance absolue dans la force morale des soldats fran\u00e7ais <\/strong>pour d\u00e9fendre les fronti\u00e8res nationales, mais a temp\u00e9r\u00e9\u00a0: <em>\u00ab\u00a0Les meilleurs soldats du monde, s\u2019ils n\u2019ont pas d&rsquo;armes, s\u2019ils n\u2019ont pas de munitions, bah voil\u00e0 \u00bb<\/em>.<\/p>\n<p>Les deux hommes ont soulign\u00e9 l&rsquo;<em>\u00ab ab\u00eeme entre le r\u00e9el et un certain narratif \u00bb<\/em>. Ils restent n\u00e9anmoins d\u00e9termin\u00e9s, comme l\u2019a conclu le g\u00e9n\u00e9ral en citant le mar\u00e9chal Leclerc :\u00a0<\/p>\n<blockquote>\n<p class=\"text-align-center\"><em>\u00ab il n\u2019y a pas de cause d\u00e9sesp\u00e9r\u00e9e mais seulement des gens qui d\u00e9sesp\u00e8rent \u00bb<\/em>.<\/p>\n<\/blockquote>\n<\/div>\n<p><script>(function(d, s, id) {  var js, fjs = d.getElementsByTagName(s)[0];  if (d.getElementById(id)) return;  js = d.createElement(s); js.id = id;  js.src = \"\/\/connect.facebook.net\/fr_FR\/sdk.js#xfbml=1&version=v2.3\";  fjs.parentNode.insertBefore(js, fjs);}(document, \"script\", \"facebook-jssdk\"));<\/script><br \/>\n<br \/><br \/>\n<br \/><a href=\"https:\/\/www.francesoir.fr\/videos-videos-ne-pas-manquer-politique-france\/l-interview-choc-du-general-pellizzari-et-du-senateur\" target=\"_blank\"\">Source link <\/a><\/p>\n","protected":false},"excerpt":{"rendered":"<p>La Constitution en danger : un ancien g\u00e9n\u00e9ral et un s\u00e9nateur d\u00e9noncent la livraison ill\u00e9gale d\u2019armes \u00e0 l\u2019Ukraine Dans un entretien accord\u00e9 \u00e0 Andr\u00e9 Bercoff, dans sa nouvelle \u00e9mission \u00ab&hellip; <\/p>\n","protected":false},"author":1,"featured_media":19947,"comment_status":"open","ping_status":"open","sticky":false,"template":"","format":"standard","meta":{"footnotes":""},"categories":[1],"tags":[],"class_list":["post-19946","post","type-post","status-publish","format-standard","has-post-thumbnail","hentry","category-non-classe"],"_links":{"self":[{"href":"https:\/\/monde25.info\/index.php\/wp-json\/wp\/v2\/posts\/19946","targetHints":{"allow":["GET"]}}],"collection":[{"href":"https:\/\/monde25.info\/index.php\/wp-json\/wp\/v2\/posts"}],"about":[{"href":"https:\/\/monde25.info\/index.php\/wp-json\/wp\/v2\/types\/post"}],"author":[{"embeddable":true,"href":"https:\/\/monde25.info\/index.php\/wp-json\/wp\/v2\/users\/1"}],"replies":[{"embeddable":true,"href":"https:\/\/monde25.info\/index.php\/wp-json\/wp\/v2\/comments?post=19946"}],"version-history":[{"count":0,"href":"https:\/\/monde25.info\/index.php\/wp-json\/wp\/v2\/posts\/19946\/revisions"}],"wp:featuredmedia":[{"embeddable":true,"href":"https:\/\/monde25.info\/index.php\/wp-json\/wp\/v2\/media\/19947"}],"wp:attachment":[{"href":"https:\/\/monde25.info\/index.php\/wp-json\/wp\/v2\/media?parent=19946"}],"wp:term":[{"taxonomy":"category","embeddable":true,"href":"https:\/\/monde25.info\/index.php\/wp-json\/wp\/v2\/categories?post=19946"},{"taxonomy":"post_tag","embeddable":true,"href":"https:\/\/monde25.info\/index.php\/wp-json\/wp\/v2\/tags?post=19946"}],"curies":[{"name":"wp","href":"https:\/\/api.w.org\/{rel}","templated":true}]}}